{"id":5587,"date":"2017-05-16T13:23:23","date_gmt":"2017-05-16T16:23:23","guid":{"rendered":"http:\/\/www.polisrecreio.com.br\/site\/?p=5587"},"modified":"2017-05-16T14:17:33","modified_gmt":"2017-05-16T17:17:33","slug":"secretaria-de-educacao-de-recreio-busca-reativacao-do-proerd-nas-escolas","status":"publish","type":"post","link":"https:\/\/www.polisrecreio.com.br\/site\/2017\/05\/16\/secretaria-de-educacao-de-recreio-busca-reativacao-do-proerd-nas-escolas\/","title":{"rendered":"Secret\u00e1ria de Educa\u00e7\u00e3o de Recreio busca reativa\u00e7\u00e3o do PROERD nas escolas"},"content":{"rendered":"<p style=\"text-align: justify;\">A Secret\u00e1ria de Educa\u00e7\u00e3o de Recreio, Maria Jos\u00e9 Lacerda \u201cZez\u00e9\u201d, atendendo ao pedido do prefeito Z\u00e9 Maria Barros, enviou of\u00edcio ao comando da 6\u00aa Cia de Pol\u00edcia Militar Independente de Minas Gerais no qual solicita a reativa\u00e7\u00e3o do Programa Educacional de Resist\u00eancia \u00e0s Drogas \u201cPROERD\u201d, inexistente no Munic\u00edpio nos \u00faltimos quatro anos.<\/p>\n<p style=\"text-align: justify;\"><!--more--><\/p>\n<figure id=\"attachment_4317\" aria-describedby=\"caption-attachment-4317\" style=\"width: 750px\" class=\"wp-caption aligncenter\"><a href=\"http:\/\/www.polisrecreio.com.br\/site\/wp-content\/uploads\/2017\/02\/DSCN3974.jpg\"><img loading=\"lazy\" class=\"size-full wp-image-4317\" src=\"http:\/\/www.polisrecreio.com.br\/site\/wp-content\/uploads\/2017\/02\/DSCN3974.jpg\" alt=\"Maria Jos\u00e9 Lacerda &quot;Zez\u00e9, secret\u00e1ria de Educa\u00e7\u00e3o de Recreio.\" width=\"750\" height=\"548\" srcset=\"https:\/\/www.polisrecreio.com.br\/site\/wp-content\/uploads\/2017\/02\/DSCN3974.jpg 750w, https:\/\/www.polisrecreio.com.br\/site\/wp-content\/uploads\/2017\/02\/DSCN3974-300x219.jpg 300w\" sizes=\"(max-width: 750px) 100vw, 750px\" \/><\/a><figcaption id=\"caption-attachment-4317\" class=\"wp-caption-text\">Maria Jos\u00e9 Lacerda &#8220;Zez\u00e9, secret\u00e1ria de Educa\u00e7\u00e3o de Recreio.<\/figcaption><\/figure>\n<p style=\"text-align: justify;\">No of\u00edcio endere\u00e7ado ao tenente coronel, Jeovani do Carmo Ramos, a secret\u00e1ria Zez\u00e9 Lacerda solicita que o comando da 6\u00aa Cia da PM disponibilize para a municipalidade o Programa com objetivo de minimizar e\/ou erradicar o \u00edndice de viol\u00eancia nas escolas.<\/p>\n<p style=\"text-align: justify;\">O PROERD existia em Recreio durante o governo Fernando Coimbra (2005\/2012). Nos \u00faltimos quatro anos nenhum esfor\u00e7o foi feito para dar continuidade ao programa.<\/p>\n<p style=\"text-align: justify;\">Confira os objetivos da iniciativa:<\/p>\n<ul>\n<li style=\"text-align: justify;\">Desenvolver nos jovens estudantes habilidades que lhes permitam evitar influ\u00eancias negativas em quest\u00f5es afetas \u00e0s drogas e viol\u00eancia, promovendo os fatores de prote\u00e7\u00e3o.<\/li>\n<li style=\"text-align: justify;\">Estabelecer rela\u00e7\u00f5es positivas entre alunos e policiais militares, professores, pais, respons\u00e1veis legais e outros l\u00edderes da comunidade escolar.<\/li>\n<li style=\"text-align: justify;\">Permitir aos estudantes enxergarem os policiais militares como servidores, transcendendo a atividade de policiamento tradicional e estabelecendo um relacionamento fundamentado na confian\u00e7a e humaniza\u00e7\u00e3o.<\/li>\n<li style=\"text-align: justify;\">Estabelecer uma linha de comunica\u00e7\u00e3o entre a Pol\u00edcia Militar e os jovens estudantes.<\/li>\n<li style=\"text-align: justify;\">Abrir um di\u00e1logo permanente entre a &#8220;Escola, a Pol\u00edcia Militar e a Fam\u00edlia&#8221;, para discutir quest\u00f5es correlatas \u00e0 forma\u00e7\u00e3o cidad\u00e3 de crian\u00e7as e adolescentes.<\/li>\n<\/ul>\n<p style=\"text-align: justify;\">O of\u00edcio foi recebido no dia 11 de maio e o comando da PM est\u00e1 analisando a possibilidade de iniciar as atividades no segundo semestre.<\/p>\n<p style=\"text-align: justify;\"><a href=\"http:\/\/www.polisrecreio.com.br\/site\/wp-content\/uploads\/2017\/05\/Of\u00edcio-SMEC-PROERD.pdf\">Of\u00edcio SMEC- PROERD<\/a><\/p>\n","protected":false},"excerpt":{"rendered":"<p>A Secret\u00e1ria de Educa\u00e7\u00e3o de Recreio, Maria Jos\u00e9 Lacerda \u201cZez\u00e9\u201d, atendendo ao pedido do prefeito Z\u00e9 Maria Barros, enviou of\u00edcio ao comando da 6\u00aa Cia de Pol\u00edcia Militar Independente de Minas Gerais no qual solicita a reativa\u00e7\u00e3o do Programa Educacional de Resist\u00eancia \u00e0s Drogas \u201cPROERD\u201d, inexistente no Munic\u00edpio nos \u00faltimos quatro anos.<\/p>\n","protected":false},"author":3,"featured_media":4317,"comment_status":"open","ping_status":"open","sticky":false,"template":"","format":"standard","meta":[],"categories":[9],"tags":[],"yoast_head":"<!-- This site is optimized with the Yoast SEO plugin v15.6.2 - https:\/\/yoast.com\/wordpress\/plugins\/seo\/ -->\n<meta name=\"robots\" content=\"index, follow, max-snippet:-1, max-image-preview:large, max-video-preview:-1\" \/>\n<link rel=\"canonical\" href=\"https:\/\/www.polisrecreio.com.br\/site\/2017\/05\/16\/secretaria-de-educacao-de-recreio-busca-reativacao-do-proerd-nas-escolas\/\" \/>\n<meta property=\"og:locale\" content=\"pt_BR\" \/>\n<meta property=\"og:type\" content=\"article\" \/>\n<meta property=\"og:title\" content=\"Secret\u00e1ria de Educa\u00e7\u00e3o de Recreio busca reativa\u00e7\u00e3o do PROERD nas escolas - P\u00f3lis Recreio\" \/>\n<meta property=\"og:description\" content=\"A Secret\u00e1ria de Educa\u00e7\u00e3o de Recreio, Maria Jos\u00e9 Lacerda \u201cZez\u00e9\u201d, atendendo ao pedido do prefeito Z\u00e9 Maria Barros, enviou of\u00edcio ao comando da 6\u00aa Cia de Pol\u00edcia Militar Independente de Minas Gerais no qual solicita a reativa\u00e7\u00e3o do Programa Educacional de Resist\u00eancia \u00e0s Drogas \u201cPROERD\u201d, inexistente no Munic\u00edpio nos \u00faltimos quatro anos.\" \/>\n<meta property=\"og:url\" content=\"https:\/\/www.polisrecreio.com.br\/site\/2017\/05\/16\/secretaria-de-educacao-de-recreio-busca-reativacao-do-proerd-nas-escolas\/\" \/>\n<meta property=\"og:site_name\" content=\"P\u00f3lis Recreio\" \/>\n<meta property=\"article:publisher\" content=\"https:\/\/www.facebook.com\/Site-P%c3%b3lis-Recreio-MG-181941708571019\/\" \/>\n<meta property=\"article:published_time\" content=\"2017-05-16T16:23:23+00:00\" \/>\n<meta property=\"article:modified_time\" content=\"2017-05-16T17:17:33+00:00\" \/>\n<meta property=\"og:image\" content=\"https:\/\/www.polisrecreio.com.br\/site\/wp-content\/uploads\/2017\/02\/DSCN3974.jpg\" \/>\n\t<meta property=\"og:image:width\" content=\"750\" \/>\n\t<meta property=\"og:image:height\" content=\"548\" \/>\n<meta name=\"twitter:card\" content=\"summary_large_image\" \/>\n<meta name=\"twitter:creator\" content=\"@PolisRecreio\" \/>\n<meta name=\"twitter:site\" content=\"@PolisRecreio\" \/>\n<meta name=\"twitter:label1\" content=\"Est. reading time\">\n\t<meta name=\"twitter:data1\" content=\"1 minuto\">\n<script type=\"application\/ld+json\" class=\"yoast-schema-graph\">{\"@context\":\"https:\/\/schema.org\",\"@graph\":[{\"@type\":\"WebSite\",\"@id\":\"https:\/\/www.polisrecreio.com.br\/site\/#website\",\"url\":\"https:\/\/www.polisrecreio.com.br\/site\/\",\"name\":\"P\\u00f3lis Recreio\",\"description\":\"\",\"potentialAction\":[{\"@type\":\"SearchAction\",\"target\":\"https:\/\/www.polisrecreio.com.br\/site\/?s={search_term_string}\",\"query-input\":\"required name=search_term_string\"}],\"inLanguage\":\"pt-BR\"},{\"@type\":\"ImageObject\",\"@id\":\"https:\/\/www.polisrecreio.com.br\/site\/2017\/05\/16\/secretaria-de-educacao-de-recreio-busca-reativacao-do-proerd-nas-escolas\/#primaryimage\",\"inLanguage\":\"pt-BR\",\"url\":\"https:\/\/www.polisrecreio.com.br\/site\/wp-content\/uploads\/2017\/02\/DSCN3974.jpg\",\"width\":750,\"height\":548,\"caption\":\"Maria Jos\\u00e9 Lacerda \\\"Zez\\u00e9, secret\\u00e1ria de Educa\\u00e7\\u00e3o de Recreio.\"},{\"@type\":\"WebPage\",\"@id\":\"https:\/\/www.polisrecreio.com.br\/site\/2017\/05\/16\/secretaria-de-educacao-de-recreio-busca-reativacao-do-proerd-nas-escolas\/#webpage\",\"url\":\"https:\/\/www.polisrecreio.com.br\/site\/2017\/05\/16\/secretaria-de-educacao-de-recreio-busca-reativacao-do-proerd-nas-escolas\/\",\"name\":\"Secret\\u00e1ria de Educa\\u00e7\\u00e3o de Recreio busca reativa\\u00e7\\u00e3o do PROERD nas escolas - P\\u00f3lis Recreio\",\"isPartOf\":{\"@id\":\"https:\/\/www.polisrecreio.com.br\/site\/#website\"},\"primaryImageOfPage\":{\"@id\":\"https:\/\/www.polisrecreio.com.br\/site\/2017\/05\/16\/secretaria-de-educacao-de-recreio-busca-reativacao-do-proerd-nas-escolas\/#primaryimage\"},\"datePublished\":\"2017-05-16T16:23:23+00:00\",\"dateModified\":\"2017-05-16T17:17:33+00:00\",\"author\":{\"@id\":\"https:\/\/www.polisrecreio.com.br\/site\/#\/schema\/person\/3363c1c78e1e28e1329d97adb387638e\"},\"inLanguage\":\"pt-BR\",\"potentialAction\":[{\"@type\":\"ReadAction\",\"target\":[\"https:\/\/www.polisrecreio.com.br\/site\/2017\/05\/16\/secretaria-de-educacao-de-recreio-busca-reativacao-do-proerd-nas-escolas\/\"]}]},{\"@type\":\"Person\",\"@id\":\"https:\/\/www.polisrecreio.com.br\/site\/#\/schema\/person\/3363c1c78e1e28e1329d97adb387638e\",\"name\":\"Leonardo Ribeiro\",\"image\":{\"@type\":\"ImageObject\",\"@id\":\"https:\/\/www.polisrecreio.com.br\/site\/#personlogo\",\"inLanguage\":\"pt-BR\",\"url\":\"https:\/\/secure.gravatar.com\/avatar\/6ba92a37d621e1a83e23710251178a12?s=96&d=mm&r=g\",\"caption\":\"Leonardo Ribeiro\"},\"sameAs\":[\"http:\/\/www.polisrecreio.com.br\"]}]}<\/script>\n<!-- \/ Yoast SEO plugin. -->","_links":{"self":[{"href":"https:\/\/www.polisrecreio.com.br\/site\/wp-json\/wp\/v2\/posts\/5587"}],"collection":[{"href":"https:\/\/www.polisrecreio.com.br\/site\/wp-json\/wp\/v2\/posts"}],"about":[{"href":"https:\/\/www.polisrecreio.com.br\/site\/wp-json\/wp\/v2\/types\/post"}],"author":[{"embeddable":true,"href":"https:\/\/www.polisrecreio.com.br\/site\/wp-json\/wp\/v2\/users\/3"}],"replies":[{"embeddable":true,"href":"https:\/\/www.polisrecreio.com.br\/site\/wp-json\/wp\/v2\/comments?post=5587"}],"version-history":[{"count":4,"href":"https:\/\/www.polisrecreio.com.br\/site\/wp-json\/wp\/v2\/posts\/5587\/revisions"}],"predecessor-version":[{"id":5592,"href":"https:\/\/www.polisrecreio.com.br\/site\/wp-json\/wp\/v2\/posts\/5587\/revisions\/5592"}],"wp:featuredmedia":[{"embeddable":true,"href":"https:\/\/www.polisrecreio.com.br\/site\/wp-json\/wp\/v2\/media\/4317"}],"wp:attachment":[{"href":"https:\/\/www.polisrecreio.com.br\/site\/wp-json\/wp\/v2\/media?parent=5587"}],"wp:term":[{"taxonomy":"category","embeddable":true,"href":"https:\/\/www.polisrecreio.com.br\/site\/wp-json\/wp\/v2\/categories?post=5587"},{"taxonomy":"post_tag","embeddable":true,"href":"https:\/\/www.polisrecreio.com.br\/site\/wp-json\/wp\/v2\/tags?post=5587"}],"curies":[{"name":"wp","href":"https:\/\/api.w.org\/{rel}","templated":true}]}}