{"id":5658,"date":"2017-05-24T14:29:34","date_gmt":"2017-05-24T17:29:34","guid":{"rendered":"http:\/\/www.polisrecreio.com.br\/site\/?p=5658"},"modified":"2017-05-24T14:29:34","modified_gmt":"2017-05-24T17:29:34","slug":"em-recreio-moradores-da-area-rural-recebem-vacinacao-contra-a-gripe-em-casa","status":"publish","type":"post","link":"https:\/\/www.polisrecreio.com.br\/site\/2017\/05\/24\/em-recreio-moradores-da-area-rural-recebem-vacinacao-contra-a-gripe-em-casa\/","title":{"rendered":"Em Recreio, moradores da \u00e1rea rural recebem vacina\u00e7\u00e3o contra a gripe em casa"},"content":{"rendered":"<p style=\"text-align: justify;\">Em Recreio, os moradores da \u00e1rea rural est\u00e3o recebendo a equipe do programa Estrat\u00e9gia Sa\u00fade da Fam\u00edlia \u201cESF\u201d para vacina\u00e7\u00e3o contra a gripe em casa, \u00e9 a chamada \u201cbusca ativa\u201d. A campanha nacional encerra sexta-feira, dia 26.<\/p>\n<p style=\"text-align: justify;\"><!--more--><\/p>\n<figure id=\"attachment_5660\" aria-describedby=\"caption-attachment-5660\" style=\"width: 750px\" class=\"wp-caption aligncenter\"><a href=\"http:\/\/www.polisrecreio.com.br\/site\/wp-content\/uploads\/2017\/05\/27.jpg\"><img loading=\"lazy\" class=\"size-full wp-image-5660\" src=\"http:\/\/www.polisrecreio.com.br\/site\/wp-content\/uploads\/2017\/05\/27.jpg\" alt=\"Vacina\u00e7\u00e3o contra a gripe na \u00e1rea rural de Recreio.\" width=\"750\" height=\"530\" srcset=\"https:\/\/www.polisrecreio.com.br\/site\/wp-content\/uploads\/2017\/05\/27.jpg 750w, https:\/\/www.polisrecreio.com.br\/site\/wp-content\/uploads\/2017\/05\/27-300x212.jpg 300w\" sizes=\"(max-width: 750px) 100vw, 750px\" \/><\/a><figcaption id=\"caption-attachment-5660\" class=\"wp-caption-text\">Vacina\u00e7\u00e3o contra a gripe na \u00e1rea rural de Recreio.<\/figcaption><\/figure>\n<p style=\"text-align: justify;\">Gabriela Helena de Paula, secret\u00e1ria de Sa\u00fade do Munic\u00edpio, informou que \u201ca busca ativa na \u00e1rea rural tem como foco as pessoas idosas e moradores com dificuldades de locomo\u00e7\u00e3o. Al\u00e9m, claro, de tentar melhorar os n\u00fameros de pessoas atendidas pela campanha\u201d, concluiu.<\/p>\n<p style=\"text-align: justify;\">O Minist\u00e9rio da Sa\u00fade recomenda que 90% do grupo priorit\u00e1rio sejam imunizados. At\u00e9 o momento Recreio tem 70,91%, de um total de 2.712 pessoas.<\/p>\n<p style=\"text-align: justify;\">O p\u00fablico alvo da campanha s\u00e3o gestantes e m\u00e3es at\u00e9 45 dias ap\u00f3s o parto, crian\u00e7as a partir de 6 meses e menores de 5 anos, adultos com mais de 60 anos e professores da rede p\u00fablica e privada, al\u00e9m da popula\u00e7\u00e3o ind\u00edgena e trabalhadores da sa\u00fade.<\/p>\n<p style=\"text-align: justify;\">A vacina\u00e7\u00e3o encerra sexta-feira (26) \u00e0s 16h. Por enquanto n\u00e3o h\u00e1 informa\u00e7\u00f5es sobre a prorroga\u00e7\u00e3o.<\/p>\n<figure id=\"attachment_5661\" aria-describedby=\"caption-attachment-5661\" style=\"width: 750px\" class=\"wp-caption aligncenter\"><a href=\"http:\/\/www.polisrecreio.com.br\/site\/wp-content\/uploads\/2017\/05\/35.jpg\"><img loading=\"lazy\" class=\"size-full wp-image-5661\" src=\"http:\/\/www.polisrecreio.com.br\/site\/wp-content\/uploads\/2017\/05\/35.jpg\" alt=\"Equipe vacinando idoso.\" width=\"750\" height=\"526\" srcset=\"https:\/\/www.polisrecreio.com.br\/site\/wp-content\/uploads\/2017\/05\/35.jpg 750w, https:\/\/www.polisrecreio.com.br\/site\/wp-content\/uploads\/2017\/05\/35-300x210.jpg 300w\" sizes=\"(max-width: 750px) 100vw, 750px\" \/><\/a><figcaption id=\"caption-attachment-5661\" class=\"wp-caption-text\">Equipe vacinando idoso.<\/figcaption><\/figure>\n<figure id=\"attachment_5659\" aria-describedby=\"caption-attachment-5659\" style=\"width: 750px\" class=\"wp-caption aligncenter\"><a href=\"http:\/\/www.polisrecreio.com.br\/site\/wp-content\/uploads\/2017\/05\/19.jpg\"><img loading=\"lazy\" class=\"size-full wp-image-5659\" src=\"http:\/\/www.polisrecreio.com.br\/site\/wp-content\/uploads\/2017\/05\/19.jpg\" alt=\"Idoso recebendo vacina\u00e7\u00e3o.\" width=\"750\" height=\"521\" srcset=\"https:\/\/www.polisrecreio.com.br\/site\/wp-content\/uploads\/2017\/05\/19.jpg 750w, https:\/\/www.polisrecreio.com.br\/site\/wp-content\/uploads\/2017\/05\/19-300x208.jpg 300w\" sizes=\"(max-width: 750px) 100vw, 750px\" \/><\/a><figcaption id=\"caption-attachment-5659\" class=\"wp-caption-text\">Idoso recebendo vacina\u00e7\u00e3o.<\/figcaption><\/figure>\n","protected":false},"excerpt":{"rendered":"<p>Em Recreio, os moradores da \u00e1rea rural est\u00e3o recebendo a equipe do programa Estrat\u00e9gia Sa\u00fade da Fam\u00edlia \u201cESF\u201d para vacina\u00e7\u00e3o contra a gripe em casa, \u00e9 a chamada \u201cbusca ativa\u201d. A campanha nacional encerra sexta-feira, dia 26.<\/p>\n","protected":false},"author":3,"featured_media":5660,"comment_status":"open","ping_status":"open","sticky":false,"template":"","format":"standard","meta":[],"categories":[7],"tags":[],"yoast_head":"<!-- This site is optimized with the Yoast SEO plugin v15.6.2 - https:\/\/yoast.com\/wordpress\/plugins\/seo\/ -->\n<meta name=\"robots\" content=\"index, follow, max-snippet:-1, max-image-preview:large, max-video-preview:-1\" \/>\n<link rel=\"canonical\" href=\"http:\/\/www.polisrecreio.com.br\/site\/2017\/05\/24\/em-recreio-moradores-da-area-rural-recebem-vacinacao-contra-a-gripe-em-casa\/\" \/>\n<meta property=\"og:locale\" content=\"pt_BR\" \/>\n<meta property=\"og:type\" content=\"article\" \/>\n<meta property=\"og:title\" content=\"Em Recreio, moradores da \u00e1rea rural recebem vacina\u00e7\u00e3o contra a gripe em casa - P\u00f3lis Recreio\" \/>\n<meta property=\"og:description\" content=\"Em Recreio, os moradores da \u00e1rea rural est\u00e3o recebendo a equipe do programa Estrat\u00e9gia Sa\u00fade da Fam\u00edlia \u201cESF\u201d para vacina\u00e7\u00e3o contra a gripe em casa, \u00e9 a chamada \u201cbusca ativa\u201d. A campanha nacional encerra sexta-feira, dia 26.\" \/>\n<meta property=\"og:url\" content=\"http:\/\/www.polisrecreio.com.br\/site\/2017\/05\/24\/em-recreio-moradores-da-area-rural-recebem-vacinacao-contra-a-gripe-em-casa\/\" \/>\n<meta property=\"og:site_name\" content=\"P\u00f3lis Recreio\" \/>\n<meta property=\"article:publisher\" content=\"https:\/\/www.facebook.com\/Site-P%c3%b3lis-Recreio-MG-181941708571019\/\" \/>\n<meta property=\"article:published_time\" content=\"2017-05-24T17:29:34+00:00\" \/>\n<meta property=\"og:image\" content=\"https:\/\/www.polisrecreio.com.br\/site\/wp-content\/uploads\/2017\/05\/27.jpg\" \/>\n\t<meta property=\"og:image:width\" content=\"750\" \/>\n\t<meta property=\"og:image:height\" content=\"530\" \/>\n<meta name=\"twitter:card\" content=\"summary_large_image\" \/>\n<meta name=\"twitter:creator\" content=\"@PolisRecreio\" \/>\n<meta name=\"twitter:site\" content=\"@PolisRecreio\" \/>\n<meta name=\"twitter:label1\" content=\"Est. reading time\">\n\t<meta name=\"twitter:data1\" content=\"1 minuto\">\n<script type=\"application\/ld+json\" class=\"yoast-schema-graph\">{\"@context\":\"https:\/\/schema.org\",\"@graph\":[{\"@type\":\"WebSite\",\"@id\":\"https:\/\/www.polisrecreio.com.br\/site\/#website\",\"url\":\"https:\/\/www.polisrecreio.com.br\/site\/\",\"name\":\"P\\u00f3lis Recreio\",\"description\":\"\",\"potentialAction\":[{\"@type\":\"SearchAction\",\"target\":\"https:\/\/www.polisrecreio.com.br\/site\/?s={search_term_string}\",\"query-input\":\"required name=search_term_string\"}],\"inLanguage\":\"pt-BR\"},{\"@type\":\"ImageObject\",\"@id\":\"http:\/\/www.polisrecreio.com.br\/site\/2017\/05\/24\/em-recreio-moradores-da-area-rural-recebem-vacinacao-contra-a-gripe-em-casa\/#primaryimage\",\"inLanguage\":\"pt-BR\",\"url\":\"https:\/\/www.polisrecreio.com.br\/site\/wp-content\/uploads\/2017\/05\/27.jpg\",\"width\":750,\"height\":530,\"caption\":\"Vacina\\u00e7\\u00e3o contra a gripe na \\u00e1rea rural de Recreio.\"},{\"@type\":\"WebPage\",\"@id\":\"http:\/\/www.polisrecreio.com.br\/site\/2017\/05\/24\/em-recreio-moradores-da-area-rural-recebem-vacinacao-contra-a-gripe-em-casa\/#webpage\",\"url\":\"http:\/\/www.polisrecreio.com.br\/site\/2017\/05\/24\/em-recreio-moradores-da-area-rural-recebem-vacinacao-contra-a-gripe-em-casa\/\",\"name\":\"Em Recreio, moradores da \\u00e1rea rural recebem vacina\\u00e7\\u00e3o contra a gripe em casa - P\\u00f3lis Recreio\",\"isPartOf\":{\"@id\":\"https:\/\/www.polisrecreio.com.br\/site\/#website\"},\"primaryImageOfPage\":{\"@id\":\"http:\/\/www.polisrecreio.com.br\/site\/2017\/05\/24\/em-recreio-moradores-da-area-rural-recebem-vacinacao-contra-a-gripe-em-casa\/#primaryimage\"},\"datePublished\":\"2017-05-24T17:29:34+00:00\",\"dateModified\":\"2017-05-24T17:29:34+00:00\",\"author\":{\"@id\":\"https:\/\/www.polisrecreio.com.br\/site\/#\/schema\/person\/3363c1c78e1e28e1329d97adb387638e\"},\"inLanguage\":\"pt-BR\",\"potentialAction\":[{\"@type\":\"ReadAction\",\"target\":[\"http:\/\/www.polisrecreio.com.br\/site\/2017\/05\/24\/em-recreio-moradores-da-area-rural-recebem-vacinacao-contra-a-gripe-em-casa\/\"]}]},{\"@type\":\"Person\",\"@id\":\"https:\/\/www.polisrecreio.com.br\/site\/#\/schema\/person\/3363c1c78e1e28e1329d97adb387638e\",\"name\":\"Leonardo Ribeiro\",\"image\":{\"@type\":\"ImageObject\",\"@id\":\"https:\/\/www.polisrecreio.com.br\/site\/#personlogo\",\"inLanguage\":\"pt-BR\",\"url\":\"https:\/\/secure.gravatar.com\/avatar\/6ba92a37d621e1a83e23710251178a12?s=96&d=mm&r=g\",\"caption\":\"Leonardo Ribeiro\"},\"sameAs\":[\"http:\/\/www.polisrecreio.com.br\"]}]}<\/script>\n<!-- \/ Yoast SEO plugin. -->","_links":{"self":[{"href":"https:\/\/www.polisrecreio.com.br\/site\/wp-json\/wp\/v2\/posts\/5658"}],"collection":[{"href":"https:\/\/www.polisrecreio.com.br\/site\/wp-json\/wp\/v2\/posts"}],"about":[{"href":"https:\/\/www.polisrecreio.com.br\/site\/wp-json\/wp\/v2\/types\/post"}],"author":[{"embeddable":true,"href":"https:\/\/www.polisrecreio.com.br\/site\/wp-json\/wp\/v2\/users\/3"}],"replies":[{"embeddable":true,"href":"https:\/\/www.polisrecreio.com.br\/site\/wp-json\/wp\/v2\/comments?post=5658"}],"version-history":[{"count":1,"href":"https:\/\/www.polisrecreio.com.br\/site\/wp-json\/wp\/v2\/posts\/5658\/revisions"}],"predecessor-version":[{"id":5662,"href":"https:\/\/www.polisrecreio.com.br\/site\/wp-json\/wp\/v2\/posts\/5658\/revisions\/5662"}],"wp:featuredmedia":[{"embeddable":true,"href":"https:\/\/www.polisrecreio.com.br\/site\/wp-json\/wp\/v2\/media\/5660"}],"wp:attachment":[{"href":"https:\/\/www.polisrecreio.com.br\/site\/wp-json\/wp\/v2\/media?parent=5658"}],"wp:term":[{"taxonomy":"category","embeddable":true,"href":"https:\/\/www.polisrecreio.com.br\/site\/wp-json\/wp\/v2\/categories?post=5658"},{"taxonomy":"post_tag","embeddable":true,"href":"https:\/\/www.polisrecreio.com.br\/site\/wp-json\/wp\/v2\/tags?post=5658"}],"curies":[{"name":"wp","href":"https:\/\/api.w.org\/{rel}","templated":true}]}}