{"id":5681,"date":"2017-05-27T16:20:37","date_gmt":"2017-05-27T19:20:37","guid":{"rendered":"http:\/\/www.polisrecreio.com.br\/site\/?p=5681"},"modified":"2017-05-27T16:27:45","modified_gmt":"2017-05-27T19:27:45","slug":"prefeito-de-recreio-inaugura-academia-ao-ar-livre-no-alto-do-asilo","status":"publish","type":"post","link":"https:\/\/www.polisrecreio.com.br\/site\/2017\/05\/27\/prefeito-de-recreio-inaugura-academia-ao-ar-livre-no-alto-do-asilo\/","title":{"rendered":"Prefeito de Recreio inaugura Academia ao Ar Livre no Alto do Asilo"},"content":{"rendered":"<p style=\"text-align: justify;\">Neste s\u00e1bado (27) o prefeito de Recreio, Z\u00e9 Maria Barros, inaugurou a Academia ao Ar Livre do bairro Alto do Asilo, denominada de Itamar Jos\u00e9 Gon\u00e7alves. O investimento foi realizado por meio de parceria entre a Prefeitura Municipal e o Governo do Estado.<\/p>\n<p style=\"text-align: justify;\"><!--more--><\/p>\n<figure id=\"attachment_5682\" aria-describedby=\"caption-attachment-5682\" style=\"width: 750px\" class=\"wp-caption aligncenter\"><a href=\"http:\/\/www.polisrecreio.com.br\/site\/wp-content\/uploads\/2017\/05\/10.jpg\"><img loading=\"lazy\" class=\"size-full wp-image-5682\" src=\"http:\/\/www.polisrecreio.com.br\/site\/wp-content\/uploads\/2017\/05\/10.jpg\" alt=\"Prefeito e vice-prefeito de Recreio na Academia ao Ar Livre.\" width=\"750\" height=\"563\" srcset=\"https:\/\/www.polisrecreio.com.br\/site\/wp-content\/uploads\/2017\/05\/10.jpg 750w, https:\/\/www.polisrecreio.com.br\/site\/wp-content\/uploads\/2017\/05\/10-300x225.jpg 300w\" sizes=\"(max-width: 750px) 100vw, 750px\" \/><\/a><figcaption id=\"caption-attachment-5682\" class=\"wp-caption-text\">Prefeito e vice-prefeito de Recreio na Academia ao Ar Livre.<\/figcaption><\/figure>\n<p style=\"text-align: justify;\">Durante o seu pronunciamento Z\u00e9 Maria Barros lembrou que esta foi a segunda obra entregue em menos de seis meses de administra\u00e7\u00e3o municipal. O gestor destacou a import\u00e2ncia dos deputados que tem apoiado o Munic\u00edpio e informou que a cidade est\u00e1 vivendo um novo momento gra\u00e7as ao empenho da sua equipe administrativa.<\/p>\n<p style=\"text-align: justify;\">A pra\u00e7a esportiva com aparelhos que ser\u00e3o disponibilizados para a pr\u00e1tica esportiva na comunidade foi instalada na \u00e1rea do Gin\u00e1sio Poliesportivo Rob\u00e9ro Ricardo de S\u00e1 recentemente reformado. O objetivo da Academia \u00e9 proporcionar, al\u00e9m de exerc\u00edcios f\u00edsicos, um espa\u00e7o de lazer e intera\u00e7\u00e3o social. O conjunto de equipamentos \u00e9 formado por simuladores de caminhada, esqui e cavalgada, al\u00e9m de bancos para pernas e bra\u00e7os.<\/p>\n<p style=\"text-align: justify;\">Participaram tamb\u00e9m da solenidade o vice-prefeito, Jo\u00e3o D\u00f3lar; o presidente da C\u00e2mara Municipal e autor do projeto de lei de denomina\u00e7\u00e3o da Academia ao Ar Livre, Paulinho Pintor; a vice-presidente da C\u00e2mara Municipal e autora da indica\u00e7\u00e3o da obra, Leninha; o presidente da Associa\u00e7\u00e3o do Alto do Asilo, Jos\u00e9 Eduardo; e o deputado estadual e intermediador junto ao Governo de Minas da obra, Lafayette Andrada.<\/p>\n<figure id=\"attachment_5683\" aria-describedby=\"caption-attachment-5683\" style=\"width: 750px\" class=\"wp-caption aligncenter\"><a href=\"http:\/\/www.polisrecreio.com.br\/site\/wp-content\/uploads\/2017\/05\/111.jpg\"><img loading=\"lazy\" class=\"wp-image-5683 size-full\" src=\"http:\/\/www.polisrecreio.com.br\/site\/wp-content\/uploads\/2017\/05\/111.jpg\" alt=\"1\" width=\"750\" height=\"563\" srcset=\"https:\/\/www.polisrecreio.com.br\/site\/wp-content\/uploads\/2017\/05\/111.jpg 750w, https:\/\/www.polisrecreio.com.br\/site\/wp-content\/uploads\/2017\/05\/111-300x225.jpg 300w\" sizes=\"(max-width: 750px) 100vw, 750px\" \/><\/a><figcaption id=\"caption-attachment-5683\" class=\"wp-caption-text\">Pronunciamento do presidente de Bairro, Jos\u00e9 Eduardo.<\/figcaption><\/figure>\n<figure id=\"attachment_5684\" aria-describedby=\"caption-attachment-5684\" style=\"width: 750px\" class=\"wp-caption aligncenter\"><a href=\"http:\/\/www.polisrecreio.com.br\/site\/wp-content\/uploads\/2017\/05\/29.jpg\"><img loading=\"lazy\" class=\"size-full wp-image-5684\" src=\"http:\/\/www.polisrecreio.com.br\/site\/wp-content\/uploads\/2017\/05\/29.jpg\" alt=\"Pronunciamento da vice-presidente da C\u00e2mara, Leninha.\" width=\"750\" height=\"563\" srcset=\"https:\/\/www.polisrecreio.com.br\/site\/wp-content\/uploads\/2017\/05\/29.jpg 750w, https:\/\/www.polisrecreio.com.br\/site\/wp-content\/uploads\/2017\/05\/29-300x225.jpg 300w\" sizes=\"(max-width: 750px) 100vw, 750px\" \/><\/a><figcaption id=\"caption-attachment-5684\" class=\"wp-caption-text\">Pronunciamento da vice-presidente da C\u00e2mara, Leninha.<\/figcaption><\/figure>\n<figure id=\"attachment_5685\" aria-describedby=\"caption-attachment-5685\" style=\"width: 750px\" class=\"wp-caption aligncenter\"><a href=\"http:\/\/www.polisrecreio.com.br\/site\/wp-content\/uploads\/2017\/05\/36.jpg\"><img loading=\"lazy\" class=\"size-full wp-image-5685\" src=\"http:\/\/www.polisrecreio.com.br\/site\/wp-content\/uploads\/2017\/05\/36.jpg\" alt=\"Pronunciamento do presidente da C\u00e2mara, Paulinho Pintor.\" width=\"750\" height=\"563\" srcset=\"https:\/\/www.polisrecreio.com.br\/site\/wp-content\/uploads\/2017\/05\/36.jpg 750w, https:\/\/www.polisrecreio.com.br\/site\/wp-content\/uploads\/2017\/05\/36-300x225.jpg 300w\" sizes=\"(max-width: 750px) 100vw, 750px\" \/><\/a><figcaption id=\"caption-attachment-5685\" class=\"wp-caption-text\">Pronunciamento do presidente da C\u00e2mara, Paulinho Pintor.<\/figcaption><\/figure>\n<figure id=\"attachment_5686\" aria-describedby=\"caption-attachment-5686\" style=\"width: 750px\" class=\"wp-caption aligncenter\"><a href=\"http:\/\/www.polisrecreio.com.br\/site\/wp-content\/uploads\/2017\/05\/43.jpg\"><img loading=\"lazy\" class=\"size-full wp-image-5686\" src=\"http:\/\/www.polisrecreio.com.br\/site\/wp-content\/uploads\/2017\/05\/43.jpg\" alt=\"Pronunciamento do deputado estadual Lafayette Andrada.\" width=\"750\" height=\"563\" srcset=\"https:\/\/www.polisrecreio.com.br\/site\/wp-content\/uploads\/2017\/05\/43.jpg 750w, https:\/\/www.polisrecreio.com.br\/site\/wp-content\/uploads\/2017\/05\/43-300x225.jpg 300w\" sizes=\"(max-width: 750px) 100vw, 750px\" \/><\/a><figcaption id=\"caption-attachment-5686\" class=\"wp-caption-text\">Pronunciamento do deputado estadual Lafayette Andrada.<\/figcaption><\/figure>\n<figure id=\"attachment_5687\" aria-describedby=\"caption-attachment-5687\" style=\"width: 750px\" class=\"wp-caption aligncenter\"><a href=\"http:\/\/www.polisrecreio.com.br\/site\/wp-content\/uploads\/2017\/05\/53.jpg\"><img loading=\"lazy\" class=\"size-full wp-image-5687\" src=\"http:\/\/www.polisrecreio.com.br\/site\/wp-content\/uploads\/2017\/05\/53.jpg\" alt=\"Pronunciamento do prefeito Z\u00e9 Maria Barros.\" width=\"750\" height=\"563\" srcset=\"https:\/\/www.polisrecreio.com.br\/site\/wp-content\/uploads\/2017\/05\/53.jpg 750w, https:\/\/www.polisrecreio.com.br\/site\/wp-content\/uploads\/2017\/05\/53-300x225.jpg 300w\" sizes=\"(max-width: 750px) 100vw, 750px\" \/><\/a><figcaption id=\"caption-attachment-5687\" class=\"wp-caption-text\">Pronunciamento do prefeito Z\u00e9 Maria Barros.<\/figcaption><\/figure>\n<figure id=\"attachment_5688\" aria-describedby=\"caption-attachment-5688\" style=\"width: 750px\" class=\"wp-caption aligncenter\"><a href=\"http:\/\/www.polisrecreio.com.br\/site\/wp-content\/uploads\/2017\/05\/61.jpg\"><img loading=\"lazy\" class=\"size-full wp-image-5688\" src=\"http:\/\/www.polisrecreio.com.br\/site\/wp-content\/uploads\/2017\/05\/61.jpg\" alt=\"Abertura da Academia ao Ar Livre.\" width=\"750\" height=\"563\" srcset=\"https:\/\/www.polisrecreio.com.br\/site\/wp-content\/uploads\/2017\/05\/61.jpg 750w, https:\/\/www.polisrecreio.com.br\/site\/wp-content\/uploads\/2017\/05\/61-300x225.jpg 300w\" sizes=\"(max-width: 750px) 100vw, 750px\" \/><\/a><figcaption id=\"caption-attachment-5688\" class=\"wp-caption-text\">Abertura da Academia ao Ar Livre.<\/figcaption><\/figure>\n<figure id=\"attachment_5689\" aria-describedby=\"caption-attachment-5689\" style=\"width: 750px\" class=\"wp-caption aligncenter\"><a href=\"http:\/\/www.polisrecreio.com.br\/site\/wp-content\/uploads\/2017\/05\/71.jpg\"><img loading=\"lazy\" class=\"size-full wp-image-5689\" src=\"http:\/\/www.polisrecreio.com.br\/site\/wp-content\/uploads\/2017\/05\/71.jpg\" alt=\"Autoridades no momento da abertura da Academia ao Ar Livre.\" width=\"750\" height=\"563\" srcset=\"https:\/\/www.polisrecreio.com.br\/site\/wp-content\/uploads\/2017\/05\/71.jpg 750w, https:\/\/www.polisrecreio.com.br\/site\/wp-content\/uploads\/2017\/05\/71-300x225.jpg 300w\" sizes=\"(max-width: 750px) 100vw, 750px\" \/><\/a><figcaption id=\"caption-attachment-5689\" class=\"wp-caption-text\">Autoridades no momento da abertura da Academia ao Ar Livre.<\/figcaption><\/figure>\n<figure id=\"attachment_5690\" aria-describedby=\"caption-attachment-5690\" style=\"width: 750px\" class=\"wp-caption aligncenter\"><a href=\"http:\/\/www.polisrecreio.com.br\/site\/wp-content\/uploads\/2017\/05\/8.jpg\"><img loading=\"lazy\" class=\"size-full wp-image-5690\" src=\"http:\/\/www.polisrecreio.com.br\/site\/wp-content\/uploads\/2017\/05\/8.jpg\" alt=\"Descerramento da placa de inaugura\u00e7\u00e3o.\" width=\"750\" height=\"563\" srcset=\"https:\/\/www.polisrecreio.com.br\/site\/wp-content\/uploads\/2017\/05\/8.jpg 750w, https:\/\/www.polisrecreio.com.br\/site\/wp-content\/uploads\/2017\/05\/8-300x225.jpg 300w\" sizes=\"(max-width: 750px) 100vw, 750px\" \/><\/a><figcaption id=\"caption-attachment-5690\" class=\"wp-caption-text\">Descerramento da placa de inaugura\u00e7\u00e3o.<\/figcaption><\/figure>\n<figure id=\"attachment_5691\" aria-describedby=\"caption-attachment-5691\" style=\"width: 750px\" class=\"wp-caption aligncenter\"><a href=\"http:\/\/www.polisrecreio.com.br\/site\/wp-content\/uploads\/2017\/05\/9.jpg\"><img loading=\"lazy\" class=\"size-full wp-image-5691\" src=\"http:\/\/www.polisrecreio.com.br\/site\/wp-content\/uploads\/2017\/05\/9.jpg\" alt=\"Autoridades e a placa.\" width=\"750\" height=\"563\" srcset=\"https:\/\/www.polisrecreio.com.br\/site\/wp-content\/uploads\/2017\/05\/9.jpg 750w, https:\/\/www.polisrecreio.com.br\/site\/wp-content\/uploads\/2017\/05\/9-300x225.jpg 300w\" sizes=\"(max-width: 750px) 100vw, 750px\" \/><\/a><figcaption id=\"caption-attachment-5691\" class=\"wp-caption-text\">Autoridades e a placa.<\/figcaption><\/figure>\n<figure id=\"attachment_5697\" aria-describedby=\"caption-attachment-5697\" style=\"width: 750px\" class=\"wp-caption aligncenter\"><a href=\"http:\/\/www.polisrecreio.com.br\/site\/wp-content\/uploads\/2017\/05\/161.jpg\"><img loading=\"lazy\" class=\"size-full wp-image-5697\" src=\"http:\/\/www.polisrecreio.com.br\/site\/wp-content\/uploads\/2017\/05\/161.jpg\" alt=\"Placa sendo lida pelo mestre de cerim\u00f4nia, Pierre de Souza.\" width=\"750\" height=\"563\" srcset=\"https:\/\/www.polisrecreio.com.br\/site\/wp-content\/uploads\/2017\/05\/161.jpg 750w, https:\/\/www.polisrecreio.com.br\/site\/wp-content\/uploads\/2017\/05\/161-300x225.jpg 300w\" sizes=\"(max-width: 750px) 100vw, 750px\" \/><\/a><figcaption id=\"caption-attachment-5697\" class=\"wp-caption-text\">Placa sendo lida pelo mestre de cerim\u00f4nia, Pierre de Souza.<\/figcaption><\/figure>\n<figure id=\"attachment_5692\" aria-describedby=\"caption-attachment-5692\" style=\"width: 750px\" class=\"wp-caption aligncenter\"><a href=\"http:\/\/www.polisrecreio.com.br\/site\/wp-content\/uploads\/2017\/05\/112.jpg\"><img loading=\"lazy\" class=\"size-full wp-image-5692\" src=\"http:\/\/www.polisrecreio.com.br\/site\/wp-content\/uploads\/2017\/05\/112.jpg\" alt=\"Vereadores e demais presentes.\" width=\"750\" height=\"563\" srcset=\"https:\/\/www.polisrecreio.com.br\/site\/wp-content\/uploads\/2017\/05\/112.jpg 750w, https:\/\/www.polisrecreio.com.br\/site\/wp-content\/uploads\/2017\/05\/112-300x225.jpg 300w\" sizes=\"(max-width: 750px) 100vw, 750px\" \/><\/a><figcaption id=\"caption-attachment-5692\" class=\"wp-caption-text\">Vereadores e demais presentes.<\/figcaption><\/figure>\n<figure id=\"attachment_5693\" aria-describedby=\"caption-attachment-5693\" style=\"width: 750px\" class=\"wp-caption aligncenter\"><a href=\"http:\/\/www.polisrecreio.com.br\/site\/wp-content\/uploads\/2017\/05\/121.jpg\"><img loading=\"lazy\" class=\"size-full wp-image-5693\" src=\"http:\/\/www.polisrecreio.com.br\/site\/wp-content\/uploads\/2017\/05\/121.jpg\" alt=\"Secret\u00e1rio e demais presentes.\" width=\"750\" height=\"563\" srcset=\"https:\/\/www.polisrecreio.com.br\/site\/wp-content\/uploads\/2017\/05\/121.jpg 750w, https:\/\/www.polisrecreio.com.br\/site\/wp-content\/uploads\/2017\/05\/121-300x225.jpg 300w\" sizes=\"(max-width: 750px) 100vw, 750px\" \/><\/a><figcaption id=\"caption-attachment-5693\" class=\"wp-caption-text\">Secret\u00e1rio e demais presentes.<\/figcaption><\/figure>\n<figure id=\"attachment_5695\" aria-describedby=\"caption-attachment-5695\" style=\"width: 750px\" class=\"wp-caption aligncenter\"><a href=\"http:\/\/www.polisrecreio.com.br\/site\/wp-content\/uploads\/2017\/05\/141.jpg\"><img loading=\"lazy\" class=\"size-full wp-image-5695\" src=\"http:\/\/www.polisrecreio.com.br\/site\/wp-content\/uploads\/2017\/05\/141.jpg\" alt=\"P\u00fablico presente.\" width=\"750\" height=\"563\" srcset=\"https:\/\/www.polisrecreio.com.br\/site\/wp-content\/uploads\/2017\/05\/141.jpg 750w, https:\/\/www.polisrecreio.com.br\/site\/wp-content\/uploads\/2017\/05\/141-300x225.jpg 300w\" sizes=\"(max-width: 750px) 100vw, 750px\" \/><\/a><figcaption id=\"caption-attachment-5695\" class=\"wp-caption-text\">P\u00fablico presente.<\/figcaption><\/figure>\n<figure id=\"attachment_5696\" aria-describedby=\"caption-attachment-5696\" style=\"width: 750px\" class=\"wp-caption aligncenter\"><a href=\"http:\/\/www.polisrecreio.com.br\/site\/wp-content\/uploads\/2017\/05\/151.jpg\"><img loading=\"lazy\" class=\"size-full wp-image-5696\" src=\"http:\/\/www.polisrecreio.com.br\/site\/wp-content\/uploads\/2017\/05\/151.jpg\" alt=\"P\u00fablico presente.\" width=\"750\" height=\"563\" srcset=\"https:\/\/www.polisrecreio.com.br\/site\/wp-content\/uploads\/2017\/05\/151.jpg 750w, https:\/\/www.polisrecreio.com.br\/site\/wp-content\/uploads\/2017\/05\/151-300x225.jpg 300w\" sizes=\"(max-width: 750px) 100vw, 750px\" \/><\/a><figcaption id=\"caption-attachment-5696\" class=\"wp-caption-text\">P\u00fablico presente.<\/figcaption><\/figure>\n<figure id=\"attachment_5694\" aria-describedby=\"caption-attachment-5694\" style=\"width: 750px\" class=\"wp-caption aligncenter\"><a href=\"http:\/\/www.polisrecreio.com.br\/site\/wp-content\/uploads\/2017\/05\/131.jpg\"><img loading=\"lazy\" class=\"size-full wp-image-5694\" src=\"http:\/\/www.polisrecreio.com.br\/site\/wp-content\/uploads\/2017\/05\/131.jpg\" alt=\"Academia ao Ar Livre.\" width=\"750\" height=\"563\" srcset=\"https:\/\/www.polisrecreio.com.br\/site\/wp-content\/uploads\/2017\/05\/131.jpg 750w, https:\/\/www.polisrecreio.com.br\/site\/wp-content\/uploads\/2017\/05\/131-300x225.jpg 300w\" sizes=\"(max-width: 750px) 100vw, 750px\" \/><\/a><figcaption id=\"caption-attachment-5694\" class=\"wp-caption-text\">Academia ao Ar Livre.<\/figcaption><\/figure>\n","protected":false},"excerpt":{"rendered":"<p>Neste s\u00e1bado (27) o prefeito de Recreio, Z\u00e9 Maria Barros, inaugurou a Academia ao Ar Livre do bairro Alto do Asilo, denominada de Itamar Jos\u00e9 Gon\u00e7alves. O investimento foi realizado por meio de parceria entre a Prefeitura Municipal e o Governo do Estado.<\/p>\n","protected":false},"author":3,"featured_media":5682,"comment_status":"open","ping_status":"open","sticky":false,"template":"","format":"standard","meta":[],"categories":[6],"tags":[],"yoast_head":"<!-- This site is optimized with the Yoast SEO plugin v15.6.2 - https:\/\/yoast.com\/wordpress\/plugins\/seo\/ -->\n<meta name=\"robots\" content=\"index, follow, max-snippet:-1, max-image-preview:large, max-video-preview:-1\" \/>\n<link rel=\"canonical\" href=\"http:\/\/www.polisrecreio.com.br\/site\/2017\/05\/27\/prefeito-de-recreio-inaugura-academia-ao-ar-livre-no-alto-do-asilo\/\" \/>\n<meta property=\"og:locale\" content=\"pt_BR\" \/>\n<meta property=\"og:type\" content=\"article\" \/>\n<meta property=\"og:title\" content=\"Prefeito de Recreio inaugura Academia ao Ar Livre no Alto do Asilo - P\u00f3lis Recreio\" \/>\n<meta property=\"og:description\" content=\"Neste s\u00e1bado (27) o prefeito de Recreio, Z\u00e9 Maria Barros, inaugurou a Academia ao Ar Livre do bairro Alto do Asilo, denominada de Itamar Jos\u00e9 Gon\u00e7alves. O investimento foi realizado por meio de parceria entre a Prefeitura Municipal e o Governo do Estado.\" \/>\n<meta property=\"og:url\" content=\"http:\/\/www.polisrecreio.com.br\/site\/2017\/05\/27\/prefeito-de-recreio-inaugura-academia-ao-ar-livre-no-alto-do-asilo\/\" \/>\n<meta property=\"og:site_name\" content=\"P\u00f3lis Recreio\" \/>\n<meta property=\"article:publisher\" content=\"https:\/\/www.facebook.com\/Site-P%c3%b3lis-Recreio-MG-181941708571019\/\" \/>\n<meta property=\"article:published_time\" content=\"2017-05-27T19:20:37+00:00\" \/>\n<meta property=\"article:modified_time\" content=\"2017-05-27T19:27:45+00:00\" \/>\n<meta property=\"og:image\" content=\"https:\/\/www.polisrecreio.com.br\/site\/wp-content\/uploads\/2017\/05\/10.jpg\" \/>\n\t<meta property=\"og:image:width\" content=\"750\" \/>\n\t<meta property=\"og:image:height\" content=\"563\" \/>\n<meta name=\"twitter:card\" content=\"summary_large_image\" \/>\n<meta name=\"twitter:creator\" content=\"@PolisRecreio\" \/>\n<meta name=\"twitter:site\" content=\"@PolisRecreio\" \/>\n<meta name=\"twitter:label1\" content=\"Est. reading time\">\n\t<meta name=\"twitter:data1\" content=\"2 minutos\">\n<script type=\"application\/ld+json\" class=\"yoast-schema-graph\">{\"@context\":\"https:\/\/schema.org\",\"@graph\":[{\"@type\":\"WebSite\",\"@id\":\"https:\/\/www.polisrecreio.com.br\/site\/#website\",\"url\":\"https:\/\/www.polisrecreio.com.br\/site\/\",\"name\":\"P\\u00f3lis Recreio\",\"description\":\"\",\"potentialAction\":[{\"@type\":\"SearchAction\",\"target\":\"https:\/\/www.polisrecreio.com.br\/site\/?s={search_term_string}\",\"query-input\":\"required name=search_term_string\"}],\"inLanguage\":\"pt-BR\"},{\"@type\":\"ImageObject\",\"@id\":\"http:\/\/www.polisrecreio.com.br\/site\/2017\/05\/27\/prefeito-de-recreio-inaugura-academia-ao-ar-livre-no-alto-do-asilo\/#primaryimage\",\"inLanguage\":\"pt-BR\",\"url\":\"https:\/\/www.polisrecreio.com.br\/site\/wp-content\/uploads\/2017\/05\/10.jpg\",\"width\":750,\"height\":563,\"caption\":\"Prefeito e vice-prefeito de Recreio na Academia ao Ar Livre.\"},{\"@type\":\"WebPage\",\"@id\":\"http:\/\/www.polisrecreio.com.br\/site\/2017\/05\/27\/prefeito-de-recreio-inaugura-academia-ao-ar-livre-no-alto-do-asilo\/#webpage\",\"url\":\"http:\/\/www.polisrecreio.com.br\/site\/2017\/05\/27\/prefeito-de-recreio-inaugura-academia-ao-ar-livre-no-alto-do-asilo\/\",\"name\":\"Prefeito de Recreio inaugura Academia ao Ar Livre no Alto do Asilo - P\\u00f3lis Recreio\",\"isPartOf\":{\"@id\":\"https:\/\/www.polisrecreio.com.br\/site\/#website\"},\"primaryImageOfPage\":{\"@id\":\"http:\/\/www.polisrecreio.com.br\/site\/2017\/05\/27\/prefeito-de-recreio-inaugura-academia-ao-ar-livre-no-alto-do-asilo\/#primaryimage\"},\"datePublished\":\"2017-05-27T19:20:37+00:00\",\"dateModified\":\"2017-05-27T19:27:45+00:00\",\"author\":{\"@id\":\"https:\/\/www.polisrecreio.com.br\/site\/#\/schema\/person\/3363c1c78e1e28e1329d97adb387638e\"},\"inLanguage\":\"pt-BR\",\"potentialAction\":[{\"@type\":\"ReadAction\",\"target\":[\"http:\/\/www.polisrecreio.com.br\/site\/2017\/05\/27\/prefeito-de-recreio-inaugura-academia-ao-ar-livre-no-alto-do-asilo\/\"]}]},{\"@type\":\"Person\",\"@id\":\"https:\/\/www.polisrecreio.com.br\/site\/#\/schema\/person\/3363c1c78e1e28e1329d97adb387638e\",\"name\":\"Leonardo Ribeiro\",\"image\":{\"@type\":\"ImageObject\",\"@id\":\"https:\/\/www.polisrecreio.com.br\/site\/#personlogo\",\"inLanguage\":\"pt-BR\",\"url\":\"https:\/\/secure.gravatar.com\/avatar\/6ba92a37d621e1a83e23710251178a12?s=96&d=mm&r=g\",\"caption\":\"Leonardo Ribeiro\"},\"sameAs\":[\"http:\/\/www.polisrecreio.com.br\"]}]}<\/script>\n<!-- \/ Yoast SEO plugin. -->","_links":{"self":[{"href":"https:\/\/www.polisrecreio.com.br\/site\/wp-json\/wp\/v2\/posts\/5681"}],"collection":[{"href":"https:\/\/www.polisrecreio.com.br\/site\/wp-json\/wp\/v2\/posts"}],"about":[{"href":"https:\/\/www.polisrecreio.com.br\/site\/wp-json\/wp\/v2\/types\/post"}],"author":[{"embeddable":true,"href":"https:\/\/www.polisrecreio.com.br\/site\/wp-json\/wp\/v2\/users\/3"}],"replies":[{"embeddable":true,"href":"https:\/\/www.polisrecreio.com.br\/site\/wp-json\/wp\/v2\/comments?post=5681"}],"version-history":[{"count":2,"href":"https:\/\/www.polisrecreio.com.br\/site\/wp-json\/wp\/v2\/posts\/5681\/revisions"}],"predecessor-version":[{"id":5699,"href":"https:\/\/www.polisrecreio.com.br\/site\/wp-json\/wp\/v2\/posts\/5681\/revisions\/5699"}],"wp:featuredmedia":[{"embeddable":true,"href":"https:\/\/www.polisrecreio.com.br\/site\/wp-json\/wp\/v2\/media\/5682"}],"wp:attachment":[{"href":"https:\/\/www.polisrecreio.com.br\/site\/wp-json\/wp\/v2\/media?parent=5681"}],"wp:term":[{"taxonomy":"category","embeddable":true,"href":"https:\/\/www.polisrecreio.com.br\/site\/wp-json\/wp\/v2\/categories?post=5681"},{"taxonomy":"post_tag","embeddable":true,"href":"https:\/\/www.polisrecreio.com.br\/site\/wp-json\/wp\/v2\/tags?post=5681"}],"curies":[{"name":"wp","href":"https:\/\/api.w.org\/{rel}","templated":true}]}}