{"id":5700,"date":"2017-05-29T21:59:21","date_gmt":"2017-05-30T00:59:21","guid":{"rendered":"http:\/\/www.polisrecreio.com.br\/site\/?p=5700"},"modified":"2017-05-29T21:59:21","modified_gmt":"2017-05-30T00:59:21","slug":"carro-de-boi-de-recreio-participa-de-concurso-em-raposorj-e-fica-em-2o-lugar","status":"publish","type":"post","link":"https:\/\/www.polisrecreio.com.br\/site\/2017\/05\/29\/carro-de-boi-de-recreio-participa-de-concurso-em-raposorj-e-fica-em-2o-lugar\/","title":{"rendered":"Carro de boi de Recreio participa de concurso em Raposo\/RJ e fica em 2\u00ba lugar"},"content":{"rendered":"<p style=\"text-align: justify;\">No \u00faltimo domingo (28) o carro de boi da Fazenda S\u00e3o Sebasti\u00e3o de propriedade de Pedro Rezende do Carmo participou do 55\u00ba Desfile de Carros de Boi do distrito de Raposo, em Itaperuna\/RJ, e ficou em 2\u00ba lugar no concurso.<\/p>\n<p style=\"text-align: justify;\"><!--more--><\/p>\n<figure id=\"attachment_5701\" aria-describedby=\"caption-attachment-5701\" style=\"width: 750px\" class=\"wp-caption aligncenter\"><a href=\"http:\/\/www.polisrecreio.com.br\/site\/wp-content\/uploads\/2017\/05\/18788168_1062118623923250_1936875744_n.jpg\"><img loading=\"lazy\" class=\"size-full wp-image-5701\" src=\"http:\/\/www.polisrecreio.com.br\/site\/wp-content\/uploads\/2017\/05\/18788168_1062118623923250_1936875744_n.jpg\" alt=\"Carro de boi da Fazenda S\u00e3o Sebasti\u00e3o.\" width=\"750\" height=\"563\" srcset=\"https:\/\/www.polisrecreio.com.br\/site\/wp-content\/uploads\/2017\/05\/18788168_1062118623923250_1936875744_n.jpg 750w, https:\/\/www.polisrecreio.com.br\/site\/wp-content\/uploads\/2017\/05\/18788168_1062118623923250_1936875744_n-300x225.jpg 300w\" sizes=\"(max-width: 750px) 100vw, 750px\" \/><\/a><figcaption id=\"caption-attachment-5701\" class=\"wp-caption-text\">Carro de boi da Fazenda S\u00e3o Sebasti\u00e3o.<\/figcaption><\/figure>\n<p style=\"text-align: justify;\">O evento tradicional do noroeste do estado do Rio contou com quase 100 participantes. O carro da Fazenda S\u00e3o Sebasti\u00e3o foi conduzido pelo carreiro Jos\u00e9 Otaviano Sim\u00f5es e acompanhado pela filha de Pedro, Ana Sarah Valverde. Este foi o primeiro ano que eles participaram.<\/p>\n<p style=\"text-align: justify;\">A festa de Raposo tem conota\u00e7\u00e3o religiosa. Segundo a tradi\u00e7\u00e3o do distrito os carros de boi se tornaram importantes em 1962 quando dois turistas em visita ao local se sensibilizaram com a precariedade da igreja de Santo Ant\u00f4nio e come\u00e7aram uma campanha para melhorias na capela. Os agricultores da regi\u00e3o colocavam seus donativos nos carros de bois e seguiam em prociss\u00e3o at\u00e9 a igreja, onde faziam a oferta. Desta forma, come\u00e7ou o tradicional desfile dos carros de boi, inspirado numa festa tradicional portuguesa.<\/p>\n<figure id=\"attachment_5702\" aria-describedby=\"caption-attachment-5702\" style=\"width: 750px\" class=\"wp-caption aligncenter\"><a href=\"http:\/\/www.polisrecreio.com.br\/site\/wp-content\/uploads\/2017\/05\/18788197_1062118483923264_1080502456_n.jpg\"><img loading=\"lazy\" class=\"size-full wp-image-5702\" src=\"http:\/\/www.polisrecreio.com.br\/site\/wp-content\/uploads\/2017\/05\/18788197_1062118483923264_1080502456_n.jpg\" alt=\"Carro de boi no desfile de Raposo.\" width=\"750\" height=\"588\" srcset=\"https:\/\/www.polisrecreio.com.br\/site\/wp-content\/uploads\/2017\/05\/18788197_1062118483923264_1080502456_n.jpg 750w, https:\/\/www.polisrecreio.com.br\/site\/wp-content\/uploads\/2017\/05\/18788197_1062118483923264_1080502456_n-300x235.jpg 300w\" sizes=\"(max-width: 750px) 100vw, 750px\" \/><\/a><figcaption id=\"caption-attachment-5702\" class=\"wp-caption-text\">Carro de boi no desfile de Raposo.<\/figcaption><\/figure>\n<figure id=\"attachment_5703\" aria-describedby=\"caption-attachment-5703\" style=\"width: 750px\" class=\"wp-caption aligncenter\"><a href=\"http:\/\/www.polisrecreio.com.br\/site\/wp-content\/uploads\/2017\/05\/18788239_1062118640589915_595614342_n.jpg\"><img loading=\"lazy\" class=\"size-full wp-image-5703\" src=\"http:\/\/www.polisrecreio.com.br\/site\/wp-content\/uploads\/2017\/05\/18788239_1062118640589915_595614342_n.jpg\" alt=\"Carro de boi no desfile de Raposo.\" width=\"750\" height=\"592\" srcset=\"https:\/\/www.polisrecreio.com.br\/site\/wp-content\/uploads\/2017\/05\/18788239_1062118640589915_595614342_n.jpg 750w, https:\/\/www.polisrecreio.com.br\/site\/wp-content\/uploads\/2017\/05\/18788239_1062118640589915_595614342_n-300x237.jpg 300w\" sizes=\"(max-width: 750px) 100vw, 750px\" \/><\/a><figcaption id=\"caption-attachment-5703\" class=\"wp-caption-text\">Carro de boi no desfile de Raposo.<\/figcaption><\/figure>\n<figure id=\"attachment_5704\" aria-describedby=\"caption-attachment-5704\" style=\"width: 750px\" class=\"wp-caption aligncenter\"><a href=\"http:\/\/www.polisrecreio.com.br\/site\/wp-content\/uploads\/2017\/05\/18788395_1062118657256580_674135647_n.jpg\"><img loading=\"lazy\" class=\"size-full wp-image-5704\" src=\"http:\/\/www.polisrecreio.com.br\/site\/wp-content\/uploads\/2017\/05\/18788395_1062118657256580_674135647_n.jpg\" alt=\"Carro de boi no desfile de Raposo.\" width=\"750\" height=\"572\" srcset=\"https:\/\/www.polisrecreio.com.br\/site\/wp-content\/uploads\/2017\/05\/18788395_1062118657256580_674135647_n.jpg 750w, https:\/\/www.polisrecreio.com.br\/site\/wp-content\/uploads\/2017\/05\/18788395_1062118657256580_674135647_n-300x229.jpg 300w\" sizes=\"(max-width: 750px) 100vw, 750px\" \/><\/a><figcaption id=\"caption-attachment-5704\" class=\"wp-caption-text\">Carro de boi no desfile de Raposo.<\/figcaption><\/figure>\n<figure id=\"attachment_5705\" aria-describedby=\"caption-attachment-5705\" style=\"width: 750px\" class=\"wp-caption aligncenter\"><a href=\"http:\/\/www.polisrecreio.com.br\/site\/wp-content\/uploads\/2017\/05\/18835419_1062118487256597_332023787_n.jpg\"><img loading=\"lazy\" class=\"size-full wp-image-5705\" src=\"http:\/\/www.polisrecreio.com.br\/site\/wp-content\/uploads\/2017\/05\/18835419_1062118487256597_332023787_n.jpg\" alt=\"Ana Sarah e o carreiro com o trof\u00e9u.\" width=\"750\" height=\"644\" srcset=\"https:\/\/www.polisrecreio.com.br\/site\/wp-content\/uploads\/2017\/05\/18835419_1062118487256597_332023787_n.jpg 750w, https:\/\/www.polisrecreio.com.br\/site\/wp-content\/uploads\/2017\/05\/18835419_1062118487256597_332023787_n-300x258.jpg 300w\" sizes=\"(max-width: 750px) 100vw, 750px\" \/><\/a><figcaption id=\"caption-attachment-5705\" class=\"wp-caption-text\">Ana Sarah e o carreiro com o trof\u00e9u.<\/figcaption><\/figure>\n","protected":false},"excerpt":{"rendered":"<p>No \u00faltimo domingo (28) o carro de boi da Fazenda S\u00e3o Sebasti\u00e3o de propriedade de Pedro Rezende do Carmo participou do 55\u00ba Desfile de Carros de Boi do distrito de Raposo, em Itaperuna\/RJ, e ficou em 2\u00ba lugar no concurso.<\/p>\n","protected":false},"author":3,"featured_media":5701,"comment_status":"open","ping_status":"open","sticky":false,"template":"","format":"standard","meta":[],"categories":[2],"tags":[],"yoast_head":"<!-- This site is optimized with the Yoast SEO plugin v15.6.2 - https:\/\/yoast.com\/wordpress\/plugins\/seo\/ -->\n<meta name=\"robots\" content=\"index, follow, max-snippet:-1, max-image-preview:large, max-video-preview:-1\" \/>\n<link rel=\"canonical\" href=\"http:\/\/www.polisrecreio.com.br\/site\/2017\/05\/29\/carro-de-boi-de-recreio-participa-de-concurso-em-raposorj-e-fica-em-2o-lugar\/\" \/>\n<meta property=\"og:locale\" content=\"pt_BR\" \/>\n<meta property=\"og:type\" content=\"article\" \/>\n<meta property=\"og:title\" content=\"Carro de boi de Recreio participa de concurso em Raposo\/RJ e fica em 2\u00ba lugar - P\u00f3lis Recreio\" \/>\n<meta property=\"og:description\" content=\"No \u00faltimo domingo (28) o carro de boi da Fazenda S\u00e3o Sebasti\u00e3o de propriedade de Pedro Rezende do Carmo participou do 55\u00ba Desfile de Carros de Boi do distrito de Raposo, em Itaperuna\/RJ, e ficou em 2\u00ba lugar no concurso.\" \/>\n<meta property=\"og:url\" content=\"http:\/\/www.polisrecreio.com.br\/site\/2017\/05\/29\/carro-de-boi-de-recreio-participa-de-concurso-em-raposorj-e-fica-em-2o-lugar\/\" \/>\n<meta property=\"og:site_name\" content=\"P\u00f3lis Recreio\" \/>\n<meta property=\"article:publisher\" content=\"https:\/\/www.facebook.com\/Site-P%c3%b3lis-Recreio-MG-181941708571019\/\" \/>\n<meta property=\"article:published_time\" content=\"2017-05-30T00:59:21+00:00\" \/>\n<meta property=\"og:image\" content=\"https:\/\/www.polisrecreio.com.br\/site\/wp-content\/uploads\/2017\/05\/18788168_1062118623923250_1936875744_n.jpg\" \/>\n\t<meta property=\"og:image:width\" content=\"750\" \/>\n\t<meta property=\"og:image:height\" content=\"563\" \/>\n<meta name=\"twitter:card\" content=\"summary_large_image\" \/>\n<meta name=\"twitter:creator\" content=\"@PolisRecreio\" \/>\n<meta name=\"twitter:site\" content=\"@PolisRecreio\" \/>\n<meta name=\"twitter:label1\" content=\"Est. reading time\">\n\t<meta name=\"twitter:data1\" content=\"1 minuto\">\n<script type=\"application\/ld+json\" class=\"yoast-schema-graph\">{\"@context\":\"https:\/\/schema.org\",\"@graph\":[{\"@type\":\"WebSite\",\"@id\":\"https:\/\/www.polisrecreio.com.br\/site\/#website\",\"url\":\"https:\/\/www.polisrecreio.com.br\/site\/\",\"name\":\"P\\u00f3lis Recreio\",\"description\":\"\",\"potentialAction\":[{\"@type\":\"SearchAction\",\"target\":\"https:\/\/www.polisrecreio.com.br\/site\/?s={search_term_string}\",\"query-input\":\"required name=search_term_string\"}],\"inLanguage\":\"pt-BR\"},{\"@type\":\"ImageObject\",\"@id\":\"http:\/\/www.polisrecreio.com.br\/site\/2017\/05\/29\/carro-de-boi-de-recreio-participa-de-concurso-em-raposorj-e-fica-em-2o-lugar\/#primaryimage\",\"inLanguage\":\"pt-BR\",\"url\":\"https:\/\/www.polisrecreio.com.br\/site\/wp-content\/uploads\/2017\/05\/18788168_1062118623923250_1936875744_n.jpg\",\"width\":750,\"height\":563,\"caption\":\"Carro de boi da Fazenda S\\u00e3o Sebasti\\u00e3o.\"},{\"@type\":\"WebPage\",\"@id\":\"http:\/\/www.polisrecreio.com.br\/site\/2017\/05\/29\/carro-de-boi-de-recreio-participa-de-concurso-em-raposorj-e-fica-em-2o-lugar\/#webpage\",\"url\":\"http:\/\/www.polisrecreio.com.br\/site\/2017\/05\/29\/carro-de-boi-de-recreio-participa-de-concurso-em-raposorj-e-fica-em-2o-lugar\/\",\"name\":\"Carro de boi de Recreio participa de concurso em Raposo\/RJ e fica em 2\\u00ba lugar - P\\u00f3lis Recreio\",\"isPartOf\":{\"@id\":\"https:\/\/www.polisrecreio.com.br\/site\/#website\"},\"primaryImageOfPage\":{\"@id\":\"http:\/\/www.polisrecreio.com.br\/site\/2017\/05\/29\/carro-de-boi-de-recreio-participa-de-concurso-em-raposorj-e-fica-em-2o-lugar\/#primaryimage\"},\"datePublished\":\"2017-05-30T00:59:21+00:00\",\"dateModified\":\"2017-05-30T00:59:21+00:00\",\"author\":{\"@id\":\"https:\/\/www.polisrecreio.com.br\/site\/#\/schema\/person\/3363c1c78e1e28e1329d97adb387638e\"},\"inLanguage\":\"pt-BR\",\"potentialAction\":[{\"@type\":\"ReadAction\",\"target\":[\"http:\/\/www.polisrecreio.com.br\/site\/2017\/05\/29\/carro-de-boi-de-recreio-participa-de-concurso-em-raposorj-e-fica-em-2o-lugar\/\"]}]},{\"@type\":\"Person\",\"@id\":\"https:\/\/www.polisrecreio.com.br\/site\/#\/schema\/person\/3363c1c78e1e28e1329d97adb387638e\",\"name\":\"Leonardo Ribeiro\",\"image\":{\"@type\":\"ImageObject\",\"@id\":\"https:\/\/www.polisrecreio.com.br\/site\/#personlogo\",\"inLanguage\":\"pt-BR\",\"url\":\"https:\/\/secure.gravatar.com\/avatar\/6ba92a37d621e1a83e23710251178a12?s=96&d=mm&r=g\",\"caption\":\"Leonardo Ribeiro\"},\"sameAs\":[\"http:\/\/www.polisrecreio.com.br\"]}]}<\/script>\n<!-- \/ Yoast SEO plugin. -->","_links":{"self":[{"href":"https:\/\/www.polisrecreio.com.br\/site\/wp-json\/wp\/v2\/posts\/5700"}],"collection":[{"href":"https:\/\/www.polisrecreio.com.br\/site\/wp-json\/wp\/v2\/posts"}],"about":[{"href":"https:\/\/www.polisrecreio.com.br\/site\/wp-json\/wp\/v2\/types\/post"}],"author":[{"embeddable":true,"href":"https:\/\/www.polisrecreio.com.br\/site\/wp-json\/wp\/v2\/users\/3"}],"replies":[{"embeddable":true,"href":"https:\/\/www.polisrecreio.com.br\/site\/wp-json\/wp\/v2\/comments?post=5700"}],"version-history":[{"count":1,"href":"https:\/\/www.polisrecreio.com.br\/site\/wp-json\/wp\/v2\/posts\/5700\/revisions"}],"predecessor-version":[{"id":5706,"href":"https:\/\/www.polisrecreio.com.br\/site\/wp-json\/wp\/v2\/posts\/5700\/revisions\/5706"}],"wp:featuredmedia":[{"embeddable":true,"href":"https:\/\/www.polisrecreio.com.br\/site\/wp-json\/wp\/v2\/media\/5701"}],"wp:attachment":[{"href":"https:\/\/www.polisrecreio.com.br\/site\/wp-json\/wp\/v2\/media?parent=5700"}],"wp:term":[{"taxonomy":"category","embeddable":true,"href":"https:\/\/www.polisrecreio.com.br\/site\/wp-json\/wp\/v2\/categories?post=5700"},{"taxonomy":"post_tag","embeddable":true,"href":"https:\/\/www.polisrecreio.com.br\/site\/wp-json\/wp\/v2\/tags?post=5700"}],"curies":[{"name":"wp","href":"https:\/\/api.w.org\/{rel}","templated":true}]}}