{"id":5707,"date":"2017-05-30T09:36:47","date_gmt":"2017-05-30T12:36:47","guid":{"rendered":"http:\/\/www.polisrecreio.com.br\/site\/?p=5707"},"modified":"2017-05-30T12:36:08","modified_gmt":"2017-05-30T15:36:08","slug":"prefeito-de-recreio-inicia-pagamento-do-funcionalismo-nesta-terca-feira-dia-30","status":"publish","type":"post","link":"https:\/\/www.polisrecreio.com.br\/site\/2017\/05\/30\/prefeito-de-recreio-inicia-pagamento-do-funcionalismo-nesta-terca-feira-dia-30\/","title":{"rendered":"Prefeito de Recreio inicia pagamento do funcionalismo nesta ter\u00e7a-feira, dia 30"},"content":{"rendered":"<p style=\"text-align: justify;\">O prefeito de Recreio, Z\u00e9 Maria Barros, inicia o pagamento do funcionalismo municipal referente ao m\u00eas de maio nesta ter\u00e7a-feira, dia 30, com escalonamento em dois dias.<\/p>\n<p style=\"text-align: justify;\"><!--more--><\/p>\n<figure id=\"attachment_5708\" aria-describedby=\"caption-attachment-5708\" style=\"width: 750px\" class=\"wp-caption aligncenter\"><a href=\"http:\/\/www.polisrecreio.com.br\/site\/wp-content\/uploads\/2017\/05\/zemaria.jpg\"><img loading=\"lazy\" class=\"size-full wp-image-5708\" src=\"http:\/\/www.polisrecreio.com.br\/site\/wp-content\/uploads\/2017\/05\/zemaria.jpg\" alt=\"Prefeito de Recreio, Z\u00e9 Maria Barros.\" width=\"750\" height=\"509\" srcset=\"https:\/\/www.polisrecreio.com.br\/site\/wp-content\/uploads\/2017\/05\/zemaria.jpg 750w, https:\/\/www.polisrecreio.com.br\/site\/wp-content\/uploads\/2017\/05\/zemaria-300x204.jpg 300w\" sizes=\"(max-width: 750px) 100vw, 750px\" \/><\/a><figcaption id=\"caption-attachment-5708\" class=\"wp-caption-text\">Prefeito de Recreio, Z\u00e9 Maria Barros.<\/figcaption><\/figure>\n<p style=\"text-align: justify;\">A partir de hoje come\u00e7am a receber os servidores da sa\u00fade, obras, administra\u00e7\u00e3o, desenvolvimento social e os aposentados. Na quarta-feira (31) ser\u00e1 a vez dos profissionais da \u00e1rea de educa\u00e7\u00e3o.<\/p>\n<p style=\"text-align: justify;\">Pelo quinto m\u00eas consecutivo o prefeito municipal manteve o pagamento do funcionalismo dentro do m\u00eas corrente.<\/p>\n","protected":false},"excerpt":{"rendered":"<p>O prefeito de Recreio, Z\u00e9 Maria Barros, inicia o pagamento do funcionalismo municipal referente ao m\u00eas de maio nesta ter\u00e7a-feira, dia 30, com escalonamento em dois dias.<\/p>\n","protected":false},"author":3,"featured_media":5708,"comment_status":"open","ping_status":"open","sticky":false,"template":"","format":"standard","meta":[],"categories":[6],"tags":[],"yoast_head":"<!-- This site is optimized with the Yoast SEO plugin v15.6.2 - https:\/\/yoast.com\/wordpress\/plugins\/seo\/ -->\n<meta name=\"robots\" content=\"index, follow, max-snippet:-1, max-image-preview:large, max-video-preview:-1\" \/>\n<link rel=\"canonical\" href=\"https:\/\/www.polisrecreio.com.br\/site\/2017\/05\/30\/prefeito-de-recreio-inicia-pagamento-do-funcionalismo-nesta-terca-feira-dia-30\/\" \/>\n<meta property=\"og:locale\" content=\"pt_BR\" \/>\n<meta property=\"og:type\" content=\"article\" \/>\n<meta property=\"og:title\" content=\"Prefeito de Recreio inicia pagamento do funcionalismo nesta ter\u00e7a-feira, dia 30 - P\u00f3lis Recreio\" \/>\n<meta property=\"og:description\" content=\"O prefeito de Recreio, Z\u00e9 Maria Barros, inicia o pagamento do funcionalismo municipal referente ao m\u00eas de maio nesta ter\u00e7a-feira, dia 30, com escalonamento em dois dias.\" \/>\n<meta property=\"og:url\" content=\"https:\/\/www.polisrecreio.com.br\/site\/2017\/05\/30\/prefeito-de-recreio-inicia-pagamento-do-funcionalismo-nesta-terca-feira-dia-30\/\" \/>\n<meta property=\"og:site_name\" content=\"P\u00f3lis Recreio\" \/>\n<meta property=\"article:publisher\" content=\"https:\/\/www.facebook.com\/Site-P%c3%b3lis-Recreio-MG-181941708571019\/\" \/>\n<meta property=\"article:published_time\" content=\"2017-05-30T12:36:47+00:00\" \/>\n<meta property=\"article:modified_time\" content=\"2017-05-30T15:36:08+00:00\" \/>\n<meta property=\"og:image\" content=\"https:\/\/www.polisrecreio.com.br\/site\/wp-content\/uploads\/2017\/05\/zemaria.jpg\" \/>\n\t<meta property=\"og:image:width\" content=\"750\" \/>\n\t<meta property=\"og:image:height\" content=\"509\" \/>\n<meta name=\"twitter:card\" content=\"summary_large_image\" \/>\n<meta name=\"twitter:creator\" content=\"@PolisRecreio\" \/>\n<meta name=\"twitter:site\" content=\"@PolisRecreio\" \/>\n<script type=\"application\/ld+json\" class=\"yoast-schema-graph\">{\"@context\":\"https:\/\/schema.org\",\"@graph\":[{\"@type\":\"WebSite\",\"@id\":\"https:\/\/www.polisrecreio.com.br\/site\/#website\",\"url\":\"https:\/\/www.polisrecreio.com.br\/site\/\",\"name\":\"P\\u00f3lis Recreio\",\"description\":\"\",\"potentialAction\":[{\"@type\":\"SearchAction\",\"target\":\"https:\/\/www.polisrecreio.com.br\/site\/?s={search_term_string}\",\"query-input\":\"required name=search_term_string\"}],\"inLanguage\":\"pt-BR\"},{\"@type\":\"ImageObject\",\"@id\":\"https:\/\/www.polisrecreio.com.br\/site\/2017\/05\/30\/prefeito-de-recreio-inicia-pagamento-do-funcionalismo-nesta-terca-feira-dia-30\/#primaryimage\",\"inLanguage\":\"pt-BR\",\"url\":\"https:\/\/www.polisrecreio.com.br\/site\/wp-content\/uploads\/2017\/05\/zemaria.jpg\",\"width\":750,\"height\":509,\"caption\":\"Prefeito de Recreio, Z\\u00e9 Maria Barros.\"},{\"@type\":\"WebPage\",\"@id\":\"https:\/\/www.polisrecreio.com.br\/site\/2017\/05\/30\/prefeito-de-recreio-inicia-pagamento-do-funcionalismo-nesta-terca-feira-dia-30\/#webpage\",\"url\":\"https:\/\/www.polisrecreio.com.br\/site\/2017\/05\/30\/prefeito-de-recreio-inicia-pagamento-do-funcionalismo-nesta-terca-feira-dia-30\/\",\"name\":\"Prefeito de Recreio inicia pagamento do funcionalismo nesta ter\\u00e7a-feira, dia 30 - P\\u00f3lis Recreio\",\"isPartOf\":{\"@id\":\"https:\/\/www.polisrecreio.com.br\/site\/#website\"},\"primaryImageOfPage\":{\"@id\":\"https:\/\/www.polisrecreio.com.br\/site\/2017\/05\/30\/prefeito-de-recreio-inicia-pagamento-do-funcionalismo-nesta-terca-feira-dia-30\/#primaryimage\"},\"datePublished\":\"2017-05-30T12:36:47+00:00\",\"dateModified\":\"2017-05-30T15:36:08+00:00\",\"author\":{\"@id\":\"https:\/\/www.polisrecreio.com.br\/site\/#\/schema\/person\/3363c1c78e1e28e1329d97adb387638e\"},\"inLanguage\":\"pt-BR\",\"potentialAction\":[{\"@type\":\"ReadAction\",\"target\":[\"https:\/\/www.polisrecreio.com.br\/site\/2017\/05\/30\/prefeito-de-recreio-inicia-pagamento-do-funcionalismo-nesta-terca-feira-dia-30\/\"]}]},{\"@type\":\"Person\",\"@id\":\"https:\/\/www.polisrecreio.com.br\/site\/#\/schema\/person\/3363c1c78e1e28e1329d97adb387638e\",\"name\":\"Leonardo Ribeiro\",\"image\":{\"@type\":\"ImageObject\",\"@id\":\"https:\/\/www.polisrecreio.com.br\/site\/#personlogo\",\"inLanguage\":\"pt-BR\",\"url\":\"https:\/\/secure.gravatar.com\/avatar\/6ba92a37d621e1a83e23710251178a12?s=96&d=mm&r=g\",\"caption\":\"Leonardo Ribeiro\"},\"sameAs\":[\"http:\/\/www.polisrecreio.com.br\"]}]}<\/script>\n<!-- \/ Yoast SEO plugin. -->","_links":{"self":[{"href":"https:\/\/www.polisrecreio.com.br\/site\/wp-json\/wp\/v2\/posts\/5707"}],"collection":[{"href":"https:\/\/www.polisrecreio.com.br\/site\/wp-json\/wp\/v2\/posts"}],"about":[{"href":"https:\/\/www.polisrecreio.com.br\/site\/wp-json\/wp\/v2\/types\/post"}],"author":[{"embeddable":true,"href":"https:\/\/www.polisrecreio.com.br\/site\/wp-json\/wp\/v2\/users\/3"}],"replies":[{"embeddable":true,"href":"https:\/\/www.polisrecreio.com.br\/site\/wp-json\/wp\/v2\/comments?post=5707"}],"version-history":[{"count":2,"href":"https:\/\/www.polisrecreio.com.br\/site\/wp-json\/wp\/v2\/posts\/5707\/revisions"}],"predecessor-version":[{"id":5715,"href":"https:\/\/www.polisrecreio.com.br\/site\/wp-json\/wp\/v2\/posts\/5707\/revisions\/5715"}],"wp:featuredmedia":[{"embeddable":true,"href":"https:\/\/www.polisrecreio.com.br\/site\/wp-json\/wp\/v2\/media\/5708"}],"wp:attachment":[{"href":"https:\/\/www.polisrecreio.com.br\/site\/wp-json\/wp\/v2\/media?parent=5707"}],"wp:term":[{"taxonomy":"category","embeddable":true,"href":"https:\/\/www.polisrecreio.com.br\/site\/wp-json\/wp\/v2\/categories?post=5707"},{"taxonomy":"post_tag","embeddable":true,"href":"https:\/\/www.polisrecreio.com.br\/site\/wp-json\/wp\/v2\/tags?post=5707"}],"curies":[{"name":"wp","href":"https:\/\/api.w.org\/{rel}","templated":true}]}}