{"id":5710,"date":"2017-05-30T10:52:07","date_gmt":"2017-05-30T13:52:07","guid":{"rendered":"http:\/\/www.polisrecreio.com.br\/site\/?p=5710"},"modified":"2017-05-30T10:52:07","modified_gmt":"2017-05-30T13:52:07","slug":"folias-de-reis-de-recreio-comecam-a-ser-cadastradas-no-iephamg","status":"publish","type":"post","link":"https:\/\/www.polisrecreio.com.br\/site\/2017\/05\/30\/folias-de-reis-de-recreio-comecam-a-ser-cadastradas-no-iephamg\/","title":{"rendered":"Folias de Reis de Recreio come\u00e7am a ser cadastradas no IEPHA\/MG"},"content":{"rendered":"<p style=\"text-align: justify;\">As Folias de Reis de Recreio come\u00e7am a ser cadastradas no Instituto Estadual do Patrim\u00f4nio Hist\u00f3rico e Art\u00edstico de Minas Gerais \u201cIEPHA\/MG\u201d por meio de iniciativa da secret\u00e1ria municipal de Educa\u00e7\u00e3o e Cultura, Maria Jos\u00e9 Lacerda \u201cZez\u00e9\u201d e da presidente do Conselho Municipal do Patrim\u00f4nio Cultural, Daniela Cardozo, em reconhecimento ao valor hist\u00f3rico das manifesta\u00e7\u00f5es para o Munic\u00edpio.<\/p>\n<p style=\"text-align: justify;\"><!--more--><\/p>\n<figure id=\"attachment_5713\" aria-describedby=\"caption-attachment-5713\" style=\"width: 750px\" class=\"wp-caption aligncenter\"><a href=\"http:\/\/www.polisrecreio.com.br\/site\/wp-content\/uploads\/2017\/05\/DSCF6979.jpg\"><img loading=\"lazy\" class=\"size-full wp-image-5713\" src=\"http:\/\/www.polisrecreio.com.br\/site\/wp-content\/uploads\/2017\/05\/DSCF6979.jpg\" alt=\"Folias Reis reunidas no Centro Cultural Aristides Dorigo.\" width=\"750\" height=\"563\" srcset=\"https:\/\/www.polisrecreio.com.br\/site\/wp-content\/uploads\/2017\/05\/DSCF6979.jpg 750w, https:\/\/www.polisrecreio.com.br\/site\/wp-content\/uploads\/2017\/05\/DSCF6979-300x225.jpg 300w\" sizes=\"(max-width: 750px) 100vw, 750px\" \/><\/a><figcaption id=\"caption-attachment-5713\" class=\"wp-caption-text\">Folias Reis reunidas no Centro Cultural Aristides Dorigo.<\/figcaption><\/figure>\n<p style=\"text-align: justify;\">Desde 2016 o Instituto mineiro vem identificando os grupos de folias do Estado a fim de elaborar o projeto de invent\u00e1rio cultural para fins de registro dessa importante manifesta\u00e7\u00e3o cultural mineira. Naquele ano 1.255 grupos distribu\u00eddos por 326 munic\u00edpios foram registrados na plataforma do IEPHA.<\/p>\n<p style=\"text-align: justify;\">Para colher as informa\u00e7\u00f5es pertinentes aos grupos de Recreio a presidente do Conselho do Patrim\u00f4nio Cultural reuniu os representantes das Folias, Borges e Filhos; Costa Melo; Nova Jornada; Estrela Nova do Oriente; Dois Irm\u00e3os; e explicou a cada um o processo de registro. O grupo Moreira da Fonseca do povoado do Barreiros n\u00e3o esteve presente e justificou a aus\u00eancia. Participaram tamb\u00e9m da reuni\u00e3o as funcion\u00e1rias do Centro Cultural Aristides, Renata Cardoso e Sabrina Rezende; e o organizadora do Encontro de Folias dos Santo Reis, Mateus Ribeiro. A partir desta semana todas ser\u00e3o cadastradas no Centro Cultural Aristides Dorigo.<\/p>\n<figure id=\"attachment_5712\" aria-describedby=\"caption-attachment-5712\" style=\"width: 750px\" class=\"wp-caption aligncenter\"><a href=\"http:\/\/www.polisrecreio.com.br\/site\/wp-content\/uploads\/2017\/05\/DSCF6977.jpg\"><img loading=\"lazy\" class=\"size-full wp-image-5712\" src=\"http:\/\/www.polisrecreio.com.br\/site\/wp-content\/uploads\/2017\/05\/DSCF6977.jpg\" alt=\"Reuni\u00e3o no Centro Cultural Aristides Dorigo.\" width=\"750\" height=\"563\" srcset=\"https:\/\/www.polisrecreio.com.br\/site\/wp-content\/uploads\/2017\/05\/DSCF6977.jpg 750w, https:\/\/www.polisrecreio.com.br\/site\/wp-content\/uploads\/2017\/05\/DSCF6977-300x225.jpg 300w\" sizes=\"(max-width: 750px) 100vw, 750px\" \/><\/a><figcaption id=\"caption-attachment-5712\" class=\"wp-caption-text\">Reuni\u00e3o no Centro Cultural Aristides Dorigo.<\/figcaption><\/figure>\n<figure id=\"attachment_5711\" aria-describedby=\"caption-attachment-5711\" style=\"width: 750px\" class=\"wp-caption aligncenter\"><a href=\"http:\/\/www.polisrecreio.com.br\/site\/wp-content\/uploads\/2017\/05\/DSCF6975.jpg\"><img loading=\"lazy\" class=\"size-full wp-image-5711\" src=\"http:\/\/www.polisrecreio.com.br\/site\/wp-content\/uploads\/2017\/05\/DSCF6975.jpg\" alt=\"Reuni\u00e3o no Centro Cultural Aristides Dorigo.\" width=\"750\" height=\"563\" srcset=\"https:\/\/www.polisrecreio.com.br\/site\/wp-content\/uploads\/2017\/05\/DSCF6975.jpg 750w, https:\/\/www.polisrecreio.com.br\/site\/wp-content\/uploads\/2017\/05\/DSCF6975-300x225.jpg 300w\" sizes=\"(max-width: 750px) 100vw, 750px\" \/><\/a><figcaption id=\"caption-attachment-5711\" class=\"wp-caption-text\">Reuni\u00e3o no Centro Cultural Aristides Dorigo.<\/figcaption><\/figure>\n","protected":false},"excerpt":{"rendered":"<p>As Folias de Reis de Recreio come\u00e7am a ser cadastradas no Instituto Estadual do Patrim\u00f4nio Hist\u00f3rico e Art\u00edstico de Minas Gerais \u201cIEPHA\/MG\u201d por meio de iniciativa da secret\u00e1ria municipal de Educa\u00e7\u00e3o e Cultura, Maria Jos\u00e9 Lacerda \u201cZez\u00e9\u201d e da presidente do Conselho Municipal do Patrim\u00f4nio Cultural, Daniela Cardozo, em reconhecimento ao valor hist\u00f3rico das manifesta\u00e7\u00f5es [&hellip;]<\/p>\n","protected":false},"author":3,"featured_media":5713,"comment_status":"open","ping_status":"open","sticky":false,"template":"","format":"standard","meta":[],"categories":[2],"tags":[],"yoast_head":"<!-- This site is optimized with the Yoast SEO plugin v15.6.2 - https:\/\/yoast.com\/wordpress\/plugins\/seo\/ -->\n<meta name=\"robots\" content=\"index, follow, max-snippet:-1, max-image-preview:large, max-video-preview:-1\" \/>\n<link rel=\"canonical\" href=\"https:\/\/www.polisrecreio.com.br\/site\/2017\/05\/30\/folias-de-reis-de-recreio-comecam-a-ser-cadastradas-no-iephamg\/\" \/>\n<meta property=\"og:locale\" content=\"pt_BR\" \/>\n<meta property=\"og:type\" content=\"article\" \/>\n<meta property=\"og:title\" content=\"Folias de Reis de Recreio come\u00e7am a ser cadastradas no IEPHA\/MG - P\u00f3lis Recreio\" \/>\n<meta property=\"og:description\" content=\"As Folias de Reis de Recreio come\u00e7am a ser cadastradas no Instituto Estadual do Patrim\u00f4nio Hist\u00f3rico e Art\u00edstico de Minas Gerais \u201cIEPHA\/MG\u201d por meio de iniciativa da secret\u00e1ria municipal de Educa\u00e7\u00e3o e Cultura, Maria Jos\u00e9 Lacerda \u201cZez\u00e9\u201d e da presidente do Conselho Municipal do Patrim\u00f4nio Cultural, Daniela Cardozo, em reconhecimento ao valor hist\u00f3rico das manifesta\u00e7\u00f5es [&hellip;]\" \/>\n<meta property=\"og:url\" content=\"https:\/\/www.polisrecreio.com.br\/site\/2017\/05\/30\/folias-de-reis-de-recreio-comecam-a-ser-cadastradas-no-iephamg\/\" \/>\n<meta property=\"og:site_name\" content=\"P\u00f3lis Recreio\" \/>\n<meta property=\"article:publisher\" content=\"https:\/\/www.facebook.com\/Site-P%c3%b3lis-Recreio-MG-181941708571019\/\" \/>\n<meta property=\"article:published_time\" content=\"2017-05-30T13:52:07+00:00\" \/>\n<meta property=\"og:image\" content=\"https:\/\/www.polisrecreio.com.br\/site\/wp-content\/uploads\/2017\/05\/DSCF6979.jpg\" \/>\n\t<meta property=\"og:image:width\" content=\"750\" \/>\n\t<meta property=\"og:image:height\" content=\"563\" \/>\n<meta name=\"twitter:card\" content=\"summary_large_image\" \/>\n<meta name=\"twitter:creator\" content=\"@PolisRecreio\" \/>\n<meta name=\"twitter:site\" content=\"@PolisRecreio\" \/>\n<meta name=\"twitter:label1\" content=\"Est. reading time\">\n\t<meta name=\"twitter:data1\" content=\"1 minuto\">\n<script type=\"application\/ld+json\" class=\"yoast-schema-graph\">{\"@context\":\"https:\/\/schema.org\",\"@graph\":[{\"@type\":\"WebSite\",\"@id\":\"https:\/\/www.polisrecreio.com.br\/site\/#website\",\"url\":\"https:\/\/www.polisrecreio.com.br\/site\/\",\"name\":\"P\\u00f3lis Recreio\",\"description\":\"\",\"potentialAction\":[{\"@type\":\"SearchAction\",\"target\":\"https:\/\/www.polisrecreio.com.br\/site\/?s={search_term_string}\",\"query-input\":\"required name=search_term_string\"}],\"inLanguage\":\"pt-BR\"},{\"@type\":\"ImageObject\",\"@id\":\"https:\/\/www.polisrecreio.com.br\/site\/2017\/05\/30\/folias-de-reis-de-recreio-comecam-a-ser-cadastradas-no-iephamg\/#primaryimage\",\"inLanguage\":\"pt-BR\",\"url\":\"https:\/\/www.polisrecreio.com.br\/site\/wp-content\/uploads\/2017\/05\/DSCF6979.jpg\",\"width\":750,\"height\":563,\"caption\":\"Folias Reis reunidas no Centro Cultural Aristides Dorigo.\"},{\"@type\":\"WebPage\",\"@id\":\"https:\/\/www.polisrecreio.com.br\/site\/2017\/05\/30\/folias-de-reis-de-recreio-comecam-a-ser-cadastradas-no-iephamg\/#webpage\",\"url\":\"https:\/\/www.polisrecreio.com.br\/site\/2017\/05\/30\/folias-de-reis-de-recreio-comecam-a-ser-cadastradas-no-iephamg\/\",\"name\":\"Folias de Reis de Recreio come\\u00e7am a ser cadastradas no IEPHA\/MG - P\\u00f3lis Recreio\",\"isPartOf\":{\"@id\":\"https:\/\/www.polisrecreio.com.br\/site\/#website\"},\"primaryImageOfPage\":{\"@id\":\"https:\/\/www.polisrecreio.com.br\/site\/2017\/05\/30\/folias-de-reis-de-recreio-comecam-a-ser-cadastradas-no-iephamg\/#primaryimage\"},\"datePublished\":\"2017-05-30T13:52:07+00:00\",\"dateModified\":\"2017-05-30T13:52:07+00:00\",\"author\":{\"@id\":\"https:\/\/www.polisrecreio.com.br\/site\/#\/schema\/person\/3363c1c78e1e28e1329d97adb387638e\"},\"inLanguage\":\"pt-BR\",\"potentialAction\":[{\"@type\":\"ReadAction\",\"target\":[\"https:\/\/www.polisrecreio.com.br\/site\/2017\/05\/30\/folias-de-reis-de-recreio-comecam-a-ser-cadastradas-no-iephamg\/\"]}]},{\"@type\":\"Person\",\"@id\":\"https:\/\/www.polisrecreio.com.br\/site\/#\/schema\/person\/3363c1c78e1e28e1329d97adb387638e\",\"name\":\"Leonardo Ribeiro\",\"image\":{\"@type\":\"ImageObject\",\"@id\":\"https:\/\/www.polisrecreio.com.br\/site\/#personlogo\",\"inLanguage\":\"pt-BR\",\"url\":\"https:\/\/secure.gravatar.com\/avatar\/6ba92a37d621e1a83e23710251178a12?s=96&d=mm&r=g\",\"caption\":\"Leonardo Ribeiro\"},\"sameAs\":[\"http:\/\/www.polisrecreio.com.br\"]}]}<\/script>\n<!-- \/ Yoast SEO plugin. -->","_links":{"self":[{"href":"https:\/\/www.polisrecreio.com.br\/site\/wp-json\/wp\/v2\/posts\/5710"}],"collection":[{"href":"https:\/\/www.polisrecreio.com.br\/site\/wp-json\/wp\/v2\/posts"}],"about":[{"href":"https:\/\/www.polisrecreio.com.br\/site\/wp-json\/wp\/v2\/types\/post"}],"author":[{"embeddable":true,"href":"https:\/\/www.polisrecreio.com.br\/site\/wp-json\/wp\/v2\/users\/3"}],"replies":[{"embeddable":true,"href":"https:\/\/www.polisrecreio.com.br\/site\/wp-json\/wp\/v2\/comments?post=5710"}],"version-history":[{"count":1,"href":"https:\/\/www.polisrecreio.com.br\/site\/wp-json\/wp\/v2\/posts\/5710\/revisions"}],"predecessor-version":[{"id":5714,"href":"https:\/\/www.polisrecreio.com.br\/site\/wp-json\/wp\/v2\/posts\/5710\/revisions\/5714"}],"wp:featuredmedia":[{"embeddable":true,"href":"https:\/\/www.polisrecreio.com.br\/site\/wp-json\/wp\/v2\/media\/5713"}],"wp:attachment":[{"href":"https:\/\/www.polisrecreio.com.br\/site\/wp-json\/wp\/v2\/media?parent=5710"}],"wp:term":[{"taxonomy":"category","embeddable":true,"href":"https:\/\/www.polisrecreio.com.br\/site\/wp-json\/wp\/v2\/categories?post=5710"},{"taxonomy":"post_tag","embeddable":true,"href":"https:\/\/www.polisrecreio.com.br\/site\/wp-json\/wp\/v2\/tags?post=5710"}],"curies":[{"name":"wp","href":"https:\/\/api.w.org\/{rel}","templated":true}]}}