{"id":5721,"date":"2017-05-30T19:09:44","date_gmt":"2017-05-30T22:09:44","guid":{"rendered":"http:\/\/www.polisrecreio.com.br\/site\/?p=5721"},"modified":"2017-05-30T19:09:44","modified_gmt":"2017-05-30T22:09:44","slug":"artesaos-de-recreio-voltam-a-se-reunir-para-aprovacao-do-estatuto-da-associacao","status":"publish","type":"post","link":"https:\/\/www.polisrecreio.com.br\/site\/2017\/05\/30\/artesaos-de-recreio-voltam-a-se-reunir-para-aprovacao-do-estatuto-da-associacao\/","title":{"rendered":"Artes\u00e3os de Recreio voltam a se reunir para aprova\u00e7\u00e3o do Estatuto da Associa\u00e7\u00e3o"},"content":{"rendered":"<p style=\"text-align: justify;\">Os artes\u00e3os de Recreio voltam a se reunir nesta quarta-feira, dia 31, no Centro de Refer\u00eancia de Assist\u00eancia \u201cCRAS\u201d, \u00e0s 17h, desta vez para aprova\u00e7\u00e3o do Estatuto da Associa\u00e7\u00e3o Recrearte. Na ocasi\u00e3o ser\u00e3o abordados demais assuntos pertinentes ao grupo.<\/p>\n<p style=\"text-align: justify;\"><!--more--><\/p>\n<figure id=\"attachment_5722\" aria-describedby=\"caption-attachment-5722\" style=\"width: 750px\" class=\"wp-caption aligncenter\"><a href=\"http:\/\/www.polisrecreio.com.br\/site\/wp-content\/uploads\/2017\/05\/DSCF6816.jpg\"><img loading=\"lazy\" class=\"size-full wp-image-5722\" src=\"http:\/\/www.polisrecreio.com.br\/site\/wp-content\/uploads\/2017\/05\/DSCF6816.jpg\" alt=\"Reuni\u00e3o do grupo de artes\u00e3os de Recreio realizada em abril.\" width=\"750\" height=\"563\" srcset=\"https:\/\/www.polisrecreio.com.br\/site\/wp-content\/uploads\/2017\/05\/DSCF6816.jpg 750w, https:\/\/www.polisrecreio.com.br\/site\/wp-content\/uploads\/2017\/05\/DSCF6816-300x225.jpg 300w\" sizes=\"(max-width: 750px) 100vw, 750px\" \/><\/a><figcaption id=\"caption-attachment-5722\" class=\"wp-caption-text\">Reuni\u00e3o do grupo de artes\u00e3os de Recreio realizada em abril.<\/figcaption><\/figure>\n<p style=\"text-align: justify;\">A cria\u00e7\u00e3o da Associa\u00e7\u00e3o come\u00e7ou a ser consolidada em abril depois de iniciativa da equipe administrativa do prefeito Z\u00e9 Maria Barros. \u201cEstamos trabalhando para construir uma ideia cooperativista entre os nossos artes\u00e3os. Na pauta da reuni\u00e3o desta quarta-feira est\u00e3o a aprova\u00e7\u00e3o do Estatuto da entidade e o debate sobre demais assuntos que envolvem o grupo&#8221;, disse Diego Pena, secret\u00e1rio de Desenvolvimento Social de Recreio.<\/p>\n<p style=\"text-align: justify;\">A diretoria do grupo \u00e9 composta por Marlene Chaves Ferreira, presidente; Vanderleia Couto dos Santos, vice-presidente; Luciana Morais, secret\u00e1ria; Andreia Muniz Silva, 2\u00aa secret\u00e1ria; F\u00e1tima Pimenta Dutra Lacerda, tesoureira; e S\u00f4nia Marta de Oliveira Moreira, 2\u00aa tesoureira.<\/p>\n","protected":false},"excerpt":{"rendered":"<p>Os artes\u00e3os de Recreio voltam a se reunir nesta quarta-feira, dia 31, no Centro de Refer\u00eancia de Assist\u00eancia \u201cCRAS\u201d, \u00e0s 17h, desta vez para aprova\u00e7\u00e3o do Estatuto da Associa\u00e7\u00e3o Recrearte. Na ocasi\u00e3o ser\u00e3o abordados demais assuntos pertinentes ao grupo.<\/p>\n","protected":false},"author":3,"featured_media":5722,"comment_status":"open","ping_status":"open","sticky":false,"template":"","format":"standard","meta":[],"categories":[2],"tags":[],"yoast_head":"<!-- This site is optimized with the Yoast SEO plugin v15.6.2 - https:\/\/yoast.com\/wordpress\/plugins\/seo\/ -->\n<meta name=\"robots\" content=\"index, follow, max-snippet:-1, max-image-preview:large, max-video-preview:-1\" \/>\n<link rel=\"canonical\" href=\"http:\/\/www.polisrecreio.com.br\/site\/2017\/05\/30\/artesaos-de-recreio-voltam-a-se-reunir-para-aprovacao-do-estatuto-da-associacao\/\" \/>\n<meta property=\"og:locale\" content=\"pt_BR\" \/>\n<meta property=\"og:type\" content=\"article\" \/>\n<meta property=\"og:title\" content=\"Artes\u00e3os de Recreio voltam a se reunir para aprova\u00e7\u00e3o do Estatuto da Associa\u00e7\u00e3o - P\u00f3lis Recreio\" \/>\n<meta property=\"og:description\" content=\"Os artes\u00e3os de Recreio voltam a se reunir nesta quarta-feira, dia 31, no Centro de Refer\u00eancia de Assist\u00eancia \u201cCRAS\u201d, \u00e0s 17h, desta vez para aprova\u00e7\u00e3o do Estatuto da Associa\u00e7\u00e3o Recrearte. Na ocasi\u00e3o ser\u00e3o abordados demais assuntos pertinentes ao grupo.\" \/>\n<meta property=\"og:url\" content=\"http:\/\/www.polisrecreio.com.br\/site\/2017\/05\/30\/artesaos-de-recreio-voltam-a-se-reunir-para-aprovacao-do-estatuto-da-associacao\/\" \/>\n<meta property=\"og:site_name\" content=\"P\u00f3lis Recreio\" \/>\n<meta property=\"article:publisher\" content=\"https:\/\/www.facebook.com\/Site-P%c3%b3lis-Recreio-MG-181941708571019\/\" \/>\n<meta property=\"article:published_time\" content=\"2017-05-30T22:09:44+00:00\" \/>\n<meta property=\"og:image\" content=\"https:\/\/www.polisrecreio.com.br\/site\/wp-content\/uploads\/2017\/05\/DSCF6816.jpg\" \/>\n\t<meta property=\"og:image:width\" content=\"750\" \/>\n\t<meta property=\"og:image:height\" content=\"563\" \/>\n<meta name=\"twitter:card\" content=\"summary_large_image\" \/>\n<meta name=\"twitter:creator\" content=\"@PolisRecreio\" \/>\n<meta name=\"twitter:site\" content=\"@PolisRecreio\" \/>\n<meta name=\"twitter:label1\" content=\"Est. reading time\">\n\t<meta name=\"twitter:data1\" content=\"1 minuto\">\n<script type=\"application\/ld+json\" class=\"yoast-schema-graph\">{\"@context\":\"https:\/\/schema.org\",\"@graph\":[{\"@type\":\"WebSite\",\"@id\":\"https:\/\/www.polisrecreio.com.br\/site\/#website\",\"url\":\"https:\/\/www.polisrecreio.com.br\/site\/\",\"name\":\"P\\u00f3lis Recreio\",\"description\":\"\",\"potentialAction\":[{\"@type\":\"SearchAction\",\"target\":\"https:\/\/www.polisrecreio.com.br\/site\/?s={search_term_string}\",\"query-input\":\"required name=search_term_string\"}],\"inLanguage\":\"pt-BR\"},{\"@type\":\"ImageObject\",\"@id\":\"http:\/\/www.polisrecreio.com.br\/site\/2017\/05\/30\/artesaos-de-recreio-voltam-a-se-reunir-para-aprovacao-do-estatuto-da-associacao\/#primaryimage\",\"inLanguage\":\"pt-BR\",\"url\":\"https:\/\/www.polisrecreio.com.br\/site\/wp-content\/uploads\/2017\/05\/DSCF6816.jpg\",\"width\":750,\"height\":563,\"caption\":\"Reuni\\u00e3o do grupo de artes\\u00e3os de Recreio realizada em abril.\"},{\"@type\":\"WebPage\",\"@id\":\"http:\/\/www.polisrecreio.com.br\/site\/2017\/05\/30\/artesaos-de-recreio-voltam-a-se-reunir-para-aprovacao-do-estatuto-da-associacao\/#webpage\",\"url\":\"http:\/\/www.polisrecreio.com.br\/site\/2017\/05\/30\/artesaos-de-recreio-voltam-a-se-reunir-para-aprovacao-do-estatuto-da-associacao\/\",\"name\":\"Artes\\u00e3os de Recreio voltam a se reunir para aprova\\u00e7\\u00e3o do Estatuto da Associa\\u00e7\\u00e3o - P\\u00f3lis Recreio\",\"isPartOf\":{\"@id\":\"https:\/\/www.polisrecreio.com.br\/site\/#website\"},\"primaryImageOfPage\":{\"@id\":\"http:\/\/www.polisrecreio.com.br\/site\/2017\/05\/30\/artesaos-de-recreio-voltam-a-se-reunir-para-aprovacao-do-estatuto-da-associacao\/#primaryimage\"},\"datePublished\":\"2017-05-30T22:09:44+00:00\",\"dateModified\":\"2017-05-30T22:09:44+00:00\",\"author\":{\"@id\":\"https:\/\/www.polisrecreio.com.br\/site\/#\/schema\/person\/3363c1c78e1e28e1329d97adb387638e\"},\"inLanguage\":\"pt-BR\",\"potentialAction\":[{\"@type\":\"ReadAction\",\"target\":[\"http:\/\/www.polisrecreio.com.br\/site\/2017\/05\/30\/artesaos-de-recreio-voltam-a-se-reunir-para-aprovacao-do-estatuto-da-associacao\/\"]}]},{\"@type\":\"Person\",\"@id\":\"https:\/\/www.polisrecreio.com.br\/site\/#\/schema\/person\/3363c1c78e1e28e1329d97adb387638e\",\"name\":\"Leonardo Ribeiro\",\"image\":{\"@type\":\"ImageObject\",\"@id\":\"https:\/\/www.polisrecreio.com.br\/site\/#personlogo\",\"inLanguage\":\"pt-BR\",\"url\":\"https:\/\/secure.gravatar.com\/avatar\/6ba92a37d621e1a83e23710251178a12?s=96&d=mm&r=g\",\"caption\":\"Leonardo Ribeiro\"},\"sameAs\":[\"http:\/\/www.polisrecreio.com.br\"]}]}<\/script>\n<!-- \/ Yoast SEO plugin. -->","_links":{"self":[{"href":"https:\/\/www.polisrecreio.com.br\/site\/wp-json\/wp\/v2\/posts\/5721"}],"collection":[{"href":"https:\/\/www.polisrecreio.com.br\/site\/wp-json\/wp\/v2\/posts"}],"about":[{"href":"https:\/\/www.polisrecreio.com.br\/site\/wp-json\/wp\/v2\/types\/post"}],"author":[{"embeddable":true,"href":"https:\/\/www.polisrecreio.com.br\/site\/wp-json\/wp\/v2\/users\/3"}],"replies":[{"embeddable":true,"href":"https:\/\/www.polisrecreio.com.br\/site\/wp-json\/wp\/v2\/comments?post=5721"}],"version-history":[{"count":1,"href":"https:\/\/www.polisrecreio.com.br\/site\/wp-json\/wp\/v2\/posts\/5721\/revisions"}],"predecessor-version":[{"id":5723,"href":"https:\/\/www.polisrecreio.com.br\/site\/wp-json\/wp\/v2\/posts\/5721\/revisions\/5723"}],"wp:featuredmedia":[{"embeddable":true,"href":"https:\/\/www.polisrecreio.com.br\/site\/wp-json\/wp\/v2\/media\/5722"}],"wp:attachment":[{"href":"https:\/\/www.polisrecreio.com.br\/site\/wp-json\/wp\/v2\/media?parent=5721"}],"wp:term":[{"taxonomy":"category","embeddable":true,"href":"https:\/\/www.polisrecreio.com.br\/site\/wp-json\/wp\/v2\/categories?post=5721"},{"taxonomy":"post_tag","embeddable":true,"href":"https:\/\/www.polisrecreio.com.br\/site\/wp-json\/wp\/v2\/tags?post=5721"}],"curies":[{"name":"wp","href":"https:\/\/api.w.org\/{rel}","templated":true}]}}