{"id":5757,"date":"2017-06-02T20:09:09","date_gmt":"2017-06-02T23:09:09","guid":{"rendered":"http:\/\/www.polisrecreio.com.br\/site\/?p=5757"},"modified":"2017-06-02T20:09:30","modified_gmt":"2017-06-02T23:09:30","slug":"vacinacao-contra-a-gripe-sera-ofertada-para-todas-as-idades","status":"publish","type":"post","link":"https:\/\/www.polisrecreio.com.br\/site\/2017\/06\/02\/vacinacao-contra-a-gripe-sera-ofertada-para-todas-as-idades\/","title":{"rendered":"Vacina\u00e7\u00e3o contra a gripe ser\u00e1 ofertada para todas as idades"},"content":{"rendered":"<p style=\"text-align: justify;\">O Minist\u00e9rio da Sa\u00fade orientou os Estados e munic\u00edpios a ofertar a vacina contra a gripe para todas as idades a partir da pr\u00f3xima segunda-feira (5). A medida foi adotada porque ainda h\u00e1 um grande estoque dispon\u00edvel nas unidades de sa\u00fade.<\/p>\n<p style=\"text-align: justify;\"><!--more--><\/p>\n<p style=\"text-align: justify;\"><a href=\"http:\/\/www.polisrecreio.com.br\/site\/wp-content\/uploads\/2017\/06\/18767755_1628120477206562_8853585845345633577_n.png\"><img loading=\"lazy\" class=\"aligncenter size-full wp-image-5758\" src=\"http:\/\/www.polisrecreio.com.br\/site\/wp-content\/uploads\/2017\/06\/18767755_1628120477206562_8853585845345633577_n.png\" alt=\"18767755_1628120477206562_8853585845345633577_n\" width=\"750\" height=\"527\" srcset=\"https:\/\/www.polisrecreio.com.br\/site\/wp-content\/uploads\/2017\/06\/18767755_1628120477206562_8853585845345633577_n.png 750w, https:\/\/www.polisrecreio.com.br\/site\/wp-content\/uploads\/2017\/06\/18767755_1628120477206562_8853585845345633577_n-300x211.png 300w\" sizes=\"(max-width: 750px) 100vw, 750px\" \/><\/a><\/p>\n<p style=\"text-align: justify;\">Segundo a secret\u00e1ria Municipal de Sa\u00fade, Gabriel Helena de Paula, as equipes das UBS\u2019s ser\u00e3o orientadas a ofertar a vacina\u00e7\u00e3o para toda a popula\u00e7\u00e3o que ainda n\u00e3o recebeu a imuniza\u00e7\u00e3o. As unidades de Recreio funcionam de segunda-feira a sexta-feira, de 7h \u00e0s 16h.<\/p>\n<p style=\"text-align: justify;\">\u201cA medida s\u00f3 \u00e9 v\u00e1lida neste ano e foi adotada porque ainda h\u00e1 um estoque dispon\u00edvel de 10 milh\u00f5es\u201d, segundo informa\u00e7\u00e3o do Minist\u00e9rio da Sa\u00fade.<\/p>\n","protected":false},"excerpt":{"rendered":"<p>O Minist\u00e9rio da Sa\u00fade orientou os Estados e munic\u00edpios a ofertar a vacina contra a gripe para todas as idades a partir da pr\u00f3xima segunda-feira (5). A medida foi adotada porque ainda h\u00e1 um grande estoque dispon\u00edvel nas unidades de sa\u00fade.<\/p>\n","protected":false},"author":3,"featured_media":5758,"comment_status":"open","ping_status":"open","sticky":false,"template":"","format":"standard","meta":[],"categories":[7],"tags":[],"yoast_head":"<!-- This site is optimized with the Yoast SEO plugin v15.6.2 - https:\/\/yoast.com\/wordpress\/plugins\/seo\/ -->\n<meta name=\"robots\" content=\"index, follow, max-snippet:-1, max-image-preview:large, max-video-preview:-1\" \/>\n<link rel=\"canonical\" href=\"http:\/\/www.polisrecreio.com.br\/site\/2017\/06\/02\/vacinacao-contra-a-gripe-sera-ofertada-para-todas-as-idades\/\" \/>\n<meta property=\"og:locale\" content=\"pt_BR\" \/>\n<meta property=\"og:type\" content=\"article\" \/>\n<meta property=\"og:title\" content=\"Vacina\u00e7\u00e3o contra a gripe ser\u00e1 ofertada para todas as idades - P\u00f3lis Recreio\" \/>\n<meta property=\"og:description\" content=\"O Minist\u00e9rio da Sa\u00fade orientou os Estados e munic\u00edpios a ofertar a vacina contra a gripe para todas as idades a partir da pr\u00f3xima segunda-feira (5). A medida foi adotada porque ainda h\u00e1 um grande estoque dispon\u00edvel nas unidades de sa\u00fade.\" \/>\n<meta property=\"og:url\" content=\"http:\/\/www.polisrecreio.com.br\/site\/2017\/06\/02\/vacinacao-contra-a-gripe-sera-ofertada-para-todas-as-idades\/\" \/>\n<meta property=\"og:site_name\" content=\"P\u00f3lis Recreio\" \/>\n<meta property=\"article:publisher\" content=\"https:\/\/www.facebook.com\/Site-P%c3%b3lis-Recreio-MG-181941708571019\/\" \/>\n<meta property=\"article:published_time\" content=\"2017-06-02T23:09:09+00:00\" \/>\n<meta property=\"article:modified_time\" content=\"2017-06-02T23:09:30+00:00\" \/>\n<meta property=\"og:image\" content=\"https:\/\/www.polisrecreio.com.br\/site\/wp-content\/uploads\/2017\/06\/18767755_1628120477206562_8853585845345633577_n.png\" \/>\n\t<meta property=\"og:image:width\" content=\"750\" \/>\n\t<meta property=\"og:image:height\" content=\"527\" \/>\n<meta name=\"twitter:card\" content=\"summary_large_image\" \/>\n<meta name=\"twitter:creator\" content=\"@PolisRecreio\" \/>\n<meta name=\"twitter:site\" content=\"@PolisRecreio\" \/>\n<meta name=\"twitter:label1\" content=\"Est. reading time\">\n\t<meta name=\"twitter:data1\" content=\"1 minuto\">\n<script type=\"application\/ld+json\" class=\"yoast-schema-graph\">{\"@context\":\"https:\/\/schema.org\",\"@graph\":[{\"@type\":\"WebSite\",\"@id\":\"https:\/\/www.polisrecreio.com.br\/site\/#website\",\"url\":\"https:\/\/www.polisrecreio.com.br\/site\/\",\"name\":\"P\\u00f3lis Recreio\",\"description\":\"\",\"potentialAction\":[{\"@type\":\"SearchAction\",\"target\":\"https:\/\/www.polisrecreio.com.br\/site\/?s={search_term_string}\",\"query-input\":\"required name=search_term_string\"}],\"inLanguage\":\"pt-BR\"},{\"@type\":\"ImageObject\",\"@id\":\"http:\/\/www.polisrecreio.com.br\/site\/2017\/06\/02\/vacinacao-contra-a-gripe-sera-ofertada-para-todas-as-idades\/#primaryimage\",\"inLanguage\":\"pt-BR\",\"url\":\"https:\/\/www.polisrecreio.com.br\/site\/wp-content\/uploads\/2017\/06\/18767755_1628120477206562_8853585845345633577_n.png\",\"width\":750,\"height\":527},{\"@type\":\"WebPage\",\"@id\":\"http:\/\/www.polisrecreio.com.br\/site\/2017\/06\/02\/vacinacao-contra-a-gripe-sera-ofertada-para-todas-as-idades\/#webpage\",\"url\":\"http:\/\/www.polisrecreio.com.br\/site\/2017\/06\/02\/vacinacao-contra-a-gripe-sera-ofertada-para-todas-as-idades\/\",\"name\":\"Vacina\\u00e7\\u00e3o contra a gripe ser\\u00e1 ofertada para todas as idades - P\\u00f3lis Recreio\",\"isPartOf\":{\"@id\":\"https:\/\/www.polisrecreio.com.br\/site\/#website\"},\"primaryImageOfPage\":{\"@id\":\"http:\/\/www.polisrecreio.com.br\/site\/2017\/06\/02\/vacinacao-contra-a-gripe-sera-ofertada-para-todas-as-idades\/#primaryimage\"},\"datePublished\":\"2017-06-02T23:09:09+00:00\",\"dateModified\":\"2017-06-02T23:09:30+00:00\",\"author\":{\"@id\":\"https:\/\/www.polisrecreio.com.br\/site\/#\/schema\/person\/3363c1c78e1e28e1329d97adb387638e\"},\"inLanguage\":\"pt-BR\",\"potentialAction\":[{\"@type\":\"ReadAction\",\"target\":[\"http:\/\/www.polisrecreio.com.br\/site\/2017\/06\/02\/vacinacao-contra-a-gripe-sera-ofertada-para-todas-as-idades\/\"]}]},{\"@type\":\"Person\",\"@id\":\"https:\/\/www.polisrecreio.com.br\/site\/#\/schema\/person\/3363c1c78e1e28e1329d97adb387638e\",\"name\":\"Leonardo Ribeiro\",\"image\":{\"@type\":\"ImageObject\",\"@id\":\"https:\/\/www.polisrecreio.com.br\/site\/#personlogo\",\"inLanguage\":\"pt-BR\",\"url\":\"https:\/\/secure.gravatar.com\/avatar\/6ba92a37d621e1a83e23710251178a12?s=96&d=mm&r=g\",\"caption\":\"Leonardo Ribeiro\"},\"sameAs\":[\"http:\/\/www.polisrecreio.com.br\"]}]}<\/script>\n<!-- \/ Yoast SEO plugin. -->","_links":{"self":[{"href":"https:\/\/www.polisrecreio.com.br\/site\/wp-json\/wp\/v2\/posts\/5757"}],"collection":[{"href":"https:\/\/www.polisrecreio.com.br\/site\/wp-json\/wp\/v2\/posts"}],"about":[{"href":"https:\/\/www.polisrecreio.com.br\/site\/wp-json\/wp\/v2\/types\/post"}],"author":[{"embeddable":true,"href":"https:\/\/www.polisrecreio.com.br\/site\/wp-json\/wp\/v2\/users\/3"}],"replies":[{"embeddable":true,"href":"https:\/\/www.polisrecreio.com.br\/site\/wp-json\/wp\/v2\/comments?post=5757"}],"version-history":[{"count":1,"href":"https:\/\/www.polisrecreio.com.br\/site\/wp-json\/wp\/v2\/posts\/5757\/revisions"}],"predecessor-version":[{"id":5759,"href":"https:\/\/www.polisrecreio.com.br\/site\/wp-json\/wp\/v2\/posts\/5757\/revisions\/5759"}],"wp:featuredmedia":[{"embeddable":true,"href":"https:\/\/www.polisrecreio.com.br\/site\/wp-json\/wp\/v2\/media\/5758"}],"wp:attachment":[{"href":"https:\/\/www.polisrecreio.com.br\/site\/wp-json\/wp\/v2\/media?parent=5757"}],"wp:term":[{"taxonomy":"category","embeddable":true,"href":"https:\/\/www.polisrecreio.com.br\/site\/wp-json\/wp\/v2\/categories?post=5757"},{"taxonomy":"post_tag","embeddable":true,"href":"https:\/\/www.polisrecreio.com.br\/site\/wp-json\/wp\/v2\/tags?post=5757"}],"curies":[{"name":"wp","href":"https:\/\/api.w.org\/{rel}","templated":true}]}}