{"id":5760,"date":"2017-06-03T12:16:55","date_gmt":"2017-06-03T15:16:55","guid":{"rendered":"http:\/\/www.polisrecreio.com.br\/site\/?p=5760"},"modified":"2017-06-03T12:16:55","modified_gmt":"2017-06-03T15:16:55","slug":"morador-de-rua-que-estava-em-recreio-reencontra-a-familia","status":"publish","type":"post","link":"https:\/\/www.polisrecreio.com.br\/site\/2017\/06\/03\/morador-de-rua-que-estava-em-recreio-reencontra-a-familia\/","title":{"rendered":"Morador de rua que estava em Recreio reencontra a fam\u00edlia"},"content":{"rendered":"<p style=\"text-align: justify;\">Na \u00faltima quarta-feira (31) ap\u00f3s publica\u00e7\u00e3o do Site P\u00f3lis com o t\u00edtulo \u201cEquipe do prefeito Z\u00e9 Maria Barros auxilia morador de rua e tenta encontrar parentes do RJ\u201d a fam\u00edlia entrou em contato e neste s\u00e1bado (3) o senhor, Pedro Paulo C\u00e2ndido Ezequiel, reencontrou a fam\u00edlia no estado do Rio de Janeiro acompanhado do secret\u00e1rio de Desenvolvimento Social de Recreio, Diego Pena.<\/p>\n<p style=\"text-align: justify;\"><!--more--><\/p>\n<figure id=\"attachment_5761\" aria-describedby=\"caption-attachment-5761\" style=\"width: 750px\" class=\"wp-caption aligncenter\"><a href=\"http:\/\/www.polisrecreio.com.br\/site\/wp-content\/uploads\/2017\/06\/IMG-20170603-WA0001.jpg\"><img loading=\"lazy\" class=\"size-full wp-image-5761\" src=\"http:\/\/www.polisrecreio.com.br\/site\/wp-content\/uploads\/2017\/06\/IMG-20170603-WA0001.jpg\" alt=\"Secret\u00e1rio de Desenvolvimento Social, Diego; Sr. Pedro Paulo e seus familiares.\" width=\"750\" height=\"422\" srcset=\"https:\/\/www.polisrecreio.com.br\/site\/wp-content\/uploads\/2017\/06\/IMG-20170603-WA0001.jpg 750w, https:\/\/www.polisrecreio.com.br\/site\/wp-content\/uploads\/2017\/06\/IMG-20170603-WA0001-300x169.jpg 300w\" sizes=\"(max-width: 750px) 100vw, 750px\" \/><\/a><figcaption id=\"caption-attachment-5761\" class=\"wp-caption-text\">Secret\u00e1rio de Desenvolvimento Social, Diego; Sr. Pedro Paulo e seus familiares.<\/figcaption><\/figure>\n<p style=\"text-align: justify;\">Segundo informa\u00e7\u00f5es Sr. Pedro Paulo estava distante de casa a mais de 300 km. A viagem aconteceu por interm\u00e9dio da equipe do prefeito Z\u00e9 Maria Barros atrav\u00e9s da Secretaria Municipal de Desenvolvimento Social.<\/p>\n<p style=\"text-align: justify;\">O senhor reencontrou a fam\u00edlia em Belford Roxo e disse estar feliz por voltar pra casa.<\/p>\n<p style=\"text-align: justify;\">Confira\u00a0<a href=\"http:\/\/www.polisrecreio.com.br\/site\/2017\/05\/31\/equipe-do-prefeito-ze-maria-barros-auxilia-morador-de-rua-e-tenta-encontrar-parentes-do-rj\/#more-5724\" target=\"_blank\">http:\/\/www.polisrecreio.com.br\/site\/2017\/05\/31\/equipe-do-prefeito-ze-maria-barros-auxilia-morador-de-rua-e-tenta-encontrar-parentes-do-rj\/#more-5724<\/a>.<\/p>\n","protected":false},"excerpt":{"rendered":"<p>Na \u00faltima quarta-feira (31) ap\u00f3s publica\u00e7\u00e3o do Site P\u00f3lis com o t\u00edtulo \u201cEquipe do prefeito Z\u00e9 Maria Barros auxilia morador de rua e tenta encontrar parentes do RJ\u201d a fam\u00edlia entrou em contato e neste s\u00e1bado (3) o senhor, Pedro Paulo C\u00e2ndido Ezequiel, reencontrou a fam\u00edlia no estado do Rio de Janeiro acompanhado do secret\u00e1rio [&hellip;]<\/p>\n","protected":false},"author":3,"featured_media":5761,"comment_status":"open","ping_status":"open","sticky":false,"template":"","format":"standard","meta":[],"categories":[5],"tags":[],"yoast_head":"<!-- This site is optimized with the Yoast SEO plugin v15.6.2 - https:\/\/yoast.com\/wordpress\/plugins\/seo\/ -->\n<meta name=\"robots\" content=\"index, follow, max-snippet:-1, max-image-preview:large, max-video-preview:-1\" \/>\n<link rel=\"canonical\" href=\"http:\/\/www.polisrecreio.com.br\/site\/2017\/06\/03\/morador-de-rua-que-estava-em-recreio-reencontra-a-familia\/\" \/>\n<meta property=\"og:locale\" content=\"pt_BR\" \/>\n<meta property=\"og:type\" content=\"article\" \/>\n<meta property=\"og:title\" content=\"Morador de rua que estava em Recreio reencontra a fam\u00edlia - P\u00f3lis Recreio\" \/>\n<meta property=\"og:description\" content=\"Na \u00faltima quarta-feira (31) ap\u00f3s publica\u00e7\u00e3o do Site P\u00f3lis com o t\u00edtulo \u201cEquipe do prefeito Z\u00e9 Maria Barros auxilia morador de rua e tenta encontrar parentes do RJ\u201d a fam\u00edlia entrou em contato e neste s\u00e1bado (3) o senhor, Pedro Paulo C\u00e2ndido Ezequiel, reencontrou a fam\u00edlia no estado do Rio de Janeiro acompanhado do secret\u00e1rio [&hellip;]\" \/>\n<meta property=\"og:url\" content=\"http:\/\/www.polisrecreio.com.br\/site\/2017\/06\/03\/morador-de-rua-que-estava-em-recreio-reencontra-a-familia\/\" \/>\n<meta property=\"og:site_name\" content=\"P\u00f3lis Recreio\" \/>\n<meta property=\"article:publisher\" content=\"https:\/\/www.facebook.com\/Site-P%c3%b3lis-Recreio-MG-181941708571019\/\" \/>\n<meta property=\"article:published_time\" content=\"2017-06-03T15:16:55+00:00\" \/>\n<meta property=\"og:image\" content=\"https:\/\/www.polisrecreio.com.br\/site\/wp-content\/uploads\/2017\/06\/IMG-20170603-WA0001.jpg\" \/>\n\t<meta property=\"og:image:width\" content=\"750\" \/>\n\t<meta property=\"og:image:height\" content=\"422\" \/>\n<meta name=\"twitter:card\" content=\"summary_large_image\" \/>\n<meta name=\"twitter:creator\" content=\"@PolisRecreio\" \/>\n<meta name=\"twitter:site\" content=\"@PolisRecreio\" \/>\n<meta name=\"twitter:label1\" content=\"Est. reading time\">\n\t<meta name=\"twitter:data1\" content=\"1 minuto\">\n<script type=\"application\/ld+json\" class=\"yoast-schema-graph\">{\"@context\":\"https:\/\/schema.org\",\"@graph\":[{\"@type\":\"WebSite\",\"@id\":\"https:\/\/www.polisrecreio.com.br\/site\/#website\",\"url\":\"https:\/\/www.polisrecreio.com.br\/site\/\",\"name\":\"P\\u00f3lis Recreio\",\"description\":\"\",\"potentialAction\":[{\"@type\":\"SearchAction\",\"target\":\"https:\/\/www.polisrecreio.com.br\/site\/?s={search_term_string}\",\"query-input\":\"required name=search_term_string\"}],\"inLanguage\":\"pt-BR\"},{\"@type\":\"ImageObject\",\"@id\":\"http:\/\/www.polisrecreio.com.br\/site\/2017\/06\/03\/morador-de-rua-que-estava-em-recreio-reencontra-a-familia\/#primaryimage\",\"inLanguage\":\"pt-BR\",\"url\":\"https:\/\/www.polisrecreio.com.br\/site\/wp-content\/uploads\/2017\/06\/IMG-20170603-WA0001.jpg\",\"width\":750,\"height\":422,\"caption\":\"Secret\\u00e1rio de Desenvolvimento Social, Diego; Sr. Pedro Paulo e seus familiares.\"},{\"@type\":\"WebPage\",\"@id\":\"http:\/\/www.polisrecreio.com.br\/site\/2017\/06\/03\/morador-de-rua-que-estava-em-recreio-reencontra-a-familia\/#webpage\",\"url\":\"http:\/\/www.polisrecreio.com.br\/site\/2017\/06\/03\/morador-de-rua-que-estava-em-recreio-reencontra-a-familia\/\",\"name\":\"Morador de rua que estava em Recreio reencontra a fam\\u00edlia - P\\u00f3lis Recreio\",\"isPartOf\":{\"@id\":\"https:\/\/www.polisrecreio.com.br\/site\/#website\"},\"primaryImageOfPage\":{\"@id\":\"http:\/\/www.polisrecreio.com.br\/site\/2017\/06\/03\/morador-de-rua-que-estava-em-recreio-reencontra-a-familia\/#primaryimage\"},\"datePublished\":\"2017-06-03T15:16:55+00:00\",\"dateModified\":\"2017-06-03T15:16:55+00:00\",\"author\":{\"@id\":\"https:\/\/www.polisrecreio.com.br\/site\/#\/schema\/person\/3363c1c78e1e28e1329d97adb387638e\"},\"inLanguage\":\"pt-BR\",\"potentialAction\":[{\"@type\":\"ReadAction\",\"target\":[\"http:\/\/www.polisrecreio.com.br\/site\/2017\/06\/03\/morador-de-rua-que-estava-em-recreio-reencontra-a-familia\/\"]}]},{\"@type\":\"Person\",\"@id\":\"https:\/\/www.polisrecreio.com.br\/site\/#\/schema\/person\/3363c1c78e1e28e1329d97adb387638e\",\"name\":\"Leonardo Ribeiro\",\"image\":{\"@type\":\"ImageObject\",\"@id\":\"https:\/\/www.polisrecreio.com.br\/site\/#personlogo\",\"inLanguage\":\"pt-BR\",\"url\":\"https:\/\/secure.gravatar.com\/avatar\/6ba92a37d621e1a83e23710251178a12?s=96&d=mm&r=g\",\"caption\":\"Leonardo Ribeiro\"},\"sameAs\":[\"http:\/\/www.polisrecreio.com.br\"]}]}<\/script>\n<!-- \/ Yoast SEO plugin. -->","_links":{"self":[{"href":"https:\/\/www.polisrecreio.com.br\/site\/wp-json\/wp\/v2\/posts\/5760"}],"collection":[{"href":"https:\/\/www.polisrecreio.com.br\/site\/wp-json\/wp\/v2\/posts"}],"about":[{"href":"https:\/\/www.polisrecreio.com.br\/site\/wp-json\/wp\/v2\/types\/post"}],"author":[{"embeddable":true,"href":"https:\/\/www.polisrecreio.com.br\/site\/wp-json\/wp\/v2\/users\/3"}],"replies":[{"embeddable":true,"href":"https:\/\/www.polisrecreio.com.br\/site\/wp-json\/wp\/v2\/comments?post=5760"}],"version-history":[{"count":1,"href":"https:\/\/www.polisrecreio.com.br\/site\/wp-json\/wp\/v2\/posts\/5760\/revisions"}],"predecessor-version":[{"id":5762,"href":"https:\/\/www.polisrecreio.com.br\/site\/wp-json\/wp\/v2\/posts\/5760\/revisions\/5762"}],"wp:featuredmedia":[{"embeddable":true,"href":"https:\/\/www.polisrecreio.com.br\/site\/wp-json\/wp\/v2\/media\/5761"}],"wp:attachment":[{"href":"https:\/\/www.polisrecreio.com.br\/site\/wp-json\/wp\/v2\/media?parent=5760"}],"wp:term":[{"taxonomy":"category","embeddable":true,"href":"https:\/\/www.polisrecreio.com.br\/site\/wp-json\/wp\/v2\/categories?post=5760"},{"taxonomy":"post_tag","embeddable":true,"href":"https:\/\/www.polisrecreio.com.br\/site\/wp-json\/wp\/v2\/tags?post=5760"}],"curies":[{"name":"wp","href":"https:\/\/api.w.org\/{rel}","templated":true}]}}