{"id":5768,"date":"2017-06-04T14:10:50","date_gmt":"2017-06-04T17:10:50","guid":{"rendered":"http:\/\/www.polisrecreio.com.br\/site\/?p=5768"},"modified":"2017-06-04T14:10:50","modified_gmt":"2017-06-04T17:10:50","slug":"fornecimento-de-agua-em-recreio-volta-ao-normal-antes-do-previsto","status":"publish","type":"post","link":"https:\/\/www.polisrecreio.com.br\/site\/2017\/06\/04\/fornecimento-de-agua-em-recreio-volta-ao-normal-antes-do-previsto\/","title":{"rendered":"Fornecimento de \u00e1gua em Recreio volta ao normal antes do previsto"},"content":{"rendered":"<p style=\"text-align: justify;\">Por causa do rompimento de uma tubula\u00e7\u00e3o na Rua Paulino Ferreira Neto o Servi\u00e7o Aut\u00f4nomo de \u00c1gua e Esgoto \u201cSAAE\u201d havia suspendido o abastecimento de \u00e1gua neste domingo (4) em Recreio para execu\u00e7\u00e3o dos servi\u00e7os de reparos. Antes do hor\u00e1rio previsto o fornecimento voltou ao normal.<\/p>\n<p style=\"text-align: justify;\"><!--more--><\/p>\n<figure id=\"attachment_5766\" aria-describedby=\"caption-attachment-5766\" style=\"width: 750px\" class=\"wp-caption aligncenter\"><a href=\"http:\/\/www.polisrecreio.com.br\/site\/wp-content\/uploads\/2017\/06\/DSCF6996.jpg\"><img loading=\"lazy\" class=\"size-full wp-image-5766\" src=\"http:\/\/www.polisrecreio.com.br\/site\/wp-content\/uploads\/2017\/06\/DSCF6996.jpg\" alt=\"Servi\u00e7os de recupera\u00e7\u00e3o da tubula\u00e7\u00e3o.\" width=\"750\" height=\"563\" srcset=\"https:\/\/www.polisrecreio.com.br\/site\/wp-content\/uploads\/2017\/06\/DSCF6996.jpg 750w, https:\/\/www.polisrecreio.com.br\/site\/wp-content\/uploads\/2017\/06\/DSCF6996-300x225.jpg 300w\" sizes=\"(max-width: 750px) 100vw, 750px\" \/><\/a><figcaption id=\"caption-attachment-5766\" class=\"wp-caption-text\">Servi\u00e7os de recupera\u00e7\u00e3o da tubula\u00e7\u00e3o.<\/figcaption><\/figure>\n<p style=\"text-align: justify;\">O diretor do SAAE, Jos\u00e9 Augusto de Souza Filho \u201cDutinha\u201d, havia emitido um comunicado que o fornecimento ficaria interrompido at\u00e9 as 17h, entretanto \u00e0s 13h o servi\u00e7o estava conclu\u00eddo e a distribui\u00e7\u00e3o de \u00e1gua foi liberada.<\/p>\n<p style=\"text-align: justify;\">Os reparos na tubula\u00e7\u00e3o contaram com apoio da Secretaria de Desenvolvimento Urbano. A partir desta segunda-feira (5) ser\u00e1 realizada a reconstitui\u00e7\u00e3o do cal\u00e7amento.<\/p>\n","protected":false},"excerpt":{"rendered":"<p>Por causa do rompimento de uma tubula\u00e7\u00e3o na Rua Paulino Ferreira Neto o Servi\u00e7o Aut\u00f4nomo de \u00c1gua e Esgoto \u201cSAAE\u201d havia suspendido o abastecimento de \u00e1gua neste domingo (4) em Recreio para execu\u00e7\u00e3o dos servi\u00e7os de reparos. Antes do hor\u00e1rio previsto o fornecimento voltou ao normal.<\/p>\n","protected":false},"author":3,"featured_media":5766,"comment_status":"open","ping_status":"open","sticky":false,"template":"","format":"standard","meta":[],"categories":[6],"tags":[],"yoast_head":"<!-- This site is optimized with the Yoast SEO plugin v15.6.2 - https:\/\/yoast.com\/wordpress\/plugins\/seo\/ -->\n<meta name=\"robots\" content=\"index, follow, max-snippet:-1, max-image-preview:large, max-video-preview:-1\" \/>\n<link rel=\"canonical\" href=\"https:\/\/www.polisrecreio.com.br\/site\/2017\/06\/04\/fornecimento-de-agua-em-recreio-volta-ao-normal-antes-do-previsto\/\" \/>\n<meta property=\"og:locale\" content=\"pt_BR\" \/>\n<meta property=\"og:type\" content=\"article\" \/>\n<meta property=\"og:title\" content=\"Fornecimento de \u00e1gua em Recreio volta ao normal antes do previsto - P\u00f3lis Recreio\" \/>\n<meta property=\"og:description\" content=\"Por causa do rompimento de uma tubula\u00e7\u00e3o na Rua Paulino Ferreira Neto o Servi\u00e7o Aut\u00f4nomo de \u00c1gua e Esgoto \u201cSAAE\u201d havia suspendido o abastecimento de \u00e1gua neste domingo (4) em Recreio para execu\u00e7\u00e3o dos servi\u00e7os de reparos. Antes do hor\u00e1rio previsto o fornecimento voltou ao normal.\" \/>\n<meta property=\"og:url\" content=\"https:\/\/www.polisrecreio.com.br\/site\/2017\/06\/04\/fornecimento-de-agua-em-recreio-volta-ao-normal-antes-do-previsto\/\" \/>\n<meta property=\"og:site_name\" content=\"P\u00f3lis Recreio\" \/>\n<meta property=\"article:publisher\" content=\"https:\/\/www.facebook.com\/Site-P%c3%b3lis-Recreio-MG-181941708571019\/\" \/>\n<meta property=\"article:published_time\" content=\"2017-06-04T17:10:50+00:00\" \/>\n<meta property=\"og:image\" content=\"https:\/\/www.polisrecreio.com.br\/site\/wp-content\/uploads\/2017\/06\/DSCF6996.jpg\" \/>\n\t<meta property=\"og:image:width\" content=\"750\" \/>\n\t<meta property=\"og:image:height\" content=\"563\" \/>\n<meta name=\"twitter:card\" content=\"summary_large_image\" \/>\n<meta name=\"twitter:creator\" content=\"@PolisRecreio\" \/>\n<meta name=\"twitter:site\" content=\"@PolisRecreio\" \/>\n<meta name=\"twitter:label1\" content=\"Est. reading time\">\n\t<meta name=\"twitter:data1\" content=\"1 minuto\">\n<script type=\"application\/ld+json\" class=\"yoast-schema-graph\">{\"@context\":\"https:\/\/schema.org\",\"@graph\":[{\"@type\":\"WebSite\",\"@id\":\"https:\/\/www.polisrecreio.com.br\/site\/#website\",\"url\":\"https:\/\/www.polisrecreio.com.br\/site\/\",\"name\":\"P\\u00f3lis Recreio\",\"description\":\"\",\"potentialAction\":[{\"@type\":\"SearchAction\",\"target\":\"https:\/\/www.polisrecreio.com.br\/site\/?s={search_term_string}\",\"query-input\":\"required name=search_term_string\"}],\"inLanguage\":\"pt-BR\"},{\"@type\":\"ImageObject\",\"@id\":\"https:\/\/www.polisrecreio.com.br\/site\/2017\/06\/04\/fornecimento-de-agua-em-recreio-volta-ao-normal-antes-do-previsto\/#primaryimage\",\"inLanguage\":\"pt-BR\",\"url\":\"https:\/\/www.polisrecreio.com.br\/site\/wp-content\/uploads\/2017\/06\/DSCF6996.jpg\",\"width\":750,\"height\":563,\"caption\":\"Servi\\u00e7os de recupera\\u00e7\\u00e3o da tubula\\u00e7\\u00e3o.\"},{\"@type\":\"WebPage\",\"@id\":\"https:\/\/www.polisrecreio.com.br\/site\/2017\/06\/04\/fornecimento-de-agua-em-recreio-volta-ao-normal-antes-do-previsto\/#webpage\",\"url\":\"https:\/\/www.polisrecreio.com.br\/site\/2017\/06\/04\/fornecimento-de-agua-em-recreio-volta-ao-normal-antes-do-previsto\/\",\"name\":\"Fornecimento de \\u00e1gua em Recreio volta ao normal antes do previsto - P\\u00f3lis Recreio\",\"isPartOf\":{\"@id\":\"https:\/\/www.polisrecreio.com.br\/site\/#website\"},\"primaryImageOfPage\":{\"@id\":\"https:\/\/www.polisrecreio.com.br\/site\/2017\/06\/04\/fornecimento-de-agua-em-recreio-volta-ao-normal-antes-do-previsto\/#primaryimage\"},\"datePublished\":\"2017-06-04T17:10:50+00:00\",\"dateModified\":\"2017-06-04T17:10:50+00:00\",\"author\":{\"@id\":\"https:\/\/www.polisrecreio.com.br\/site\/#\/schema\/person\/3363c1c78e1e28e1329d97adb387638e\"},\"inLanguage\":\"pt-BR\",\"potentialAction\":[{\"@type\":\"ReadAction\",\"target\":[\"https:\/\/www.polisrecreio.com.br\/site\/2017\/06\/04\/fornecimento-de-agua-em-recreio-volta-ao-normal-antes-do-previsto\/\"]}]},{\"@type\":\"Person\",\"@id\":\"https:\/\/www.polisrecreio.com.br\/site\/#\/schema\/person\/3363c1c78e1e28e1329d97adb387638e\",\"name\":\"Leonardo Ribeiro\",\"image\":{\"@type\":\"ImageObject\",\"@id\":\"https:\/\/www.polisrecreio.com.br\/site\/#personlogo\",\"inLanguage\":\"pt-BR\",\"url\":\"https:\/\/secure.gravatar.com\/avatar\/6ba92a37d621e1a83e23710251178a12?s=96&d=mm&r=g\",\"caption\":\"Leonardo Ribeiro\"},\"sameAs\":[\"http:\/\/www.polisrecreio.com.br\"]}]}<\/script>\n<!-- \/ Yoast SEO plugin. -->","_links":{"self":[{"href":"https:\/\/www.polisrecreio.com.br\/site\/wp-json\/wp\/v2\/posts\/5768"}],"collection":[{"href":"https:\/\/www.polisrecreio.com.br\/site\/wp-json\/wp\/v2\/posts"}],"about":[{"href":"https:\/\/www.polisrecreio.com.br\/site\/wp-json\/wp\/v2\/types\/post"}],"author":[{"embeddable":true,"href":"https:\/\/www.polisrecreio.com.br\/site\/wp-json\/wp\/v2\/users\/3"}],"replies":[{"embeddable":true,"href":"https:\/\/www.polisrecreio.com.br\/site\/wp-json\/wp\/v2\/comments?post=5768"}],"version-history":[{"count":1,"href":"https:\/\/www.polisrecreio.com.br\/site\/wp-json\/wp\/v2\/posts\/5768\/revisions"}],"predecessor-version":[{"id":5769,"href":"https:\/\/www.polisrecreio.com.br\/site\/wp-json\/wp\/v2\/posts\/5768\/revisions\/5769"}],"wp:featuredmedia":[{"embeddable":true,"href":"https:\/\/www.polisrecreio.com.br\/site\/wp-json\/wp\/v2\/media\/5766"}],"wp:attachment":[{"href":"https:\/\/www.polisrecreio.com.br\/site\/wp-json\/wp\/v2\/media?parent=5768"}],"wp:term":[{"taxonomy":"category","embeddable":true,"href":"https:\/\/www.polisrecreio.com.br\/site\/wp-json\/wp\/v2\/categories?post=5768"},{"taxonomy":"post_tag","embeddable":true,"href":"https:\/\/www.polisrecreio.com.br\/site\/wp-json\/wp\/v2\/tags?post=5768"}],"curies":[{"name":"wp","href":"https:\/\/api.w.org\/{rel}","templated":true}]}}