{"id":5773,"date":"2017-06-05T10:05:55","date_gmt":"2017-06-05T13:05:55","guid":{"rendered":"http:\/\/www.polisrecreio.com.br\/site\/?p=5773"},"modified":"2017-06-05T10:05:55","modified_gmt":"2017-06-05T13:05:55","slug":"secretaria-de-saude-aguarda-autorizacao-para-vacinar-toda-a-populacao-contra-a-gripe","status":"publish","type":"post","link":"https:\/\/www.polisrecreio.com.br\/site\/2017\/06\/05\/secretaria-de-saude-aguarda-autorizacao-para-vacinar-toda-a-populacao-contra-a-gripe\/","title":{"rendered":"Secretaria de Sa\u00fade aguarda autoriza\u00e7\u00e3o para vacinar toda a popula\u00e7\u00e3o contra a gripe"},"content":{"rendered":"<p style=\"text-align: justify;\">Na \u00faltima sexta-feira (2), o Minist\u00e9rio da Sa\u00fade orientou os Estados e munic\u00edpios a ofertar a vacina contra a gripe para todas a\u00a0popula\u00e7\u00e3o, por\u00e9m a Secretaria Municipal de Sa\u00fade de Recreio recebeu o comunicado do Setor de Imuniza\u00e7\u00e3o da Ger\u00eancia Regional de Sa\u00fade de Leopoldina para aguardar a autoriza\u00e7\u00e3o oficial do \u00f3rg\u00e3o.<\/p>\n<p style=\"text-align: justify;\"><!--more--><\/p>\n<figure id=\"attachment_5774\" aria-describedby=\"caption-attachment-5774\" style=\"width: 750px\" class=\"wp-caption aligncenter\"><a href=\"http:\/\/www.polisrecreio.com.br\/site\/wp-content\/uploads\/2017\/06\/vacina-gripe-campinas-1-1.jpg\"><img loading=\"lazy\" class=\"size-full wp-image-5774\" src=\"http:\/\/www.polisrecreio.com.br\/site\/wp-content\/uploads\/2017\/06\/vacina-gripe-campinas-1-1.jpg\" alt=\"Imagem ilustrativa.\" width=\"750\" height=\"468\" srcset=\"https:\/\/www.polisrecreio.com.br\/site\/wp-content\/uploads\/2017\/06\/vacina-gripe-campinas-1-1.jpg 750w, https:\/\/www.polisrecreio.com.br\/site\/wp-content\/uploads\/2017\/06\/vacina-gripe-campinas-1-1-300x187.jpg 300w\" sizes=\"(max-width: 750px) 100vw, 750px\" \/><\/a><figcaption id=\"caption-attachment-5774\" class=\"wp-caption-text\">Imagem ilustrativa.<\/figcaption><\/figure>\n<p style=\"text-align: justify;\">Por enquanto, em Recreio, a vacina\u00e7\u00e3o est\u00e1 mantida apenas para o p\u00fablico alvo: crian\u00e7as de 6 meses a menores que 5 anos (quatro anos, 11 meses e 29 dias); gestantes e pu\u00e9rperas (mulheres que est\u00e3o no per\u00edodo de at\u00e9 45 dias ap\u00f3s o parto); idosos (a partir de 60 anos); profissionais da sa\u00fade; portadores de doen\u00e7as cr\u00f4nicas e outras doen\u00e7as que comprometam a imunidade; e professores de escolas p\u00fablicas ou privadas.<\/p>\n<p style=\"text-align: justify;\">\u201cAssim que chegar a autoriza\u00e7\u00e3o da GRS\/Leopoldina o Munic\u00edpio far\u00e1 as devidas divulga\u00e7\u00f5es\u201d, informou a secret\u00e1ria de Sa\u00fade, Gabriela Helena de Paula.<\/p>\n<p>&nbsp;<\/p>\n","protected":false},"excerpt":{"rendered":"<p>Na \u00faltima sexta-feira (2), o Minist\u00e9rio da Sa\u00fade orientou os Estados e munic\u00edpios a ofertar a vacina contra a gripe para todas a\u00a0popula\u00e7\u00e3o, por\u00e9m a Secretaria Municipal de Sa\u00fade de Recreio recebeu o comunicado do Setor de Imuniza\u00e7\u00e3o da Ger\u00eancia Regional de Sa\u00fade de Leopoldina para aguardar a autoriza\u00e7\u00e3o oficial do \u00f3rg\u00e3o.<\/p>\n","protected":false},"author":3,"featured_media":5774,"comment_status":"open","ping_status":"open","sticky":false,"template":"","format":"standard","meta":[],"categories":[7],"tags":[],"yoast_head":"<!-- This site is optimized with the Yoast SEO plugin v15.6.2 - https:\/\/yoast.com\/wordpress\/plugins\/seo\/ -->\n<meta name=\"robots\" content=\"index, follow, max-snippet:-1, max-image-preview:large, max-video-preview:-1\" \/>\n<link rel=\"canonical\" href=\"https:\/\/www.polisrecreio.com.br\/site\/2017\/06\/05\/secretaria-de-saude-aguarda-autorizacao-para-vacinar-toda-a-populacao-contra-a-gripe\/\" \/>\n<meta property=\"og:locale\" content=\"pt_BR\" \/>\n<meta property=\"og:type\" content=\"article\" \/>\n<meta property=\"og:title\" content=\"Secretaria de Sa\u00fade aguarda autoriza\u00e7\u00e3o para vacinar toda a popula\u00e7\u00e3o contra a gripe - P\u00f3lis Recreio\" \/>\n<meta property=\"og:description\" content=\"Na \u00faltima sexta-feira (2), o Minist\u00e9rio da Sa\u00fade orientou os Estados e munic\u00edpios a ofertar a vacina contra a gripe para todas a\u00a0popula\u00e7\u00e3o, por\u00e9m a Secretaria Municipal de Sa\u00fade de Recreio recebeu o comunicado do Setor de Imuniza\u00e7\u00e3o da Ger\u00eancia Regional de Sa\u00fade de Leopoldina para aguardar a autoriza\u00e7\u00e3o oficial do \u00f3rg\u00e3o.\" \/>\n<meta property=\"og:url\" content=\"https:\/\/www.polisrecreio.com.br\/site\/2017\/06\/05\/secretaria-de-saude-aguarda-autorizacao-para-vacinar-toda-a-populacao-contra-a-gripe\/\" \/>\n<meta property=\"og:site_name\" content=\"P\u00f3lis Recreio\" \/>\n<meta property=\"article:publisher\" content=\"https:\/\/www.facebook.com\/Site-P%c3%b3lis-Recreio-MG-181941708571019\/\" \/>\n<meta property=\"article:published_time\" content=\"2017-06-05T13:05:55+00:00\" \/>\n<meta property=\"og:image\" content=\"https:\/\/www.polisrecreio.com.br\/site\/wp-content\/uploads\/2017\/06\/vacina-gripe-campinas-1-1.jpg\" \/>\n\t<meta property=\"og:image:width\" content=\"750\" \/>\n\t<meta property=\"og:image:height\" content=\"468\" \/>\n<meta name=\"twitter:card\" content=\"summary_large_image\" \/>\n<meta name=\"twitter:creator\" content=\"@PolisRecreio\" \/>\n<meta name=\"twitter:site\" content=\"@PolisRecreio\" \/>\n<meta name=\"twitter:label1\" content=\"Est. reading time\">\n\t<meta name=\"twitter:data1\" content=\"1 minuto\">\n<script type=\"application\/ld+json\" class=\"yoast-schema-graph\">{\"@context\":\"https:\/\/schema.org\",\"@graph\":[{\"@type\":\"WebSite\",\"@id\":\"https:\/\/www.polisrecreio.com.br\/site\/#website\",\"url\":\"https:\/\/www.polisrecreio.com.br\/site\/\",\"name\":\"P\\u00f3lis Recreio\",\"description\":\"\",\"potentialAction\":[{\"@type\":\"SearchAction\",\"target\":\"https:\/\/www.polisrecreio.com.br\/site\/?s={search_term_string}\",\"query-input\":\"required name=search_term_string\"}],\"inLanguage\":\"pt-BR\"},{\"@type\":\"ImageObject\",\"@id\":\"https:\/\/www.polisrecreio.com.br\/site\/2017\/06\/05\/secretaria-de-saude-aguarda-autorizacao-para-vacinar-toda-a-populacao-contra-a-gripe\/#primaryimage\",\"inLanguage\":\"pt-BR\",\"url\":\"https:\/\/www.polisrecreio.com.br\/site\/wp-content\/uploads\/2017\/06\/vacina-gripe-campinas-1-1.jpg\",\"width\":750,\"height\":468,\"caption\":\"Imagem ilustrativa.\"},{\"@type\":\"WebPage\",\"@id\":\"https:\/\/www.polisrecreio.com.br\/site\/2017\/06\/05\/secretaria-de-saude-aguarda-autorizacao-para-vacinar-toda-a-populacao-contra-a-gripe\/#webpage\",\"url\":\"https:\/\/www.polisrecreio.com.br\/site\/2017\/06\/05\/secretaria-de-saude-aguarda-autorizacao-para-vacinar-toda-a-populacao-contra-a-gripe\/\",\"name\":\"Secretaria de Sa\\u00fade aguarda autoriza\\u00e7\\u00e3o para vacinar toda a popula\\u00e7\\u00e3o contra a gripe - P\\u00f3lis Recreio\",\"isPartOf\":{\"@id\":\"https:\/\/www.polisrecreio.com.br\/site\/#website\"},\"primaryImageOfPage\":{\"@id\":\"https:\/\/www.polisrecreio.com.br\/site\/2017\/06\/05\/secretaria-de-saude-aguarda-autorizacao-para-vacinar-toda-a-populacao-contra-a-gripe\/#primaryimage\"},\"datePublished\":\"2017-06-05T13:05:55+00:00\",\"dateModified\":\"2017-06-05T13:05:55+00:00\",\"author\":{\"@id\":\"https:\/\/www.polisrecreio.com.br\/site\/#\/schema\/person\/3363c1c78e1e28e1329d97adb387638e\"},\"inLanguage\":\"pt-BR\",\"potentialAction\":[{\"@type\":\"ReadAction\",\"target\":[\"https:\/\/www.polisrecreio.com.br\/site\/2017\/06\/05\/secretaria-de-saude-aguarda-autorizacao-para-vacinar-toda-a-populacao-contra-a-gripe\/\"]}]},{\"@type\":\"Person\",\"@id\":\"https:\/\/www.polisrecreio.com.br\/site\/#\/schema\/person\/3363c1c78e1e28e1329d97adb387638e\",\"name\":\"Leonardo Ribeiro\",\"image\":{\"@type\":\"ImageObject\",\"@id\":\"https:\/\/www.polisrecreio.com.br\/site\/#personlogo\",\"inLanguage\":\"pt-BR\",\"url\":\"https:\/\/secure.gravatar.com\/avatar\/6ba92a37d621e1a83e23710251178a12?s=96&d=mm&r=g\",\"caption\":\"Leonardo Ribeiro\"},\"sameAs\":[\"http:\/\/www.polisrecreio.com.br\"]}]}<\/script>\n<!-- \/ Yoast SEO plugin. -->","_links":{"self":[{"href":"https:\/\/www.polisrecreio.com.br\/site\/wp-json\/wp\/v2\/posts\/5773"}],"collection":[{"href":"https:\/\/www.polisrecreio.com.br\/site\/wp-json\/wp\/v2\/posts"}],"about":[{"href":"https:\/\/www.polisrecreio.com.br\/site\/wp-json\/wp\/v2\/types\/post"}],"author":[{"embeddable":true,"href":"https:\/\/www.polisrecreio.com.br\/site\/wp-json\/wp\/v2\/users\/3"}],"replies":[{"embeddable":true,"href":"https:\/\/www.polisrecreio.com.br\/site\/wp-json\/wp\/v2\/comments?post=5773"}],"version-history":[{"count":1,"href":"https:\/\/www.polisrecreio.com.br\/site\/wp-json\/wp\/v2\/posts\/5773\/revisions"}],"predecessor-version":[{"id":5775,"href":"https:\/\/www.polisrecreio.com.br\/site\/wp-json\/wp\/v2\/posts\/5773\/revisions\/5775"}],"wp:featuredmedia":[{"embeddable":true,"href":"https:\/\/www.polisrecreio.com.br\/site\/wp-json\/wp\/v2\/media\/5774"}],"wp:attachment":[{"href":"https:\/\/www.polisrecreio.com.br\/site\/wp-json\/wp\/v2\/media?parent=5773"}],"wp:term":[{"taxonomy":"category","embeddable":true,"href":"https:\/\/www.polisrecreio.com.br\/site\/wp-json\/wp\/v2\/categories?post=5773"},{"taxonomy":"post_tag","embeddable":true,"href":"https:\/\/www.polisrecreio.com.br\/site\/wp-json\/wp\/v2\/tags?post=5773"}],"curies":[{"name":"wp","href":"https:\/\/api.w.org\/{rel}","templated":true}]}}