{"id":5776,"date":"2017-06-05T14:38:12","date_gmt":"2017-06-05T17:38:12","guid":{"rendered":"http:\/\/www.polisrecreio.com.br\/site\/?p=5776"},"modified":"2017-06-05T14:38:12","modified_gmt":"2017-06-05T17:38:12","slug":"secretario-de-des-ec-e-sustentavel-apresenta-balanco-de-projeto-ambiental","status":"publish","type":"post","link":"https:\/\/www.polisrecreio.com.br\/site\/2017\/06\/05\/secretario-de-des-ec-e-sustentavel-apresenta-balanco-de-projeto-ambiental\/","title":{"rendered":"Secret\u00e1rio de Des. Ec. e Sustent\u00e1vel apresenta balan\u00e7o de projeto ambiental"},"content":{"rendered":"<p style=\"text-align: justify;\">O secret\u00e1rio de Desenvolvimento Econ\u00f4mico e Sustent\u00e1vel de Recreio, Jo\u00e3o Guilherme Ferreira, apresentou neste \u201cDia Mundial do Meio Ambiente\u201d o balan\u00e7o do projeto desenvolvido em parceria com a Secretaria Municipal de Educa\u00e7\u00e3o e Cultura, \u201cT\u00e1 na Hora do Meio Ambiente\u201d. Mais de 100 mudas foram plantadas em diversos pontos do Munic\u00edpio.<\/p>\n<p style=\"text-align: justify;\"><!--more--><\/p>\n<figure id=\"attachment_5777\" aria-describedby=\"caption-attachment-5777\" style=\"width: 750px\" class=\"wp-caption aligncenter\"><a href=\"http:\/\/www.polisrecreio.com.br\/site\/wp-content\/uploads\/2017\/06\/18740624_1510769232340880_5264964814435848238_n.jpg\"><img loading=\"lazy\" class=\"size-full wp-image-5777\" src=\"http:\/\/www.polisrecreio.com.br\/site\/wp-content\/uploads\/2017\/06\/18740624_1510769232340880_5264964814435848238_n.jpg\" alt=\"Secret\u00e1rio Jo\u00e3o Guilherme Ferreira no plantio com estudantes.\" width=\"750\" height=\"694\" srcset=\"https:\/\/www.polisrecreio.com.br\/site\/wp-content\/uploads\/2017\/06\/18740624_1510769232340880_5264964814435848238_n.jpg 750w, https:\/\/www.polisrecreio.com.br\/site\/wp-content\/uploads\/2017\/06\/18740624_1510769232340880_5264964814435848238_n-300x278.jpg 300w\" sizes=\"(max-width: 750px) 100vw, 750px\" \/><\/a><figcaption id=\"caption-attachment-5777\" class=\"wp-caption-text\">Secret\u00e1rio Jo\u00e3o Guilherme Ferreira no plantio com estudantes.<\/figcaption><\/figure>\n<p style=\"text-align: justify;\">A primeira etapa aconteceu nas escolas da rede estadual e municipal aconteceu com palestras, rodas de conversa e discuss\u00f5es sobre as quest\u00f5es ambientais. Na sequ\u00eancia os estudantes da cidade visitaram o manancial, localizada na Serra das Virgens, e plantaram diversas mudas nas margens. Em Angaturama, Barreiros e Concei\u00e7\u00e3o da Boa Vista, al\u00e9m do plantio em \u00e1reas pr\u00f3ximas de recursos h\u00eddricos, houve planta\u00e7\u00e3o em locais p\u00fablicos.<\/p>\n<p style=\"text-align: justify;\">Dentre as esp\u00e9cies arb\u00f3reas utilizadas no \u201cT\u00e1 na Hora do Meio Ambiente\u201d estiveram Angicos, Ing\u00e1s, Piorreiras, Jamel\u00e3o, dentre outras. Confira a quantidade por pontos: 84 em Recreio (manancial), 4 no Barreiros, 12 em Angaturama e 30 em Concei\u00e7\u00e3o da Boa Vista.<\/p>\n<p style=\"text-align: justify;\">\u201cAgradecemos pelo envolvimento dos estudantes e o total apoio promovido pela secret\u00e1ria de Educa\u00e7\u00e3o e Cultura, Maria Jos\u00e9 Lacerda \u201cZez\u00e9\u201d.<\/p>\n<p style=\"text-align: justify;\">O Dia Mundial do Meio Ambiente \u00e9 comemorado nesta segunda-feira, dia 5 de junho.<\/p>\n","protected":false},"excerpt":{"rendered":"<p>O secret\u00e1rio de Desenvolvimento Econ\u00f4mico e Sustent\u00e1vel de Recreio, Jo\u00e3o Guilherme Ferreira, apresentou neste \u201cDia Mundial do Meio Ambiente\u201d o balan\u00e7o do projeto desenvolvido em parceria com a Secretaria Municipal de Educa\u00e7\u00e3o e Cultura, \u201cT\u00e1 na Hora do Meio Ambiente\u201d. Mais de 100 mudas foram plantadas em diversos pontos do Munic\u00edpio.<\/p>\n","protected":false},"author":3,"featured_media":5777,"comment_status":"open","ping_status":"open","sticky":false,"template":"","format":"standard","meta":[],"categories":[14],"tags":[],"yoast_head":"<!-- This site is optimized with the Yoast SEO plugin v15.6.2 - https:\/\/yoast.com\/wordpress\/plugins\/seo\/ -->\n<meta name=\"robots\" content=\"index, follow, max-snippet:-1, max-image-preview:large, max-video-preview:-1\" \/>\n<link rel=\"canonical\" href=\"https:\/\/www.polisrecreio.com.br\/site\/2017\/06\/05\/secretario-de-des-ec-e-sustentavel-apresenta-balanco-de-projeto-ambiental\/\" \/>\n<meta property=\"og:locale\" content=\"pt_BR\" \/>\n<meta property=\"og:type\" content=\"article\" \/>\n<meta property=\"og:title\" content=\"Secret\u00e1rio de Des. Ec. e Sustent\u00e1vel apresenta balan\u00e7o de projeto ambiental - P\u00f3lis Recreio\" \/>\n<meta property=\"og:description\" content=\"O secret\u00e1rio de Desenvolvimento Econ\u00f4mico e Sustent\u00e1vel de Recreio, Jo\u00e3o Guilherme Ferreira, apresentou neste \u201cDia Mundial do Meio Ambiente\u201d o balan\u00e7o do projeto desenvolvido em parceria com a Secretaria Municipal de Educa\u00e7\u00e3o e Cultura, \u201cT\u00e1 na Hora do Meio Ambiente\u201d. Mais de 100 mudas foram plantadas em diversos pontos do Munic\u00edpio.\" \/>\n<meta property=\"og:url\" content=\"https:\/\/www.polisrecreio.com.br\/site\/2017\/06\/05\/secretario-de-des-ec-e-sustentavel-apresenta-balanco-de-projeto-ambiental\/\" \/>\n<meta property=\"og:site_name\" content=\"P\u00f3lis Recreio\" \/>\n<meta property=\"article:publisher\" content=\"https:\/\/www.facebook.com\/Site-P%c3%b3lis-Recreio-MG-181941708571019\/\" \/>\n<meta property=\"article:published_time\" content=\"2017-06-05T17:38:12+00:00\" \/>\n<meta property=\"og:image\" content=\"https:\/\/www.polisrecreio.com.br\/site\/wp-content\/uploads\/2017\/06\/18740624_1510769232340880_5264964814435848238_n.jpg\" \/>\n\t<meta property=\"og:image:width\" content=\"750\" \/>\n\t<meta property=\"og:image:height\" content=\"694\" \/>\n<meta name=\"twitter:card\" content=\"summary_large_image\" \/>\n<meta name=\"twitter:creator\" content=\"@PolisRecreio\" \/>\n<meta name=\"twitter:site\" content=\"@PolisRecreio\" \/>\n<meta name=\"twitter:label1\" content=\"Est. reading time\">\n\t<meta name=\"twitter:data1\" content=\"1 minuto\">\n<script type=\"application\/ld+json\" class=\"yoast-schema-graph\">{\"@context\":\"https:\/\/schema.org\",\"@graph\":[{\"@type\":\"WebSite\",\"@id\":\"https:\/\/www.polisrecreio.com.br\/site\/#website\",\"url\":\"https:\/\/www.polisrecreio.com.br\/site\/\",\"name\":\"P\\u00f3lis Recreio\",\"description\":\"\",\"potentialAction\":[{\"@type\":\"SearchAction\",\"target\":\"https:\/\/www.polisrecreio.com.br\/site\/?s={search_term_string}\",\"query-input\":\"required name=search_term_string\"}],\"inLanguage\":\"pt-BR\"},{\"@type\":\"ImageObject\",\"@id\":\"https:\/\/www.polisrecreio.com.br\/site\/2017\/06\/05\/secretario-de-des-ec-e-sustentavel-apresenta-balanco-de-projeto-ambiental\/#primaryimage\",\"inLanguage\":\"pt-BR\",\"url\":\"https:\/\/www.polisrecreio.com.br\/site\/wp-content\/uploads\/2017\/06\/18740624_1510769232340880_5264964814435848238_n.jpg\",\"width\":750,\"height\":694,\"caption\":\"Secret\\u00e1rio Jo\\u00e3o Guilherme Ferreira no plantio com estudantes.\"},{\"@type\":\"WebPage\",\"@id\":\"https:\/\/www.polisrecreio.com.br\/site\/2017\/06\/05\/secretario-de-des-ec-e-sustentavel-apresenta-balanco-de-projeto-ambiental\/#webpage\",\"url\":\"https:\/\/www.polisrecreio.com.br\/site\/2017\/06\/05\/secretario-de-des-ec-e-sustentavel-apresenta-balanco-de-projeto-ambiental\/\",\"name\":\"Secret\\u00e1rio de Des. Ec. e Sustent\\u00e1vel apresenta balan\\u00e7o de projeto ambiental - P\\u00f3lis Recreio\",\"isPartOf\":{\"@id\":\"https:\/\/www.polisrecreio.com.br\/site\/#website\"},\"primaryImageOfPage\":{\"@id\":\"https:\/\/www.polisrecreio.com.br\/site\/2017\/06\/05\/secretario-de-des-ec-e-sustentavel-apresenta-balanco-de-projeto-ambiental\/#primaryimage\"},\"datePublished\":\"2017-06-05T17:38:12+00:00\",\"dateModified\":\"2017-06-05T17:38:12+00:00\",\"author\":{\"@id\":\"https:\/\/www.polisrecreio.com.br\/site\/#\/schema\/person\/3363c1c78e1e28e1329d97adb387638e\"},\"inLanguage\":\"pt-BR\",\"potentialAction\":[{\"@type\":\"ReadAction\",\"target\":[\"https:\/\/www.polisrecreio.com.br\/site\/2017\/06\/05\/secretario-de-des-ec-e-sustentavel-apresenta-balanco-de-projeto-ambiental\/\"]}]},{\"@type\":\"Person\",\"@id\":\"https:\/\/www.polisrecreio.com.br\/site\/#\/schema\/person\/3363c1c78e1e28e1329d97adb387638e\",\"name\":\"Leonardo Ribeiro\",\"image\":{\"@type\":\"ImageObject\",\"@id\":\"https:\/\/www.polisrecreio.com.br\/site\/#personlogo\",\"inLanguage\":\"pt-BR\",\"url\":\"https:\/\/secure.gravatar.com\/avatar\/6ba92a37d621e1a83e23710251178a12?s=96&d=mm&r=g\",\"caption\":\"Leonardo Ribeiro\"},\"sameAs\":[\"http:\/\/www.polisrecreio.com.br\"]}]}<\/script>\n<!-- \/ Yoast SEO plugin. -->","_links":{"self":[{"href":"https:\/\/www.polisrecreio.com.br\/site\/wp-json\/wp\/v2\/posts\/5776"}],"collection":[{"href":"https:\/\/www.polisrecreio.com.br\/site\/wp-json\/wp\/v2\/posts"}],"about":[{"href":"https:\/\/www.polisrecreio.com.br\/site\/wp-json\/wp\/v2\/types\/post"}],"author":[{"embeddable":true,"href":"https:\/\/www.polisrecreio.com.br\/site\/wp-json\/wp\/v2\/users\/3"}],"replies":[{"embeddable":true,"href":"https:\/\/www.polisrecreio.com.br\/site\/wp-json\/wp\/v2\/comments?post=5776"}],"version-history":[{"count":1,"href":"https:\/\/www.polisrecreio.com.br\/site\/wp-json\/wp\/v2\/posts\/5776\/revisions"}],"predecessor-version":[{"id":5778,"href":"https:\/\/www.polisrecreio.com.br\/site\/wp-json\/wp\/v2\/posts\/5776\/revisions\/5778"}],"wp:featuredmedia":[{"embeddable":true,"href":"https:\/\/www.polisrecreio.com.br\/site\/wp-json\/wp\/v2\/media\/5777"}],"wp:attachment":[{"href":"https:\/\/www.polisrecreio.com.br\/site\/wp-json\/wp\/v2\/media?parent=5776"}],"wp:term":[{"taxonomy":"category","embeddable":true,"href":"https:\/\/www.polisrecreio.com.br\/site\/wp-json\/wp\/v2\/categories?post=5776"},{"taxonomy":"post_tag","embeddable":true,"href":"https:\/\/www.polisrecreio.com.br\/site\/wp-json\/wp\/v2\/tags?post=5776"}],"curies":[{"name":"wp","href":"https:\/\/api.w.org\/{rel}","templated":true}]}}