{"id":5779,"date":"2017-06-05T17:49:43","date_gmt":"2017-06-05T20:49:43","guid":{"rendered":"http:\/\/www.polisrecreio.com.br\/site\/?p=5779"},"modified":"2017-06-05T17:51:08","modified_gmt":"2017-06-05T20:51:08","slug":"mg-nao-vai-ampliar-vacinacao-contra-a-gripe-para-toda-populacao-exceto-em-cidades-que-ja-atingiram-a-meta","status":"publish","type":"post","link":"https:\/\/www.polisrecreio.com.br\/site\/2017\/06\/05\/mg-nao-vai-ampliar-vacinacao-contra-a-gripe-para-toda-populacao-exceto-em-cidades-que-ja-atingiram-a-meta\/","title":{"rendered":"MG n\u00e3o vai ampliar vacina\u00e7\u00e3o contra a gripe para toda popula\u00e7\u00e3o, exceto em cidades que j\u00e1 atingiram a meta"},"content":{"rendered":"<p style=\"text-align: justify;\">Em comunicado emitido pela Ger\u00eancia Regional de Sa\u00fade de Leopoldina a todos os munic\u00edpios integrantes do \u00f3rg\u00e3o, incluindo Recreio, foi informado que a Secretaria de Estado de Sa\u00fade de Minas Gerais n\u00e3o vai aderir \u00e0 amplia\u00e7\u00e3o da vacina\u00e7\u00e3o contra a gripe para toda a popula\u00e7\u00e3o, exceto em cidades que j\u00e1 atingiram a meta de 90%.<\/p>\n<p style=\"text-align: justify;\"><!--more--><\/p>\n<figure id=\"attachment_5774\" aria-describedby=\"caption-attachment-5774\" style=\"width: 750px\" class=\"wp-caption aligncenter\"><a href=\"http:\/\/www.polisrecreio.com.br\/site\/wp-content\/uploads\/2017\/06\/vacina-gripe-campinas-1-1.jpg\"><img loading=\"lazy\" class=\"size-full wp-image-5774\" src=\"http:\/\/www.polisrecreio.com.br\/site\/wp-content\/uploads\/2017\/06\/vacina-gripe-campinas-1-1.jpg\" alt=\"Imagem ilustrativa.\" width=\"750\" height=\"468\" srcset=\"https:\/\/www.polisrecreio.com.br\/site\/wp-content\/uploads\/2017\/06\/vacina-gripe-campinas-1-1.jpg 750w, https:\/\/www.polisrecreio.com.br\/site\/wp-content\/uploads\/2017\/06\/vacina-gripe-campinas-1-1-300x187.jpg 300w\" sizes=\"(max-width: 750px) 100vw, 750px\" \/><\/a><figcaption id=\"caption-attachment-5774\" class=\"wp-caption-text\">Imagem ilustrativa.<\/figcaption><\/figure>\n<p style=\"text-align: justify;\">No caso de Recreio a imuniza\u00e7\u00e3o at\u00e9 o momento alcan\u00e7ou 79% do p\u00fablico alvo (crian\u00e7as de 6 meses a menores que 5 anos (quatro anos, 11 meses e 29 dias); gestantes e pu\u00e9rperas (mulheres que est\u00e3o no per\u00edodo de at\u00e9 45 dias ap\u00f3s o parto); idosos (a partir de 60 anos); profissionais da sa\u00fade; portadores de doen\u00e7as cr\u00f4nicas e outras doen\u00e7as que comprometam a imunidade; e professores de escolas p\u00fablicas ou privadas). Na GRS\/Leopoldina, apenas Estrela Dalva e Santo Ant\u00f4nio do Aventureiro conseguiram a meta.<\/p>\n<p style=\"text-align: justify;\">A campanha nacional de vacina\u00e7\u00e3o ser\u00e1 conclu\u00edda na pr\u00f3xima sexta-feira, dia 9.<\/p>\n<p style=\"text-align: justify;\">Confira na \u00edntegra o comunicado da Ger\u00eancia:<\/p>\n<p><strong>Prezados Coordenadores,<\/strong><\/p>\n<p style=\"text-align: justify;\">Segue e-mail do N\u00edvel Central- Memorando\u00a0232\/2017 sobre o posicionamento da Secretaria Estadual de Sa\u00fade de Minas Gerais para a\u00a0 amplia\u00e7\u00e3o da vacina\u00e7\u00e3o de influenza para toda a popula\u00e7\u00e3o, para conhecimento e ampla divulga\u00e7\u00e3o.<\/p>\n<p style=\"text-align: justify;\">Informamos que a Secretaria de Estado da Sa\u00fade de Minas Gerais\u00a0<u>n\u00e3o vai aderir a medida ( amplia\u00e7\u00e3o da vacina\u00e7\u00e3o de influenza para toda a popula\u00e7\u00e3o)<\/u>\u00a0e\u00a0orienta continuar a vacina\u00e7\u00e3o dos grupos priorit\u00e1rios\u00a0<u>at\u00e9 o dia 09\/06\/2017, sexta-feira<\/u>.<\/p>\n<p style=\"text-align: justify;\">Grupos priorit\u00e1rios contemplados: Crian\u00e7as na faixa et\u00e1ria de 6 meses a menores de 5 anos (4 anos, 11 meses e 29 dias); Gestantes em qualquer idade gestacional; Pu\u00e9rperas (at\u00e9 45 dias ap\u00f3s o parto); Trabalhadores da sa\u00fade; Povos ind\u00edgenas aldeados; Indiv\u00edduos com 60 anos ou mais de idade; Professores na ativa da educa\u00e7\u00e3o infantil, ensino fundamental, m\u00e9dio e superior das escolas p\u00fablicas e privadas; Pessoas portadoras de doen\u00e7as cr\u00f4nicas n\u00e3o transmiss\u00edveis, mediante prescri\u00e7\u00e3o m\u00e9dica; e Popula\u00e7\u00e3o privada de liberdade e funcion\u00e1rios do sistema prisional.<\/p>\n<p style=\"text-align: justify;\">Ressaltamos sobre a import\u00e2ncia de reservar as doses para atender o esquema de segunda dose em crian\u00e7as.<\/p>\n<p style=\"text-align: justify;\">Os munic\u00edpios que j\u00e1 alcan\u00e7aram a meta de 90% em TODOS os grupos priorit\u00e1rios e tiverem estoque de vacina dispon\u00edvel, podem estender a vacina\u00e7\u00e3o para o restante da popula\u00e7\u00e3o.<\/p>\n<p style=\"text-align: justify;\">At\u00e9 o momento,\u00a0SOMENTE\u00a0os munic\u00edpios de Estrela Dalva e Santo Ant\u00f4nio do Aventureiro conseguiram atingir a meta (90%) para TODOS os grupos alvo. Dessa maneira, est\u00e3o habilitados, conforme o memorando, a ampliar a vacina\u00e7\u00e3o influenza para toda a popula\u00e7\u00e3o, desde que reserve a segunda dose do esquema para as crian\u00e7as.<\/p>\n<p>Atenciosamente,<br \/>\n<em>Elizabete Guimar\u00e3es Santos Vieira<\/em><\/p>\n<p><em>Refer\u00eancia T\u00e9cnica em Imuniza\u00e7\u00e3o<\/em><\/p>\n<p><em>N\u00facleo de Epidemiologia, Vigil\u00e2ncia Ambiental e Sa\u00fade do Trabalhador<\/em><\/p>\n<p><em>Ger\u00eancia Regional de Sa\u00fade de Leopoldina<\/em><\/p>\n<p><em>Secretaria Estadual de Sa\u00fade de Minas Gerais<\/em><\/p>\n","protected":false},"excerpt":{"rendered":"<p>Em comunicado emitido pela Ger\u00eancia Regional de Sa\u00fade de Leopoldina a todos os munic\u00edpios integrantes do \u00f3rg\u00e3o, incluindo Recreio, foi informado que a Secretaria de Estado de Sa\u00fade de Minas Gerais n\u00e3o vai aderir \u00e0 amplia\u00e7\u00e3o da vacina\u00e7\u00e3o contra a gripe para toda a popula\u00e7\u00e3o, exceto em cidades que j\u00e1 atingiram a meta de 90%.<\/p>\n","protected":false},"author":3,"featured_media":5774,"comment_status":"open","ping_status":"open","sticky":false,"template":"","format":"standard","meta":[],"categories":[7],"tags":[],"yoast_head":"<!-- This site is optimized with the Yoast SEO plugin v15.6.2 - https:\/\/yoast.com\/wordpress\/plugins\/seo\/ -->\n<meta name=\"robots\" content=\"index, follow, max-snippet:-1, max-image-preview:large, max-video-preview:-1\" \/>\n<link rel=\"canonical\" href=\"https:\/\/www.polisrecreio.com.br\/site\/2017\/06\/05\/mg-nao-vai-ampliar-vacinacao-contra-a-gripe-para-toda-populacao-exceto-em-cidades-que-ja-atingiram-a-meta\/\" \/>\n<meta property=\"og:locale\" content=\"pt_BR\" \/>\n<meta property=\"og:type\" content=\"article\" \/>\n<meta property=\"og:title\" content=\"MG n\u00e3o vai ampliar vacina\u00e7\u00e3o contra a gripe para toda popula\u00e7\u00e3o, exceto em cidades que j\u00e1 atingiram a meta - P\u00f3lis Recreio\" \/>\n<meta property=\"og:description\" content=\"Em comunicado emitido pela Ger\u00eancia Regional de Sa\u00fade de Leopoldina a todos os munic\u00edpios integrantes do \u00f3rg\u00e3o, incluindo Recreio, foi informado que a Secretaria de Estado de Sa\u00fade de Minas Gerais n\u00e3o vai aderir \u00e0 amplia\u00e7\u00e3o da vacina\u00e7\u00e3o contra a gripe para toda a popula\u00e7\u00e3o, exceto em cidades que j\u00e1 atingiram a meta de 90%.\" \/>\n<meta property=\"og:url\" content=\"https:\/\/www.polisrecreio.com.br\/site\/2017\/06\/05\/mg-nao-vai-ampliar-vacinacao-contra-a-gripe-para-toda-populacao-exceto-em-cidades-que-ja-atingiram-a-meta\/\" \/>\n<meta property=\"og:site_name\" content=\"P\u00f3lis Recreio\" \/>\n<meta property=\"article:publisher\" content=\"https:\/\/www.facebook.com\/Site-P%c3%b3lis-Recreio-MG-181941708571019\/\" \/>\n<meta property=\"article:published_time\" content=\"2017-06-05T20:49:43+00:00\" \/>\n<meta property=\"article:modified_time\" content=\"2017-06-05T20:51:08+00:00\" \/>\n<meta property=\"og:image\" content=\"https:\/\/www.polisrecreio.com.br\/site\/wp-content\/uploads\/2017\/06\/vacina-gripe-campinas-1-1.jpg\" \/>\n\t<meta property=\"og:image:width\" content=\"750\" \/>\n\t<meta property=\"og:image:height\" content=\"468\" \/>\n<meta name=\"twitter:card\" content=\"summary_large_image\" \/>\n<meta name=\"twitter:creator\" content=\"@PolisRecreio\" \/>\n<meta name=\"twitter:site\" content=\"@PolisRecreio\" \/>\n<meta name=\"twitter:label1\" content=\"Est. reading time\">\n\t<meta name=\"twitter:data1\" content=\"3 minutos\">\n<script type=\"application\/ld+json\" class=\"yoast-schema-graph\">{\"@context\":\"https:\/\/schema.org\",\"@graph\":[{\"@type\":\"WebSite\",\"@id\":\"https:\/\/www.polisrecreio.com.br\/site\/#website\",\"url\":\"https:\/\/www.polisrecreio.com.br\/site\/\",\"name\":\"P\\u00f3lis Recreio\",\"description\":\"\",\"potentialAction\":[{\"@type\":\"SearchAction\",\"target\":\"https:\/\/www.polisrecreio.com.br\/site\/?s={search_term_string}\",\"query-input\":\"required name=search_term_string\"}],\"inLanguage\":\"pt-BR\"},{\"@type\":\"ImageObject\",\"@id\":\"https:\/\/www.polisrecreio.com.br\/site\/2017\/06\/05\/mg-nao-vai-ampliar-vacinacao-contra-a-gripe-para-toda-populacao-exceto-em-cidades-que-ja-atingiram-a-meta\/#primaryimage\",\"inLanguage\":\"pt-BR\",\"url\":\"https:\/\/www.polisrecreio.com.br\/site\/wp-content\/uploads\/2017\/06\/vacina-gripe-campinas-1-1.jpg\",\"width\":750,\"height\":468,\"caption\":\"Imagem ilustrativa.\"},{\"@type\":\"WebPage\",\"@id\":\"https:\/\/www.polisrecreio.com.br\/site\/2017\/06\/05\/mg-nao-vai-ampliar-vacinacao-contra-a-gripe-para-toda-populacao-exceto-em-cidades-que-ja-atingiram-a-meta\/#webpage\",\"url\":\"https:\/\/www.polisrecreio.com.br\/site\/2017\/06\/05\/mg-nao-vai-ampliar-vacinacao-contra-a-gripe-para-toda-populacao-exceto-em-cidades-que-ja-atingiram-a-meta\/\",\"name\":\"MG n\\u00e3o vai ampliar vacina\\u00e7\\u00e3o contra a gripe para toda popula\\u00e7\\u00e3o, exceto em cidades que j\\u00e1 atingiram a meta - P\\u00f3lis Recreio\",\"isPartOf\":{\"@id\":\"https:\/\/www.polisrecreio.com.br\/site\/#website\"},\"primaryImageOfPage\":{\"@id\":\"https:\/\/www.polisrecreio.com.br\/site\/2017\/06\/05\/mg-nao-vai-ampliar-vacinacao-contra-a-gripe-para-toda-populacao-exceto-em-cidades-que-ja-atingiram-a-meta\/#primaryimage\"},\"datePublished\":\"2017-06-05T20:49:43+00:00\",\"dateModified\":\"2017-06-05T20:51:08+00:00\",\"author\":{\"@id\":\"https:\/\/www.polisrecreio.com.br\/site\/#\/schema\/person\/3363c1c78e1e28e1329d97adb387638e\"},\"inLanguage\":\"pt-BR\",\"potentialAction\":[{\"@type\":\"ReadAction\",\"target\":[\"https:\/\/www.polisrecreio.com.br\/site\/2017\/06\/05\/mg-nao-vai-ampliar-vacinacao-contra-a-gripe-para-toda-populacao-exceto-em-cidades-que-ja-atingiram-a-meta\/\"]}]},{\"@type\":\"Person\",\"@id\":\"https:\/\/www.polisrecreio.com.br\/site\/#\/schema\/person\/3363c1c78e1e28e1329d97adb387638e\",\"name\":\"Leonardo Ribeiro\",\"image\":{\"@type\":\"ImageObject\",\"@id\":\"https:\/\/www.polisrecreio.com.br\/site\/#personlogo\",\"inLanguage\":\"pt-BR\",\"url\":\"https:\/\/secure.gravatar.com\/avatar\/6ba92a37d621e1a83e23710251178a12?s=96&d=mm&r=g\",\"caption\":\"Leonardo Ribeiro\"},\"sameAs\":[\"http:\/\/www.polisrecreio.com.br\"]}]}<\/script>\n<!-- \/ Yoast SEO plugin. -->","_links":{"self":[{"href":"https:\/\/www.polisrecreio.com.br\/site\/wp-json\/wp\/v2\/posts\/5779"}],"collection":[{"href":"https:\/\/www.polisrecreio.com.br\/site\/wp-json\/wp\/v2\/posts"}],"about":[{"href":"https:\/\/www.polisrecreio.com.br\/site\/wp-json\/wp\/v2\/types\/post"}],"author":[{"embeddable":true,"href":"https:\/\/www.polisrecreio.com.br\/site\/wp-json\/wp\/v2\/users\/3"}],"replies":[{"embeddable":true,"href":"https:\/\/www.polisrecreio.com.br\/site\/wp-json\/wp\/v2\/comments?post=5779"}],"version-history":[{"count":3,"href":"https:\/\/www.polisrecreio.com.br\/site\/wp-json\/wp\/v2\/posts\/5779\/revisions"}],"predecessor-version":[{"id":5783,"href":"https:\/\/www.polisrecreio.com.br\/site\/wp-json\/wp\/v2\/posts\/5779\/revisions\/5783"}],"wp:featuredmedia":[{"embeddable":true,"href":"https:\/\/www.polisrecreio.com.br\/site\/wp-json\/wp\/v2\/media\/5774"}],"wp:attachment":[{"href":"https:\/\/www.polisrecreio.com.br\/site\/wp-json\/wp\/v2\/media?parent=5779"}],"wp:term":[{"taxonomy":"category","embeddable":true,"href":"https:\/\/www.polisrecreio.com.br\/site\/wp-json\/wp\/v2\/categories?post=5779"},{"taxonomy":"post_tag","embeddable":true,"href":"https:\/\/www.polisrecreio.com.br\/site\/wp-json\/wp\/v2\/tags?post=5779"}],"curies":[{"name":"wp","href":"https:\/\/api.w.org\/{rel}","templated":true}]}}