{"id":5784,"date":"2017-06-06T10:54:21","date_gmt":"2017-06-06T13:54:21","guid":{"rendered":"http:\/\/www.polisrecreio.com.br\/site\/?p=5784"},"modified":"2017-06-06T10:54:21","modified_gmt":"2017-06-06T13:54:21","slug":"equipe-do-prefeito-ze-maria-barros-planeja-acao-no-lar-dos-velhos","status":"publish","type":"post","link":"https:\/\/www.polisrecreio.com.br\/site\/2017\/06\/06\/equipe-do-prefeito-ze-maria-barros-planeja-acao-no-lar-dos-velhos\/","title":{"rendered":"Equipe do prefeito Z\u00e9 Maria Barros planeja a\u00e7\u00e3o no Lar dos Velhos"},"content":{"rendered":"<p style=\"text-align: justify;\">A equipe administrativa do prefeito de Recreio, Z\u00e9 Maria Barros, iniciou na \u00faltima semana o planejamento da a\u00e7\u00e3o do \u201cDia Mundial de Combate \u00e0 Viol\u00eancia Contra a Pessoa Idosa\u201d \u2013 15 de junho \u2013 que ser\u00e1 desenvolvida no Lar dos Velhos.<\/p>\n<p style=\"text-align: justify;\"><!--more--><\/p>\n<figure id=\"attachment_5786\" aria-describedby=\"caption-attachment-5786\" style=\"width: 749px\" class=\"wp-caption aligncenter\"><a href=\"http:\/\/www.polisrecreio.com.br\/site\/wp-content\/uploads\/2017\/06\/18813972_1206150849496030_4728368310428927612_n.jpg\"><img loading=\"lazy\" class=\"size-full wp-image-5786\" src=\"http:\/\/www.polisrecreio.com.br\/site\/wp-content\/uploads\/2017\/06\/18813972_1206150849496030_4728368310428927612_n.jpg\" alt=\"Presidente do Lar dos Velhos, coordenador do CRAS, secret\u00e1rio de Des. Social e secret\u00e1ria de Sa\u00fade.\" width=\"749\" height=\"548\" srcset=\"https:\/\/www.polisrecreio.com.br\/site\/wp-content\/uploads\/2017\/06\/18813972_1206150849496030_4728368310428927612_n.jpg 749w, https:\/\/www.polisrecreio.com.br\/site\/wp-content\/uploads\/2017\/06\/18813972_1206150849496030_4728368310428927612_n-300x219.jpg 300w\" sizes=\"(max-width: 749px) 100vw, 749px\" \/><\/a><figcaption id=\"caption-attachment-5786\" class=\"wp-caption-text\">Presidente do Lar dos Velhos, coordenador do CRAS, secret\u00e1rio de Des. Social e secret\u00e1ria de Sa\u00fade.<\/figcaption><\/figure>\n<p style=\"text-align: justify;\">\u201cNo plano est\u00e3o doa\u00e7\u00f5es de fraldas, m\u00fasica, dan\u00e7as, guloseimas e rodas de conversa com os moradores da institui\u00e7\u00e3o. A equipe do N\u00facleo de Apoio \u00e0 Sa\u00fade da Fam\u00edlia e demais representantes da sociedade civil estar\u00e3o participando\u201d, informou a secret\u00e1ria de Sa\u00fade de Recreio, Gabriela Helena de Paula.<\/p>\n<p style=\"text-align: justify;\">A reuni\u00e3o para programar o evento aconteceu na sede da Prefeitura Municipal, al\u00e9m da secret\u00e1ria de Sa\u00fade participaram o secret\u00e1rio de Desenvolvimento Social, Diego Pena; o coordenador do Centro de Refer\u00eancia de Assist\u00eancia Social, Marcelo Andrade; e presidente do Lar dos Velhos, Jo\u00e3o Carlos Cunha de Barros \u201cJanj\u00e3o\u201d.<\/p>\n<p><strong>Prefeito resgatou conv\u00eanio com o Lar dos Velhos<\/strong><\/p>\n<p style=\"text-align: justify;\">Em 2017, o prefeito Z\u00e9 Maria Barros resgatou o conv\u00eanio com Lar dos Velhos com repasse de R$ 1.500 mensais e mais cess\u00e3o de funcion\u00e1rios municipais para ajudar no funcionamento da institui\u00e7\u00e3o filantr\u00f3pica.<\/p>\n<p><strong>Secret\u00e1rio de Des. Social representa o COGEMAS em F\u00f3rum<\/strong><\/p>\n<p style=\"text-align: justify;\">O secret\u00e1rio de Desenvolvimento Social de Recreio, Diego Pena, representa durante esta semana o Colegiado dos Gestores Municipais da Assist\u00eancia Social do Estado de Minas Gerais no F\u00f3rum Regional Capacita SUAS que est\u00e1 acontecendo em Muria\u00e9.<\/p>\n<p style=\"text-align: justify;\">O Capacita SUAS destina-se aos trabalhadores do Sistema \u00danico da Assist\u00eancia Social que atual na rede socioassistencial governamental e n\u00e3o governamental, assim como gestores e demais trabalhadores que atuam nos \u00f3rg\u00e3os de gest\u00e3o do sistema em \u00e2mbito municipal, distriral e estadual (secretarias de assist\u00eancia social) e aos agentes de controle social no exerc\u00edcio de suas compet\u00eancias e responsabilidades nos conselhos de assist\u00eancia social.<\/p>\n<p style=\"text-align: justify;\">O F\u00f3rum que acontece em Muria\u00e9 re\u00fane os munic\u00edpios integrantes da regional da SEDESE.<\/p>\n<figure id=\"attachment_5785\" aria-describedby=\"caption-attachment-5785\" style=\"width: 750px\" class=\"wp-caption aligncenter\"><a href=\"http:\/\/www.polisrecreio.com.br\/site\/wp-content\/uploads\/2017\/06\/1.jpg\"><img loading=\"lazy\" class=\"size-full wp-image-5785\" src=\"http:\/\/www.polisrecreio.com.br\/site\/wp-content\/uploads\/2017\/06\/1.jpg\" alt=\"Diego Pena representando o COGEMAS.\" width=\"750\" height=\"597\" srcset=\"https:\/\/www.polisrecreio.com.br\/site\/wp-content\/uploads\/2017\/06\/1.jpg 750w, https:\/\/www.polisrecreio.com.br\/site\/wp-content\/uploads\/2017\/06\/1-300x239.jpg 300w\" sizes=\"(max-width: 750px) 100vw, 750px\" \/><\/a><figcaption id=\"caption-attachment-5785\" class=\"wp-caption-text\">Diego Pena representando o COGEMAS.<\/figcaption><\/figure>\n","protected":false},"excerpt":{"rendered":"<p>A equipe administrativa do prefeito de Recreio, Z\u00e9 Maria Barros, iniciou na \u00faltima semana o planejamento da a\u00e7\u00e3o do \u201cDia Mundial de Combate \u00e0 Viol\u00eancia Contra a Pessoa Idosa\u201d \u2013 15 de junho \u2013 que ser\u00e1 desenvolvida no Lar dos Velhos.<\/p>\n","protected":false},"author":3,"featured_media":5786,"comment_status":"open","ping_status":"open","sticky":false,"template":"","format":"standard","meta":[],"categories":[5],"tags":[],"yoast_head":"<!-- This site is optimized with the Yoast SEO plugin v15.6.2 - https:\/\/yoast.com\/wordpress\/plugins\/seo\/ -->\n<meta name=\"robots\" content=\"index, follow, max-snippet:-1, max-image-preview:large, max-video-preview:-1\" \/>\n<link rel=\"canonical\" href=\"https:\/\/www.polisrecreio.com.br\/site\/2017\/06\/06\/equipe-do-prefeito-ze-maria-barros-planeja-acao-no-lar-dos-velhos\/\" \/>\n<meta property=\"og:locale\" content=\"pt_BR\" \/>\n<meta property=\"og:type\" content=\"article\" \/>\n<meta property=\"og:title\" content=\"Equipe do prefeito Z\u00e9 Maria Barros planeja a\u00e7\u00e3o no Lar dos Velhos - P\u00f3lis Recreio\" \/>\n<meta property=\"og:description\" content=\"A equipe administrativa do prefeito de Recreio, Z\u00e9 Maria Barros, iniciou na \u00faltima semana o planejamento da a\u00e7\u00e3o do \u201cDia Mundial de Combate \u00e0 Viol\u00eancia Contra a Pessoa Idosa\u201d \u2013 15 de junho \u2013 que ser\u00e1 desenvolvida no Lar dos Velhos.\" \/>\n<meta property=\"og:url\" content=\"https:\/\/www.polisrecreio.com.br\/site\/2017\/06\/06\/equipe-do-prefeito-ze-maria-barros-planeja-acao-no-lar-dos-velhos\/\" \/>\n<meta property=\"og:site_name\" content=\"P\u00f3lis Recreio\" \/>\n<meta property=\"article:publisher\" content=\"https:\/\/www.facebook.com\/Site-P%c3%b3lis-Recreio-MG-181941708571019\/\" \/>\n<meta property=\"article:published_time\" content=\"2017-06-06T13:54:21+00:00\" \/>\n<meta property=\"og:image\" content=\"https:\/\/www.polisrecreio.com.br\/site\/wp-content\/uploads\/2017\/06\/18813972_1206150849496030_4728368310428927612_n.jpg\" \/>\n\t<meta property=\"og:image:width\" content=\"749\" \/>\n\t<meta property=\"og:image:height\" content=\"548\" \/>\n<meta name=\"twitter:card\" content=\"summary_large_image\" \/>\n<meta name=\"twitter:creator\" content=\"@PolisRecreio\" \/>\n<meta name=\"twitter:site\" content=\"@PolisRecreio\" \/>\n<meta name=\"twitter:label1\" content=\"Est. reading time\">\n\t<meta name=\"twitter:data1\" content=\"2 minutos\">\n<script type=\"application\/ld+json\" class=\"yoast-schema-graph\">{\"@context\":\"https:\/\/schema.org\",\"@graph\":[{\"@type\":\"WebSite\",\"@id\":\"https:\/\/www.polisrecreio.com.br\/site\/#website\",\"url\":\"https:\/\/www.polisrecreio.com.br\/site\/\",\"name\":\"P\\u00f3lis Recreio\",\"description\":\"\",\"potentialAction\":[{\"@type\":\"SearchAction\",\"target\":\"https:\/\/www.polisrecreio.com.br\/site\/?s={search_term_string}\",\"query-input\":\"required name=search_term_string\"}],\"inLanguage\":\"pt-BR\"},{\"@type\":\"ImageObject\",\"@id\":\"https:\/\/www.polisrecreio.com.br\/site\/2017\/06\/06\/equipe-do-prefeito-ze-maria-barros-planeja-acao-no-lar-dos-velhos\/#primaryimage\",\"inLanguage\":\"pt-BR\",\"url\":\"https:\/\/www.polisrecreio.com.br\/site\/wp-content\/uploads\/2017\/06\/18813972_1206150849496030_4728368310428927612_n.jpg\",\"width\":749,\"height\":548,\"caption\":\"Presidente do Lar dos Velhos, coordenador do CRAS, secret\\u00e1rio de Des. Social e secret\\u00e1ria de Sa\\u00fade.\"},{\"@type\":\"WebPage\",\"@id\":\"https:\/\/www.polisrecreio.com.br\/site\/2017\/06\/06\/equipe-do-prefeito-ze-maria-barros-planeja-acao-no-lar-dos-velhos\/#webpage\",\"url\":\"https:\/\/www.polisrecreio.com.br\/site\/2017\/06\/06\/equipe-do-prefeito-ze-maria-barros-planeja-acao-no-lar-dos-velhos\/\",\"name\":\"Equipe do prefeito Z\\u00e9 Maria Barros planeja a\\u00e7\\u00e3o no Lar dos Velhos - P\\u00f3lis Recreio\",\"isPartOf\":{\"@id\":\"https:\/\/www.polisrecreio.com.br\/site\/#website\"},\"primaryImageOfPage\":{\"@id\":\"https:\/\/www.polisrecreio.com.br\/site\/2017\/06\/06\/equipe-do-prefeito-ze-maria-barros-planeja-acao-no-lar-dos-velhos\/#primaryimage\"},\"datePublished\":\"2017-06-06T13:54:21+00:00\",\"dateModified\":\"2017-06-06T13:54:21+00:00\",\"author\":{\"@id\":\"https:\/\/www.polisrecreio.com.br\/site\/#\/schema\/person\/3363c1c78e1e28e1329d97adb387638e\"},\"inLanguage\":\"pt-BR\",\"potentialAction\":[{\"@type\":\"ReadAction\",\"target\":[\"https:\/\/www.polisrecreio.com.br\/site\/2017\/06\/06\/equipe-do-prefeito-ze-maria-barros-planeja-acao-no-lar-dos-velhos\/\"]}]},{\"@type\":\"Person\",\"@id\":\"https:\/\/www.polisrecreio.com.br\/site\/#\/schema\/person\/3363c1c78e1e28e1329d97adb387638e\",\"name\":\"Leonardo Ribeiro\",\"image\":{\"@type\":\"ImageObject\",\"@id\":\"https:\/\/www.polisrecreio.com.br\/site\/#personlogo\",\"inLanguage\":\"pt-BR\",\"url\":\"https:\/\/secure.gravatar.com\/avatar\/6ba92a37d621e1a83e23710251178a12?s=96&d=mm&r=g\",\"caption\":\"Leonardo Ribeiro\"},\"sameAs\":[\"http:\/\/www.polisrecreio.com.br\"]}]}<\/script>\n<!-- \/ Yoast SEO plugin. -->","_links":{"self":[{"href":"https:\/\/www.polisrecreio.com.br\/site\/wp-json\/wp\/v2\/posts\/5784"}],"collection":[{"href":"https:\/\/www.polisrecreio.com.br\/site\/wp-json\/wp\/v2\/posts"}],"about":[{"href":"https:\/\/www.polisrecreio.com.br\/site\/wp-json\/wp\/v2\/types\/post"}],"author":[{"embeddable":true,"href":"https:\/\/www.polisrecreio.com.br\/site\/wp-json\/wp\/v2\/users\/3"}],"replies":[{"embeddable":true,"href":"https:\/\/www.polisrecreio.com.br\/site\/wp-json\/wp\/v2\/comments?post=5784"}],"version-history":[{"count":1,"href":"https:\/\/www.polisrecreio.com.br\/site\/wp-json\/wp\/v2\/posts\/5784\/revisions"}],"predecessor-version":[{"id":5787,"href":"https:\/\/www.polisrecreio.com.br\/site\/wp-json\/wp\/v2\/posts\/5784\/revisions\/5787"}],"wp:featuredmedia":[{"embeddable":true,"href":"https:\/\/www.polisrecreio.com.br\/site\/wp-json\/wp\/v2\/media\/5786"}],"wp:attachment":[{"href":"https:\/\/www.polisrecreio.com.br\/site\/wp-json\/wp\/v2\/media?parent=5784"}],"wp:term":[{"taxonomy":"category","embeddable":true,"href":"https:\/\/www.polisrecreio.com.br\/site\/wp-json\/wp\/v2\/categories?post=5784"},{"taxonomy":"post_tag","embeddable":true,"href":"https:\/\/www.polisrecreio.com.br\/site\/wp-json\/wp\/v2\/tags?post=5784"}],"curies":[{"name":"wp","href":"https:\/\/api.w.org\/{rel}","templated":true}]}}