{"id":5803,"date":"2017-06-07T18:25:01","date_gmt":"2017-06-07T21:25:01","guid":{"rendered":"http:\/\/www.polisrecreio.com.br\/site\/?p=5803"},"modified":"2017-06-07T19:31:33","modified_gmt":"2017-06-07T22:31:33","slug":"agricultores-de-recreio-em-breve-poderao-fornecer-suas-producoes-para-conab","status":"publish","type":"post","link":"https:\/\/www.polisrecreio.com.br\/site\/2017\/06\/07\/agricultores-de-recreio-em-breve-poderao-fornecer-suas-producoes-para-conab\/","title":{"rendered":"Agricultores de Recreio em breve poder\u00e3o fornecer suas produ\u00e7\u00f5es para CONAB"},"content":{"rendered":"<p style=\"text-align: justify;\">Esta semana parte da equipe administrativa do prefeito de Recreio, Z\u00e9 Maria Barros, da \u00e1rea de agricultura, desenvolvimento social e do setor de compras, participaram na Companhia Nacional de Abastecimento \u201cCONAB\u201d, em Belo Horizonte\/MG, de um treinamento do Programa de Aquisi\u00e7\u00e3o de Alimentos \u2013 Compra com Doa\u00e7\u00e3o Simult\u00e2nea (PAA\/CDS), com objetivo de estruturar um grupo de agricultores que poder\u00e3o fornecer as suas produ\u00e7\u00f5es para a CONAB por meio da forma\u00e7\u00e3o de uma Associa\u00e7\u00e3o.<\/p>\n<p style=\"text-align: justify;\"><!--more--><\/p>\n<figure id=\"attachment_5797\" aria-describedby=\"caption-attachment-5797\" style=\"width: 750px\" class=\"wp-caption aligncenter\"><a href=\"http:\/\/www.polisrecreio.com.br\/site\/wp-content\/uploads\/2017\/06\/19029350_474286652904173_2570653098497832400_n.jpg\"><img loading=\"lazy\" class=\"size-full wp-image-5797\" src=\"http:\/\/www.polisrecreio.com.br\/site\/wp-content\/uploads\/2017\/06\/19029350_474286652904173_2570653098497832400_n.jpg\" alt=\"Autoridades da CONAB e equipe do prefeito Z\u00e9 Maria Barros.\" width=\"750\" height=\"479\" srcset=\"https:\/\/www.polisrecreio.com.br\/site\/wp-content\/uploads\/2017\/06\/19029350_474286652904173_2570653098497832400_n.jpg 750w, https:\/\/www.polisrecreio.com.br\/site\/wp-content\/uploads\/2017\/06\/19029350_474286652904173_2570653098497832400_n-300x192.jpg 300w\" sizes=\"(max-width: 750px) 100vw, 750px\" \/><\/a><figcaption id=\"caption-attachment-5797\" class=\"wp-caption-text\">Autoridades da CONAB e equipe do prefeito Z\u00e9 Maria Barros.<\/figcaption><\/figure>\n<p style=\"text-align: justify;\">Segundo o secret\u00e1rio de Agricultura de Recreio, Lu\u00eds Ot\u00e1vio Guilherme, \u201ca primeira fase aconteceu em Belo Horizonte atrav\u00e9s desta capacita\u00e7\u00e3o. Na sequ\u00eancia reuniremos com os agricultores da nossa \u00e1rea para mostr\u00e1-los a import\u00e2ncia e as vantagens de participar deste programa que tem a finalidade de promover o acesso \u00e0 alimenta\u00e7\u00e3o e o incentivo a forma\u00e7\u00e3o de agricultores familiares. \u00c9 importante destacarmos que este projeto s\u00f3 ser\u00e1 vi\u00e1vel com a estrutura\u00e7\u00e3o de uma Associa\u00e7\u00e3o de produtores\u201d, completou o secret\u00e1rio.<\/p>\n<p style=\"text-align: justify;\">Participaram da reuni\u00e3o em Belo Horizonte com o coordenador t\u00e9cnico do Programa da CONAB, Marco Aul\u00e9rio, e o assessor do superintendente da CONAB, S\u00e9rgio Lima Starling; o secret\u00e1rio de Agricultura, Lu\u00eds Ot\u00e1vio Guilherme, o coordenador do CRAS, Marcelo Andrade, o coordenadores do setor de compras, Jorge Pimenta; o assessor do controle interno, Henrique Garbero; e representando a sociedade civil de Recreio, Danilo Silva, presidente do Conselho Municipal de Assist\u00eancia Social. Aproveitando o ensejo na capital do Estado os mesmos encontraram-se com o presidente da EMATER\/MG, Gl\u00eanio Martins, e conversaram sobre o implementa\u00e7\u00e3o do Minas sem Fome e o Brasil sem Mis\u00e9ria.<\/p>\n<figure id=\"attachment_5798\" aria-describedby=\"caption-attachment-5798\" style=\"width: 750px\" class=\"wp-caption aligncenter\"><a href=\"http:\/\/www.polisrecreio.com.br\/site\/wp-content\/uploads\/2017\/06\/18951033_474286639570841_6941083410500709992_n.jpg\"><img loading=\"lazy\" class=\"size-full wp-image-5798\" src=\"http:\/\/www.polisrecreio.com.br\/site\/wp-content\/uploads\/2017\/06\/18951033_474286639570841_6941083410500709992_n.jpg\" alt=\"Encontro com o presidente da EMATER.\" width=\"750\" height=\"422\" srcset=\"https:\/\/www.polisrecreio.com.br\/site\/wp-content\/uploads\/2017\/06\/18951033_474286639570841_6941083410500709992_n.jpg 750w, https:\/\/www.polisrecreio.com.br\/site\/wp-content\/uploads\/2017\/06\/18951033_474286639570841_6941083410500709992_n-300x169.jpg 300w\" sizes=\"(max-width: 750px) 100vw, 750px\" \/><\/a><figcaption id=\"caption-attachment-5798\" class=\"wp-caption-text\">Encontro com o presidente da EMATER.<\/figcaption><\/figure>\n","protected":false},"excerpt":{"rendered":"<p>Esta semana parte da equipe administrativa do prefeito de Recreio, Z\u00e9 Maria Barros, da \u00e1rea de agricultura, desenvolvimento social e do setor de compras, participaram na Companhia Nacional de Abastecimento \u201cCONAB\u201d, em Belo Horizonte\/MG, de um treinamento do Programa de Aquisi\u00e7\u00e3o de Alimentos \u2013 Compra com Doa\u00e7\u00e3o Simult\u00e2nea (PAA\/CDS), com objetivo de estruturar um grupo [&hellip;]<\/p>\n","protected":false},"author":3,"featured_media":5797,"comment_status":"open","ping_status":"open","sticky":false,"template":"","format":"standard","meta":[],"categories":[5],"tags":[],"yoast_head":"<!-- This site is optimized with the Yoast SEO plugin v15.6.2 - https:\/\/yoast.com\/wordpress\/plugins\/seo\/ -->\n<meta name=\"robots\" content=\"index, follow, max-snippet:-1, max-image-preview:large, max-video-preview:-1\" \/>\n<link rel=\"canonical\" href=\"https:\/\/www.polisrecreio.com.br\/site\/2017\/06\/07\/agricultores-de-recreio-em-breve-poderao-fornecer-suas-producoes-para-conab\/\" \/>\n<meta property=\"og:locale\" content=\"pt_BR\" \/>\n<meta property=\"og:type\" content=\"article\" \/>\n<meta property=\"og:title\" content=\"Agricultores de Recreio em breve poder\u00e3o fornecer suas produ\u00e7\u00f5es para CONAB - P\u00f3lis Recreio\" \/>\n<meta property=\"og:description\" content=\"Esta semana parte da equipe administrativa do prefeito de Recreio, Z\u00e9 Maria Barros, da \u00e1rea de agricultura, desenvolvimento social e do setor de compras, participaram na Companhia Nacional de Abastecimento \u201cCONAB\u201d, em Belo Horizonte\/MG, de um treinamento do Programa de Aquisi\u00e7\u00e3o de Alimentos \u2013 Compra com Doa\u00e7\u00e3o Simult\u00e2nea (PAA\/CDS), com objetivo de estruturar um grupo [&hellip;]\" \/>\n<meta property=\"og:url\" content=\"https:\/\/www.polisrecreio.com.br\/site\/2017\/06\/07\/agricultores-de-recreio-em-breve-poderao-fornecer-suas-producoes-para-conab\/\" \/>\n<meta property=\"og:site_name\" content=\"P\u00f3lis Recreio\" \/>\n<meta property=\"article:publisher\" content=\"https:\/\/www.facebook.com\/Site-P%c3%b3lis-Recreio-MG-181941708571019\/\" \/>\n<meta property=\"article:published_time\" content=\"2017-06-07T21:25:01+00:00\" \/>\n<meta property=\"article:modified_time\" content=\"2017-06-07T22:31:33+00:00\" \/>\n<meta property=\"og:image\" content=\"https:\/\/www.polisrecreio.com.br\/site\/wp-content\/uploads\/2017\/06\/19029350_474286652904173_2570653098497832400_n.jpg\" \/>\n\t<meta property=\"og:image:width\" content=\"750\" \/>\n\t<meta property=\"og:image:height\" content=\"479\" \/>\n<meta name=\"twitter:card\" content=\"summary_large_image\" \/>\n<meta name=\"twitter:creator\" content=\"@PolisRecreio\" \/>\n<meta name=\"twitter:site\" content=\"@PolisRecreio\" \/>\n<meta name=\"twitter:label1\" content=\"Est. reading time\">\n\t<meta name=\"twitter:data1\" content=\"2 minutos\">\n<script type=\"application\/ld+json\" class=\"yoast-schema-graph\">{\"@context\":\"https:\/\/schema.org\",\"@graph\":[{\"@type\":\"WebSite\",\"@id\":\"https:\/\/www.polisrecreio.com.br\/site\/#website\",\"url\":\"https:\/\/www.polisrecreio.com.br\/site\/\",\"name\":\"P\\u00f3lis Recreio\",\"description\":\"\",\"potentialAction\":[{\"@type\":\"SearchAction\",\"target\":\"https:\/\/www.polisrecreio.com.br\/site\/?s={search_term_string}\",\"query-input\":\"required name=search_term_string\"}],\"inLanguage\":\"pt-BR\"},{\"@type\":\"ImageObject\",\"@id\":\"https:\/\/www.polisrecreio.com.br\/site\/2017\/06\/07\/agricultores-de-recreio-em-breve-poderao-fornecer-suas-producoes-para-conab\/#primaryimage\",\"inLanguage\":\"pt-BR\",\"url\":\"https:\/\/www.polisrecreio.com.br\/site\/wp-content\/uploads\/2017\/06\/19029350_474286652904173_2570653098497832400_n.jpg\",\"width\":750,\"height\":479,\"caption\":\"Autoridades da CONAB e equipe do prefeito Z\\u00e9 Maria Barros.\"},{\"@type\":\"WebPage\",\"@id\":\"https:\/\/www.polisrecreio.com.br\/site\/2017\/06\/07\/agricultores-de-recreio-em-breve-poderao-fornecer-suas-producoes-para-conab\/#webpage\",\"url\":\"https:\/\/www.polisrecreio.com.br\/site\/2017\/06\/07\/agricultores-de-recreio-em-breve-poderao-fornecer-suas-producoes-para-conab\/\",\"name\":\"Agricultores de Recreio em breve poder\\u00e3o fornecer suas produ\\u00e7\\u00f5es para CONAB - P\\u00f3lis Recreio\",\"isPartOf\":{\"@id\":\"https:\/\/www.polisrecreio.com.br\/site\/#website\"},\"primaryImageOfPage\":{\"@id\":\"https:\/\/www.polisrecreio.com.br\/site\/2017\/06\/07\/agricultores-de-recreio-em-breve-poderao-fornecer-suas-producoes-para-conab\/#primaryimage\"},\"datePublished\":\"2017-06-07T21:25:01+00:00\",\"dateModified\":\"2017-06-07T22:31:33+00:00\",\"author\":{\"@id\":\"https:\/\/www.polisrecreio.com.br\/site\/#\/schema\/person\/3363c1c78e1e28e1329d97adb387638e\"},\"inLanguage\":\"pt-BR\",\"potentialAction\":[{\"@type\":\"ReadAction\",\"target\":[\"https:\/\/www.polisrecreio.com.br\/site\/2017\/06\/07\/agricultores-de-recreio-em-breve-poderao-fornecer-suas-producoes-para-conab\/\"]}]},{\"@type\":\"Person\",\"@id\":\"https:\/\/www.polisrecreio.com.br\/site\/#\/schema\/person\/3363c1c78e1e28e1329d97adb387638e\",\"name\":\"Leonardo Ribeiro\",\"image\":{\"@type\":\"ImageObject\",\"@id\":\"https:\/\/www.polisrecreio.com.br\/site\/#personlogo\",\"inLanguage\":\"pt-BR\",\"url\":\"https:\/\/secure.gravatar.com\/avatar\/6ba92a37d621e1a83e23710251178a12?s=96&d=mm&r=g\",\"caption\":\"Leonardo Ribeiro\"},\"sameAs\":[\"http:\/\/www.polisrecreio.com.br\"]}]}<\/script>\n<!-- \/ Yoast SEO plugin. -->","_links":{"self":[{"href":"https:\/\/www.polisrecreio.com.br\/site\/wp-json\/wp\/v2\/posts\/5803"}],"collection":[{"href":"https:\/\/www.polisrecreio.com.br\/site\/wp-json\/wp\/v2\/posts"}],"about":[{"href":"https:\/\/www.polisrecreio.com.br\/site\/wp-json\/wp\/v2\/types\/post"}],"author":[{"embeddable":true,"href":"https:\/\/www.polisrecreio.com.br\/site\/wp-json\/wp\/v2\/users\/3"}],"replies":[{"embeddable":true,"href":"https:\/\/www.polisrecreio.com.br\/site\/wp-json\/wp\/v2\/comments?post=5803"}],"version-history":[{"count":3,"href":"https:\/\/www.polisrecreio.com.br\/site\/wp-json\/wp\/v2\/posts\/5803\/revisions"}],"predecessor-version":[{"id":5806,"href":"https:\/\/www.polisrecreio.com.br\/site\/wp-json\/wp\/v2\/posts\/5803\/revisions\/5806"}],"wp:featuredmedia":[{"embeddable":true,"href":"https:\/\/www.polisrecreio.com.br\/site\/wp-json\/wp\/v2\/media\/5797"}],"wp:attachment":[{"href":"https:\/\/www.polisrecreio.com.br\/site\/wp-json\/wp\/v2\/media?parent=5803"}],"wp:term":[{"taxonomy":"category","embeddable":true,"href":"https:\/\/www.polisrecreio.com.br\/site\/wp-json\/wp\/v2\/categories?post=5803"},{"taxonomy":"post_tag","embeddable":true,"href":"https:\/\/www.polisrecreio.com.br\/site\/wp-json\/wp\/v2\/tags?post=5803"}],"curies":[{"name":"wp","href":"https:\/\/api.w.org\/{rel}","templated":true}]}}