{"id":5807,"date":"2017-06-07T21:43:43","date_gmt":"2017-06-08T00:43:43","guid":{"rendered":"http:\/\/www.polisrecreio.com.br\/site\/?p=5807"},"modified":"2017-06-07T21:43:43","modified_gmt":"2017-06-08T00:43:43","slug":"crianca-de-recreio-tem-doenca-rara-e-precisa-de-tratamento-que-custa-r-30-mil","status":"publish","type":"post","link":"https:\/\/www.polisrecreio.com.br\/site\/2017\/06\/07\/crianca-de-recreio-tem-doenca-rara-e-precisa-de-tratamento-que-custa-r-30-mil\/","title":{"rendered":"Crian\u00e7a de Recreio tem doen\u00e7a rara e precisa de tratamento que custa R$ 30 mil"},"content":{"rendered":"<p style=\"text-align: justify;\">Durante esta semana o caso de uma crian\u00e7a de Recreio de apenas 2 anos vem tomando conta das redes sociais. A garotinha Luiza Silva Pessam\u00edlio sofre de uma doen\u00e7a rara e precisa de um tratamento que custa R$ 30 mil.<\/p>\n<p style=\"text-align: justify;\"><!--more--><\/p>\n<figure id=\"attachment_5808\" aria-describedby=\"caption-attachment-5808\" style=\"width: 750px\" class=\"wp-caption aligncenter\"><a href=\"http:\/\/www.polisrecreio.com.br\/site\/wp-content\/uploads\/2017\/06\/Crianca-Esperanca.jpg\"><img loading=\"lazy\" class=\"size-full wp-image-5808\" src=\"http:\/\/www.polisrecreio.com.br\/site\/wp-content\/uploads\/2017\/06\/Crianca-Esperanca.jpg\" alt=\"Imagem ilustrativa.\" width=\"750\" height=\"501\" srcset=\"https:\/\/www.polisrecreio.com.br\/site\/wp-content\/uploads\/2017\/06\/Crianca-Esperanca.jpg 750w, https:\/\/www.polisrecreio.com.br\/site\/wp-content\/uploads\/2017\/06\/Crianca-Esperanca-300x200.jpg 300w\" sizes=\"(max-width: 750px) 100vw, 750px\" \/><\/a><figcaption id=\"caption-attachment-5808\" class=\"wp-caption-text\">Imagem ilustrativa.<\/figcaption><\/figure>\n<p style=\"text-align: justify;\">Uma tia da Luiza publicou no Facebook que a menina sofre de uma m\u00e1 forma\u00e7\u00e3o do \u00fatero e n\u00e3o tem condi\u00e7\u00f5es para o tratamento. De acordo com a tia Vera L\u00facia Madeira \u201ccada sess\u00e3o custa R$ 30 mil\u201d. Ela pediu at\u00e9 a ajuda de uma rede de TV atrav\u00e9s de um programa de audi\u00eancia.<\/p>\n<p style=\"text-align: justify;\">Um dos parceiros do Site P\u00f3lis na regi\u00e3o, O Vigilante Online, entrou em contato com a m\u00e3e de Luiza, que se encontra internada na Casa de Caridade Leopoldinense desde s\u00e1bado (3) \u00e0 noite. De acordo com a m\u00e3e \u201cela j\u00e1 vinha com epis\u00f3dios de sangramento menores, mas no s\u00e1bado o sangramento veio aumentando\u201d, fato causado pela m\u00e1 forma\u00e7\u00e3o do \u00fatero. A garotinha completou dois anos neste m\u00eas de maio.<\/p>\n<p style=\"text-align: justify;\">O tratamento para este caso \u00e9 atrav\u00e9s do medicamento Onyx realizado em Juiz de Fora, mas \u00e9 muito caro e os pais, Beto Sim\u00e3o e Marisa, n\u00e3o t\u00eam condi\u00e7\u00f5es de custear. \u201cS\u00e3o necess\u00e1rias 5 doses do medicamento e cada uma custa R$ 6 mil, totalizando R$ 30 mil\u201d, informou Marisa.<\/p>\n<p style=\"text-align: justify;\">O Vigilante Online publicou que segundo documento datado de 5 de junho deste ano, compartilhado pela m\u00e3e da crian\u00e7a atrav\u00e9s das redes, o m\u00e9dico Dr. Paulo Rubens M. Lupatini, de Leopoldina, narra que a crian\u00e7a, com 2 anos de idade, com v\u00e1rias interna\u00e7\u00f5es por sangramento vaginal importante, com risco de morte por choque hipovol\u00eamico. Al\u00e9m de sangramentos vaginais intermitentes levando \u00e0 anemia cr\u00f4nica, esse sangramento se deve \u00e0 m\u00e1 forma\u00e7\u00e3o venosa uterina de origem cong\u00eanita. Para tratamento necessita fazer procedimento chamado esclerose venosa, o qual utiliza medicamento (Onyx), que deve ser adquirido pela fam\u00edlia, e menciona que al\u00e9m do risco de morte devido \u00e0 hemorragia uterina, Luiza est\u00e1 sendo exposta a m\u00faltiplas transfus\u00f5es que carregam por si risco de rea\u00e7\u00f5es indesejadas e doen\u00e7as transmiss\u00edveis, apesar dos cuidados de rotina. O Onyx n\u00e3o \u00e9 disponibilizado pelo SUS.<\/p>\n<p style=\"text-align: justify;\">O Site P\u00f3lis entrou em contato com o prefeito de Recreio, Z\u00e9 Maria Barros, para ver a posi\u00e7\u00e3o do poder p\u00fablico municipal sobre este caso e ele disse que \u201ctodas as medidas est\u00e3o sendo tomadas para ajudar a fam\u00edlia, inclusive, com apoio jur\u00eddico na quest\u00e3o da aquisi\u00e7\u00e3o do medicamento por meio do Estado.\u201d<\/p>\n<p style=\"text-align: justify;\">Um grupo de pessoas iniciou uma mobiliza\u00e7\u00e3o atrav\u00e9s da internet, no sentido de sensibilizar as pessoas e conseguir apoio para a causa e a fam\u00edlia disponibilizou uma conta poupan\u00e7a para receber doa\u00e7\u00f5es destinadas a adquirir o medicamento que a pequena Luiza precisa:\u00a0Banco do Brasil \u2013 AG 0471-5 Conta 32417-5 Titular: Marisa Aparecida da Silva.<\/p>\n","protected":false},"excerpt":{"rendered":"<p>Durante esta semana o caso de uma crian\u00e7a de Recreio de apenas 2 anos vem tomando conta das redes sociais. A garotinha Luiza Silva Pessam\u00edlio sofre de uma doen\u00e7a rara e precisa de um tratamento que custa R$ 30 mil.<\/p>\n","protected":false},"author":3,"featured_media":5808,"comment_status":"open","ping_status":"open","sticky":false,"template":"","format":"standard","meta":[],"categories":[7],"tags":[],"yoast_head":"<!-- This site is optimized with the Yoast SEO plugin v15.6.2 - https:\/\/yoast.com\/wordpress\/plugins\/seo\/ -->\n<meta name=\"robots\" content=\"index, follow, max-snippet:-1, max-image-preview:large, max-video-preview:-1\" \/>\n<link rel=\"canonical\" href=\"http:\/\/www.polisrecreio.com.br\/site\/2017\/06\/07\/crianca-de-recreio-tem-doenca-rara-e-precisa-de-tratamento-que-custa-r-30-mil\/\" \/>\n<meta property=\"og:locale\" content=\"pt_BR\" \/>\n<meta property=\"og:type\" content=\"article\" \/>\n<meta property=\"og:title\" content=\"Crian\u00e7a de Recreio tem doen\u00e7a rara e precisa de tratamento que custa R$ 30 mil - P\u00f3lis Recreio\" \/>\n<meta property=\"og:description\" content=\"Durante esta semana o caso de uma crian\u00e7a de Recreio de apenas 2 anos vem tomando conta das redes sociais. A garotinha Luiza Silva Pessam\u00edlio sofre de uma doen\u00e7a rara e precisa de um tratamento que custa R$ 30 mil.\" \/>\n<meta property=\"og:url\" content=\"http:\/\/www.polisrecreio.com.br\/site\/2017\/06\/07\/crianca-de-recreio-tem-doenca-rara-e-precisa-de-tratamento-que-custa-r-30-mil\/\" \/>\n<meta property=\"og:site_name\" content=\"P\u00f3lis Recreio\" \/>\n<meta property=\"article:publisher\" content=\"https:\/\/www.facebook.com\/Site-P%c3%b3lis-Recreio-MG-181941708571019\/\" \/>\n<meta property=\"article:published_time\" content=\"2017-06-08T00:43:43+00:00\" \/>\n<meta property=\"og:image\" content=\"https:\/\/www.polisrecreio.com.br\/site\/wp-content\/uploads\/2017\/06\/Crianca-Esperanca.jpg\" \/>\n\t<meta property=\"og:image:width\" content=\"750\" \/>\n\t<meta property=\"og:image:height\" content=\"501\" \/>\n<meta name=\"twitter:card\" content=\"summary_large_image\" \/>\n<meta name=\"twitter:creator\" content=\"@PolisRecreio\" \/>\n<meta name=\"twitter:site\" content=\"@PolisRecreio\" \/>\n<meta name=\"twitter:label1\" content=\"Est. reading time\">\n\t<meta name=\"twitter:data1\" content=\"3 minutos\">\n<script type=\"application\/ld+json\" class=\"yoast-schema-graph\">{\"@context\":\"https:\/\/schema.org\",\"@graph\":[{\"@type\":\"WebSite\",\"@id\":\"https:\/\/www.polisrecreio.com.br\/site\/#website\",\"url\":\"https:\/\/www.polisrecreio.com.br\/site\/\",\"name\":\"P\\u00f3lis Recreio\",\"description\":\"\",\"potentialAction\":[{\"@type\":\"SearchAction\",\"target\":\"https:\/\/www.polisrecreio.com.br\/site\/?s={search_term_string}\",\"query-input\":\"required name=search_term_string\"}],\"inLanguage\":\"pt-BR\"},{\"@type\":\"ImageObject\",\"@id\":\"http:\/\/www.polisrecreio.com.br\/site\/2017\/06\/07\/crianca-de-recreio-tem-doenca-rara-e-precisa-de-tratamento-que-custa-r-30-mil\/#primaryimage\",\"inLanguage\":\"pt-BR\",\"url\":\"https:\/\/www.polisrecreio.com.br\/site\/wp-content\/uploads\/2017\/06\/Crianca-Esperanca.jpg\",\"width\":750,\"height\":501,\"caption\":\"Imagem ilustrativa.\"},{\"@type\":\"WebPage\",\"@id\":\"http:\/\/www.polisrecreio.com.br\/site\/2017\/06\/07\/crianca-de-recreio-tem-doenca-rara-e-precisa-de-tratamento-que-custa-r-30-mil\/#webpage\",\"url\":\"http:\/\/www.polisrecreio.com.br\/site\/2017\/06\/07\/crianca-de-recreio-tem-doenca-rara-e-precisa-de-tratamento-que-custa-r-30-mil\/\",\"name\":\"Crian\\u00e7a de Recreio tem doen\\u00e7a rara e precisa de tratamento que custa R$ 30 mil - P\\u00f3lis Recreio\",\"isPartOf\":{\"@id\":\"https:\/\/www.polisrecreio.com.br\/site\/#website\"},\"primaryImageOfPage\":{\"@id\":\"http:\/\/www.polisrecreio.com.br\/site\/2017\/06\/07\/crianca-de-recreio-tem-doenca-rara-e-precisa-de-tratamento-que-custa-r-30-mil\/#primaryimage\"},\"datePublished\":\"2017-06-08T00:43:43+00:00\",\"dateModified\":\"2017-06-08T00:43:43+00:00\",\"author\":{\"@id\":\"https:\/\/www.polisrecreio.com.br\/site\/#\/schema\/person\/3363c1c78e1e28e1329d97adb387638e\"},\"inLanguage\":\"pt-BR\",\"potentialAction\":[{\"@type\":\"ReadAction\",\"target\":[\"http:\/\/www.polisrecreio.com.br\/site\/2017\/06\/07\/crianca-de-recreio-tem-doenca-rara-e-precisa-de-tratamento-que-custa-r-30-mil\/\"]}]},{\"@type\":\"Person\",\"@id\":\"https:\/\/www.polisrecreio.com.br\/site\/#\/schema\/person\/3363c1c78e1e28e1329d97adb387638e\",\"name\":\"Leonardo Ribeiro\",\"image\":{\"@type\":\"ImageObject\",\"@id\":\"https:\/\/www.polisrecreio.com.br\/site\/#personlogo\",\"inLanguage\":\"pt-BR\",\"url\":\"https:\/\/secure.gravatar.com\/avatar\/6ba92a37d621e1a83e23710251178a12?s=96&d=mm&r=g\",\"caption\":\"Leonardo Ribeiro\"},\"sameAs\":[\"http:\/\/www.polisrecreio.com.br\"]}]}<\/script>\n<!-- \/ Yoast SEO plugin. -->","_links":{"self":[{"href":"https:\/\/www.polisrecreio.com.br\/site\/wp-json\/wp\/v2\/posts\/5807"}],"collection":[{"href":"https:\/\/www.polisrecreio.com.br\/site\/wp-json\/wp\/v2\/posts"}],"about":[{"href":"https:\/\/www.polisrecreio.com.br\/site\/wp-json\/wp\/v2\/types\/post"}],"author":[{"embeddable":true,"href":"https:\/\/www.polisrecreio.com.br\/site\/wp-json\/wp\/v2\/users\/3"}],"replies":[{"embeddable":true,"href":"https:\/\/www.polisrecreio.com.br\/site\/wp-json\/wp\/v2\/comments?post=5807"}],"version-history":[{"count":1,"href":"https:\/\/www.polisrecreio.com.br\/site\/wp-json\/wp\/v2\/posts\/5807\/revisions"}],"predecessor-version":[{"id":5809,"href":"https:\/\/www.polisrecreio.com.br\/site\/wp-json\/wp\/v2\/posts\/5807\/revisions\/5809"}],"wp:featuredmedia":[{"embeddable":true,"href":"https:\/\/www.polisrecreio.com.br\/site\/wp-json\/wp\/v2\/media\/5808"}],"wp:attachment":[{"href":"https:\/\/www.polisrecreio.com.br\/site\/wp-json\/wp\/v2\/media?parent=5807"}],"wp:term":[{"taxonomy":"category","embeddable":true,"href":"https:\/\/www.polisrecreio.com.br\/site\/wp-json\/wp\/v2\/categories?post=5807"},{"taxonomy":"post_tag","embeddable":true,"href":"https:\/\/www.polisrecreio.com.br\/site\/wp-json\/wp\/v2\/tags?post=5807"}],"curies":[{"name":"wp","href":"https:\/\/api.w.org\/{rel}","templated":true}]}}