{"id":5810,"date":"2017-06-08T09:13:50","date_gmt":"2017-06-08T12:13:50","guid":{"rendered":"http:\/\/www.polisrecreio.com.br\/site\/?p=5810"},"modified":"2017-06-08T09:13:50","modified_gmt":"2017-06-08T12:13:50","slug":"cursos-de-pos-graduacao-comecam-neste-sabado-dia-10-em-recreio","status":"publish","type":"post","link":"https:\/\/www.polisrecreio.com.br\/site\/2017\/06\/08\/cursos-de-pos-graduacao-comecam-neste-sabado-dia-10-em-recreio\/","title":{"rendered":"Cursos de p\u00f3s-gradua\u00e7\u00e3o come\u00e7am neste s\u00e1bado, dia 10, em Recreio"},"content":{"rendered":"<p style=\"text-align: justify;\">Neste s\u00e1bado, dia 10, come\u00e7am as aulas dos cursos de p\u00f3s-gradua\u00e7\u00e3o do Grupo EVATA na Escola Municipal Professora Nice Damasceno de Almeida Muniz, as 8:30h. As aulas s\u00e3o presenciais e tem reconhecimento do Minist\u00e9rio da Educa\u00e7\u00e3o por meio da Portaria n\u00ba 3.643\/2002.<\/p>\n<p style=\"text-align: justify;\"><!--more--><\/p>\n<figure id=\"attachment_5811\" aria-describedby=\"caption-attachment-5811\" style=\"width: 750px\" class=\"wp-caption aligncenter\"><a href=\"http:\/\/www.polisrecreio.com.br\/site\/wp-content\/uploads\/2017\/06\/aplique-4-metodos-para-tornar-sua-aula-mais-dinamica-noticias.jpg\"><img loading=\"lazy\" class=\"size-full wp-image-5811\" src=\"http:\/\/www.polisrecreio.com.br\/site\/wp-content\/uploads\/2017\/06\/aplique-4-metodos-para-tornar-sua-aula-mais-dinamica-noticias.jpg\" alt=\"Imagem ilustrativa.\" width=\"750\" height=\"438\" srcset=\"https:\/\/www.polisrecreio.com.br\/site\/wp-content\/uploads\/2017\/06\/aplique-4-metodos-para-tornar-sua-aula-mais-dinamica-noticias.jpg 750w, https:\/\/www.polisrecreio.com.br\/site\/wp-content\/uploads\/2017\/06\/aplique-4-metodos-para-tornar-sua-aula-mais-dinamica-noticias-300x175.jpg 300w\" sizes=\"(max-width: 750px) 100vw, 750px\" \/><\/a><figcaption id=\"caption-attachment-5811\" class=\"wp-caption-text\">Imagem ilustrativa.<\/figcaption><\/figure>\n<p style=\"text-align: justify;\">Ao todo foram formadas duas turmas em Psicopedagogia e Educa\u00e7\u00e3o Especial e Inclusiva. Outras duas est\u00e3o em fase de forma\u00e7\u00e3o, Gest\u00e3o ESF e Gest\u00e3o Pol\u00edtica de Assist\u00eancia Social e Trabalho com Fam\u00edlias.<\/p>\n<p style=\"text-align: justify;\">Os cursos que iniciar\u00e3o em Recreio contam com a parceria da Prefeitura Municipal atrav\u00e9s da Secretaria Municipal de Educa\u00e7\u00e3o e Cultura. O Grupo EVATA lembra que funcion\u00e1rios p\u00fablicos municipais t\u00eam descontos nas mensalidades.<\/p>\n<p style=\"text-align: justify;\">Maiores informa\u00e7\u00f5es poder\u00e3o ser obtidas pelo telefone (32) 3444-1606.<\/p>\n","protected":false},"excerpt":{"rendered":"<p>Neste s\u00e1bado, dia 10, come\u00e7am as aulas dos cursos de p\u00f3s-gradua\u00e7\u00e3o do Grupo EVATA na Escola Municipal Professora Nice Damasceno de Almeida Muniz, as 8:30h. As aulas s\u00e3o presenciais e tem reconhecimento do Minist\u00e9rio da Educa\u00e7\u00e3o por meio da Portaria n\u00ba 3.643\/2002.<\/p>\n","protected":false},"author":3,"featured_media":5811,"comment_status":"open","ping_status":"open","sticky":false,"template":"","format":"standard","meta":[],"categories":[9],"tags":[],"yoast_head":"<!-- This site is optimized with the Yoast SEO plugin v15.6.2 - https:\/\/yoast.com\/wordpress\/plugins\/seo\/ -->\n<meta name=\"robots\" content=\"index, follow, max-snippet:-1, max-image-preview:large, max-video-preview:-1\" \/>\n<link rel=\"canonical\" href=\"https:\/\/www.polisrecreio.com.br\/site\/2017\/06\/08\/cursos-de-pos-graduacao-comecam-neste-sabado-dia-10-em-recreio\/\" \/>\n<meta property=\"og:locale\" content=\"pt_BR\" \/>\n<meta property=\"og:type\" content=\"article\" \/>\n<meta property=\"og:title\" content=\"Cursos de p\u00f3s-gradua\u00e7\u00e3o come\u00e7am neste s\u00e1bado, dia 10, em Recreio - P\u00f3lis Recreio\" \/>\n<meta property=\"og:description\" content=\"Neste s\u00e1bado, dia 10, come\u00e7am as aulas dos cursos de p\u00f3s-gradua\u00e7\u00e3o do Grupo EVATA na Escola Municipal Professora Nice Damasceno de Almeida Muniz, as 8:30h. As aulas s\u00e3o presenciais e tem reconhecimento do Minist\u00e9rio da Educa\u00e7\u00e3o por meio da Portaria n\u00ba 3.643\/2002.\" \/>\n<meta property=\"og:url\" content=\"https:\/\/www.polisrecreio.com.br\/site\/2017\/06\/08\/cursos-de-pos-graduacao-comecam-neste-sabado-dia-10-em-recreio\/\" \/>\n<meta property=\"og:site_name\" content=\"P\u00f3lis Recreio\" \/>\n<meta property=\"article:publisher\" content=\"https:\/\/www.facebook.com\/Site-P%c3%b3lis-Recreio-MG-181941708571019\/\" \/>\n<meta property=\"article:published_time\" content=\"2017-06-08T12:13:50+00:00\" \/>\n<meta property=\"og:image\" content=\"https:\/\/www.polisrecreio.com.br\/site\/wp-content\/uploads\/2017\/06\/aplique-4-metodos-para-tornar-sua-aula-mais-dinamica-noticias.jpg\" \/>\n\t<meta property=\"og:image:width\" content=\"750\" \/>\n\t<meta property=\"og:image:height\" content=\"438\" \/>\n<meta name=\"twitter:card\" content=\"summary_large_image\" \/>\n<meta name=\"twitter:creator\" content=\"@PolisRecreio\" \/>\n<meta name=\"twitter:site\" content=\"@PolisRecreio\" \/>\n<meta name=\"twitter:label1\" content=\"Est. reading time\">\n\t<meta name=\"twitter:data1\" content=\"1 minuto\">\n<script type=\"application\/ld+json\" class=\"yoast-schema-graph\">{\"@context\":\"https:\/\/schema.org\",\"@graph\":[{\"@type\":\"WebSite\",\"@id\":\"https:\/\/www.polisrecreio.com.br\/site\/#website\",\"url\":\"https:\/\/www.polisrecreio.com.br\/site\/\",\"name\":\"P\\u00f3lis Recreio\",\"description\":\"\",\"potentialAction\":[{\"@type\":\"SearchAction\",\"target\":\"https:\/\/www.polisrecreio.com.br\/site\/?s={search_term_string}\",\"query-input\":\"required name=search_term_string\"}],\"inLanguage\":\"pt-BR\"},{\"@type\":\"ImageObject\",\"@id\":\"https:\/\/www.polisrecreio.com.br\/site\/2017\/06\/08\/cursos-de-pos-graduacao-comecam-neste-sabado-dia-10-em-recreio\/#primaryimage\",\"inLanguage\":\"pt-BR\",\"url\":\"https:\/\/www.polisrecreio.com.br\/site\/wp-content\/uploads\/2017\/06\/aplique-4-metodos-para-tornar-sua-aula-mais-dinamica-noticias.jpg\",\"width\":750,\"height\":438},{\"@type\":\"WebPage\",\"@id\":\"https:\/\/www.polisrecreio.com.br\/site\/2017\/06\/08\/cursos-de-pos-graduacao-comecam-neste-sabado-dia-10-em-recreio\/#webpage\",\"url\":\"https:\/\/www.polisrecreio.com.br\/site\/2017\/06\/08\/cursos-de-pos-graduacao-comecam-neste-sabado-dia-10-em-recreio\/\",\"name\":\"Cursos de p\\u00f3s-gradua\\u00e7\\u00e3o come\\u00e7am neste s\\u00e1bado, dia 10, em Recreio - P\\u00f3lis Recreio\",\"isPartOf\":{\"@id\":\"https:\/\/www.polisrecreio.com.br\/site\/#website\"},\"primaryImageOfPage\":{\"@id\":\"https:\/\/www.polisrecreio.com.br\/site\/2017\/06\/08\/cursos-de-pos-graduacao-comecam-neste-sabado-dia-10-em-recreio\/#primaryimage\"},\"datePublished\":\"2017-06-08T12:13:50+00:00\",\"dateModified\":\"2017-06-08T12:13:50+00:00\",\"author\":{\"@id\":\"https:\/\/www.polisrecreio.com.br\/site\/#\/schema\/person\/3363c1c78e1e28e1329d97adb387638e\"},\"inLanguage\":\"pt-BR\",\"potentialAction\":[{\"@type\":\"ReadAction\",\"target\":[\"https:\/\/www.polisrecreio.com.br\/site\/2017\/06\/08\/cursos-de-pos-graduacao-comecam-neste-sabado-dia-10-em-recreio\/\"]}]},{\"@type\":\"Person\",\"@id\":\"https:\/\/www.polisrecreio.com.br\/site\/#\/schema\/person\/3363c1c78e1e28e1329d97adb387638e\",\"name\":\"Leonardo Ribeiro\",\"image\":{\"@type\":\"ImageObject\",\"@id\":\"https:\/\/www.polisrecreio.com.br\/site\/#personlogo\",\"inLanguage\":\"pt-BR\",\"url\":\"https:\/\/secure.gravatar.com\/avatar\/6ba92a37d621e1a83e23710251178a12?s=96&d=mm&r=g\",\"caption\":\"Leonardo Ribeiro\"},\"sameAs\":[\"http:\/\/www.polisrecreio.com.br\"]}]}<\/script>\n<!-- \/ Yoast SEO plugin. -->","_links":{"self":[{"href":"https:\/\/www.polisrecreio.com.br\/site\/wp-json\/wp\/v2\/posts\/5810"}],"collection":[{"href":"https:\/\/www.polisrecreio.com.br\/site\/wp-json\/wp\/v2\/posts"}],"about":[{"href":"https:\/\/www.polisrecreio.com.br\/site\/wp-json\/wp\/v2\/types\/post"}],"author":[{"embeddable":true,"href":"https:\/\/www.polisrecreio.com.br\/site\/wp-json\/wp\/v2\/users\/3"}],"replies":[{"embeddable":true,"href":"https:\/\/www.polisrecreio.com.br\/site\/wp-json\/wp\/v2\/comments?post=5810"}],"version-history":[{"count":1,"href":"https:\/\/www.polisrecreio.com.br\/site\/wp-json\/wp\/v2\/posts\/5810\/revisions"}],"predecessor-version":[{"id":5812,"href":"https:\/\/www.polisrecreio.com.br\/site\/wp-json\/wp\/v2\/posts\/5810\/revisions\/5812"}],"wp:featuredmedia":[{"embeddable":true,"href":"https:\/\/www.polisrecreio.com.br\/site\/wp-json\/wp\/v2\/media\/5811"}],"wp:attachment":[{"href":"https:\/\/www.polisrecreio.com.br\/site\/wp-json\/wp\/v2\/media?parent=5810"}],"wp:term":[{"taxonomy":"category","embeddable":true,"href":"https:\/\/www.polisrecreio.com.br\/site\/wp-json\/wp\/v2\/categories?post=5810"},{"taxonomy":"post_tag","embeddable":true,"href":"https:\/\/www.polisrecreio.com.br\/site\/wp-json\/wp\/v2\/tags?post=5810"}],"curies":[{"name":"wp","href":"https:\/\/api.w.org\/{rel}","templated":true}]}}