{"id":5813,"date":"2017-06-09T08:35:07","date_gmt":"2017-06-09T11:35:07","guid":{"rendered":"http:\/\/www.polisrecreio.com.br\/site\/?p=5813"},"modified":"2017-06-09T08:35:07","modified_gmt":"2017-06-09T11:35:07","slug":"milton-bogado-recebe-titulo-de-produtor-rural-destaque","status":"publish","type":"post","link":"https:\/\/www.polisrecreio.com.br\/site\/2017\/06\/09\/milton-bogado-recebe-titulo-de-produtor-rural-destaque\/","title":{"rendered":"Milton Bogado recebe t\u00edtulo de \u201cProdutor Rural Destaque\u201d"},"content":{"rendered":"<p style=\"text-align: justify;\">Durante a terceira edi\u00e7\u00e3o do F\u00f3rum Regional do Governo do Estado de Minas Gerais em Juiz de Fora o pecuarista de Recreio, Milton Bogado, recebeu o t\u00edtulo de \u201cProdutor Rural Destaque\u201d por meio de indica\u00e7\u00e3o do prefeito Z\u00e9 Maria Barros.<\/p>\n<p style=\"text-align: justify;\"><!--more--><\/p>\n<figure id=\"attachment_5814\" aria-describedby=\"caption-attachment-5814\" style=\"width: 750px\" class=\"wp-caption aligncenter\"><a href=\"http:\/\/www.polisrecreio.com.br\/site\/wp-content\/uploads\/2017\/06\/18921753_1342901879119036_1494712099540489149_n.jpg\"><img loading=\"lazy\" class=\"size-full wp-image-5814\" src=\"http:\/\/www.polisrecreio.com.br\/site\/wp-content\/uploads\/2017\/06\/18921753_1342901879119036_1494712099540489149_n.jpg\" alt=\"Homenagens a produtores rurais.\" width=\"750\" height=\"357\" srcset=\"https:\/\/www.polisrecreio.com.br\/site\/wp-content\/uploads\/2017\/06\/18921753_1342901879119036_1494712099540489149_n.jpg 750w, https:\/\/www.polisrecreio.com.br\/site\/wp-content\/uploads\/2017\/06\/18921753_1342901879119036_1494712099540489149_n-300x143.jpg 300w\" sizes=\"(max-width: 750px) 100vw, 750px\" \/><\/a><figcaption id=\"caption-attachment-5814\" class=\"wp-caption-text\">Homenagens a produtores rurais.<\/figcaption><\/figure>\n<p style=\"text-align: justify;\">Segundo informa\u00e7\u00f5es obtidas pelo Site P\u00f3lis a escolha do Sr. Milton, como \u00e9 conhecido na cidade, levou em considera\u00e7\u00e3o a import\u00e2ncia dos seus empreendimentos rurais para a economia municipal, tanto na \u00e1rea de produ\u00e7\u00e3o de leite como tamb\u00e9m na gera\u00e7\u00e3o de emprego e renda.<\/p>\n<p style=\"text-align: justify;\">Participaram da solenidade que aconteceu no Expominas, em Juiz de Fora, o prefeito de Recreio, Z\u00e9 Maria Barros; o secret\u00e1rio de Agricultura de Recreio, Lu\u00eds Ot\u00e1vio Guilherme; o homenageado, Milton Bogado; e o t\u00e9cnico extensionista da EMATER, \u00c9lcio.<\/p>\n<figure id=\"attachment_5815\" aria-describedby=\"caption-attachment-5815\" style=\"width: 750px\" class=\"wp-caption aligncenter\"><a href=\"http:\/\/www.polisrecreio.com.br\/site\/wp-content\/uploads\/2017\/06\/19029595_1342901909119033_4285310148284429846_n.jpg\"><img loading=\"lazy\" class=\"size-full wp-image-5815\" src=\"http:\/\/www.polisrecreio.com.br\/site\/wp-content\/uploads\/2017\/06\/19029595_1342901909119033_4285310148284429846_n.jpg\" alt=\"Produtor Milton Bogado e o prefeito de Recreio.\" width=\"750\" height=\"422\" srcset=\"https:\/\/www.polisrecreio.com.br\/site\/wp-content\/uploads\/2017\/06\/19029595_1342901909119033_4285310148284429846_n.jpg 750w, https:\/\/www.polisrecreio.com.br\/site\/wp-content\/uploads\/2017\/06\/19029595_1342901909119033_4285310148284429846_n-300x169.jpg 300w\" sizes=\"(max-width: 750px) 100vw, 750px\" \/><\/a><figcaption id=\"caption-attachment-5815\" class=\"wp-caption-text\">Produtor Milton Bogado e o prefeito de Recreio.<\/figcaption><\/figure>\n<figure id=\"attachment_5816\" aria-describedby=\"caption-attachment-5816\" style=\"width: 750px\" class=\"wp-caption aligncenter\"><a href=\"http:\/\/www.polisrecreio.com.br\/site\/wp-content\/uploads\/2017\/06\/18922206_1342901835785707_8947575848216157538_n.jpg\"><img loading=\"lazy\" class=\"size-full wp-image-5816\" src=\"http:\/\/www.polisrecreio.com.br\/site\/wp-content\/uploads\/2017\/06\/18922206_1342901835785707_8947575848216157538_n.jpg\" alt=\"Secret\u00e1rio de Agricultura de Recreio, produtor rural e o t\u00e9cnico da EMATER.\" width=\"750\" height=\"473\" srcset=\"https:\/\/www.polisrecreio.com.br\/site\/wp-content\/uploads\/2017\/06\/18922206_1342901835785707_8947575848216157538_n.jpg 750w, https:\/\/www.polisrecreio.com.br\/site\/wp-content\/uploads\/2017\/06\/18922206_1342901835785707_8947575848216157538_n-300x189.jpg 300w\" sizes=\"(max-width: 750px) 100vw, 750px\" \/><\/a><figcaption id=\"caption-attachment-5816\" class=\"wp-caption-text\">Secret\u00e1rio de Agricultura de Recreio, produtor rural e o t\u00e9cnico da EMATER.<\/figcaption><\/figure>\n","protected":false},"excerpt":{"rendered":"<p>Durante a terceira edi\u00e7\u00e3o do F\u00f3rum Regional do Governo do Estado de Minas Gerais em Juiz de Fora o pecuarista de Recreio, Milton Bogado, recebeu o t\u00edtulo de \u201cProdutor Rural Destaque\u201d por meio de indica\u00e7\u00e3o do prefeito Z\u00e9 Maria Barros.<\/p>\n","protected":false},"author":3,"featured_media":5814,"comment_status":"open","ping_status":"open","sticky":false,"template":"","format":"standard","meta":[],"categories":[5],"tags":[],"yoast_head":"<!-- This site is optimized with the Yoast SEO plugin v15.6.2 - https:\/\/yoast.com\/wordpress\/plugins\/seo\/ -->\n<meta name=\"robots\" content=\"index, follow, max-snippet:-1, max-image-preview:large, max-video-preview:-1\" \/>\n<link rel=\"canonical\" href=\"http:\/\/www.polisrecreio.com.br\/site\/2017\/06\/09\/milton-bogado-recebe-titulo-de-produtor-rural-destaque\/\" \/>\n<meta property=\"og:locale\" content=\"pt_BR\" \/>\n<meta property=\"og:type\" content=\"article\" \/>\n<meta property=\"og:title\" content=\"Milton Bogado recebe t\u00edtulo de \u201cProdutor Rural Destaque\u201d - P\u00f3lis Recreio\" \/>\n<meta property=\"og:description\" content=\"Durante a terceira edi\u00e7\u00e3o do F\u00f3rum Regional do Governo do Estado de Minas Gerais em Juiz de Fora o pecuarista de Recreio, Milton Bogado, recebeu o t\u00edtulo de \u201cProdutor Rural Destaque\u201d por meio de indica\u00e7\u00e3o do prefeito Z\u00e9 Maria Barros.\" \/>\n<meta property=\"og:url\" content=\"http:\/\/www.polisrecreio.com.br\/site\/2017\/06\/09\/milton-bogado-recebe-titulo-de-produtor-rural-destaque\/\" \/>\n<meta property=\"og:site_name\" content=\"P\u00f3lis Recreio\" \/>\n<meta property=\"article:publisher\" content=\"https:\/\/www.facebook.com\/Site-P%c3%b3lis-Recreio-MG-181941708571019\/\" \/>\n<meta property=\"article:published_time\" content=\"2017-06-09T11:35:07+00:00\" \/>\n<meta property=\"og:image\" content=\"https:\/\/www.polisrecreio.com.br\/site\/wp-content\/uploads\/2017\/06\/18921753_1342901879119036_1494712099540489149_n.jpg\" \/>\n\t<meta property=\"og:image:width\" content=\"750\" \/>\n\t<meta property=\"og:image:height\" content=\"357\" \/>\n<meta name=\"twitter:card\" content=\"summary_large_image\" \/>\n<meta name=\"twitter:creator\" content=\"@PolisRecreio\" \/>\n<meta name=\"twitter:site\" content=\"@PolisRecreio\" \/>\n<meta name=\"twitter:label1\" content=\"Est. reading time\">\n\t<meta name=\"twitter:data1\" content=\"1 minuto\">\n<script type=\"application\/ld+json\" class=\"yoast-schema-graph\">{\"@context\":\"https:\/\/schema.org\",\"@graph\":[{\"@type\":\"WebSite\",\"@id\":\"https:\/\/www.polisrecreio.com.br\/site\/#website\",\"url\":\"https:\/\/www.polisrecreio.com.br\/site\/\",\"name\":\"P\\u00f3lis Recreio\",\"description\":\"\",\"potentialAction\":[{\"@type\":\"SearchAction\",\"target\":\"https:\/\/www.polisrecreio.com.br\/site\/?s={search_term_string}\",\"query-input\":\"required name=search_term_string\"}],\"inLanguage\":\"pt-BR\"},{\"@type\":\"ImageObject\",\"@id\":\"http:\/\/www.polisrecreio.com.br\/site\/2017\/06\/09\/milton-bogado-recebe-titulo-de-produtor-rural-destaque\/#primaryimage\",\"inLanguage\":\"pt-BR\",\"url\":\"https:\/\/www.polisrecreio.com.br\/site\/wp-content\/uploads\/2017\/06\/18921753_1342901879119036_1494712099540489149_n.jpg\",\"width\":750,\"height\":357,\"caption\":\"Homenagens a produtores rurais.\"},{\"@type\":\"WebPage\",\"@id\":\"http:\/\/www.polisrecreio.com.br\/site\/2017\/06\/09\/milton-bogado-recebe-titulo-de-produtor-rural-destaque\/#webpage\",\"url\":\"http:\/\/www.polisrecreio.com.br\/site\/2017\/06\/09\/milton-bogado-recebe-titulo-de-produtor-rural-destaque\/\",\"name\":\"Milton Bogado recebe t\\u00edtulo de \\u201cProdutor Rural Destaque\\u201d - P\\u00f3lis Recreio\",\"isPartOf\":{\"@id\":\"https:\/\/www.polisrecreio.com.br\/site\/#website\"},\"primaryImageOfPage\":{\"@id\":\"http:\/\/www.polisrecreio.com.br\/site\/2017\/06\/09\/milton-bogado-recebe-titulo-de-produtor-rural-destaque\/#primaryimage\"},\"datePublished\":\"2017-06-09T11:35:07+00:00\",\"dateModified\":\"2017-06-09T11:35:07+00:00\",\"author\":{\"@id\":\"https:\/\/www.polisrecreio.com.br\/site\/#\/schema\/person\/3363c1c78e1e28e1329d97adb387638e\"},\"inLanguage\":\"pt-BR\",\"potentialAction\":[{\"@type\":\"ReadAction\",\"target\":[\"http:\/\/www.polisrecreio.com.br\/site\/2017\/06\/09\/milton-bogado-recebe-titulo-de-produtor-rural-destaque\/\"]}]},{\"@type\":\"Person\",\"@id\":\"https:\/\/www.polisrecreio.com.br\/site\/#\/schema\/person\/3363c1c78e1e28e1329d97adb387638e\",\"name\":\"Leonardo Ribeiro\",\"image\":{\"@type\":\"ImageObject\",\"@id\":\"https:\/\/www.polisrecreio.com.br\/site\/#personlogo\",\"inLanguage\":\"pt-BR\",\"url\":\"https:\/\/secure.gravatar.com\/avatar\/6ba92a37d621e1a83e23710251178a12?s=96&d=mm&r=g\",\"caption\":\"Leonardo Ribeiro\"},\"sameAs\":[\"http:\/\/www.polisrecreio.com.br\"]}]}<\/script>\n<!-- \/ Yoast SEO plugin. -->","_links":{"self":[{"href":"https:\/\/www.polisrecreio.com.br\/site\/wp-json\/wp\/v2\/posts\/5813"}],"collection":[{"href":"https:\/\/www.polisrecreio.com.br\/site\/wp-json\/wp\/v2\/posts"}],"about":[{"href":"https:\/\/www.polisrecreio.com.br\/site\/wp-json\/wp\/v2\/types\/post"}],"author":[{"embeddable":true,"href":"https:\/\/www.polisrecreio.com.br\/site\/wp-json\/wp\/v2\/users\/3"}],"replies":[{"embeddable":true,"href":"https:\/\/www.polisrecreio.com.br\/site\/wp-json\/wp\/v2\/comments?post=5813"}],"version-history":[{"count":1,"href":"https:\/\/www.polisrecreio.com.br\/site\/wp-json\/wp\/v2\/posts\/5813\/revisions"}],"predecessor-version":[{"id":5817,"href":"https:\/\/www.polisrecreio.com.br\/site\/wp-json\/wp\/v2\/posts\/5813\/revisions\/5817"}],"wp:featuredmedia":[{"embeddable":true,"href":"https:\/\/www.polisrecreio.com.br\/site\/wp-json\/wp\/v2\/media\/5814"}],"wp:attachment":[{"href":"https:\/\/www.polisrecreio.com.br\/site\/wp-json\/wp\/v2\/media?parent=5813"}],"wp:term":[{"taxonomy":"category","embeddable":true,"href":"https:\/\/www.polisrecreio.com.br\/site\/wp-json\/wp\/v2\/categories?post=5813"},{"taxonomy":"post_tag","embeddable":true,"href":"https:\/\/www.polisrecreio.com.br\/site\/wp-json\/wp\/v2\/tags?post=5813"}],"curies":[{"name":"wp","href":"https:\/\/api.w.org\/{rel}","templated":true}]}}