{"id":5818,"date":"2017-06-09T11:16:45","date_gmt":"2017-06-09T14:16:45","guid":{"rendered":"http:\/\/www.polisrecreio.com.br\/site\/?p=5818"},"modified":"2017-06-09T11:16:45","modified_gmt":"2017-06-09T14:16:45","slug":"prefeito-ze-maria-barros-participa-de-evento-na-e-m-joao-damasceno-ferreira","status":"publish","type":"post","link":"https:\/\/www.polisrecreio.com.br\/site\/2017\/06\/09\/prefeito-ze-maria-barros-participa-de-evento-na-e-m-joao-damasceno-ferreira\/","title":{"rendered":"Prefeito Z\u00e9 Maria Barros participa de evento na E.M Jo\u00e3o Damasceno Ferreira"},"content":{"rendered":"<p style=\"text-align: justify;\">Na manh\u00e3 desta sexta-feira (9) o prefeito de Recreio, Z\u00e9 Maria Barros, visitou a Escola Municipal Jo\u00e3o Damasceno Ferreira e participou do evento promovido pela equipe pedag\u00f3gica do col\u00e9gio com palestra motivacional e apresenta\u00e7\u00e3o de dan\u00e7as do grupo de Leopoldina, P\u00e9rola Negra.<\/p>\n<p style=\"text-align: justify;\"><!--more--><\/p>\n<figure id=\"attachment_5819\" aria-describedby=\"caption-attachment-5819\" style=\"width: 750px\" class=\"wp-caption aligncenter\"><a href=\"http:\/\/www.polisrecreio.com.br\/site\/wp-content\/uploads\/2017\/06\/11.jpg\"><img loading=\"lazy\" class=\"size-full wp-image-5819\" src=\"http:\/\/www.polisrecreio.com.br\/site\/wp-content\/uploads\/2017\/06\/11.jpg\" alt=\"Prefeito em evento na E.M Jo\u00e3o Damasceno Ferreira.\" width=\"750\" height=\"563\" srcset=\"https:\/\/www.polisrecreio.com.br\/site\/wp-content\/uploads\/2017\/06\/11.jpg 750w, https:\/\/www.polisrecreio.com.br\/site\/wp-content\/uploads\/2017\/06\/11-300x225.jpg 300w\" sizes=\"(max-width: 750px) 100vw, 750px\" \/><\/a><figcaption id=\"caption-attachment-5819\" class=\"wp-caption-text\">Prefeito em evento na E.M Jo\u00e3o Damasceno Ferreira.<\/figcaption><\/figure>\n<p style=\"text-align: justify;\">A palestra motivacional foi ministrada por Amaury Santos, idealizador do projeto. Em seguida aconteceram apresenta\u00e7\u00f5es de dan\u00e7as com grande envolvimento do p\u00fablico discente presente. O interc\u00e2mbio entre o grupo de Leopoldina e a escola de Recreio aconteceu por interm\u00e9dio da professora de L\u00edngua Portuguesa, Cidinha.<\/p>\n<p style=\"text-align: justify;\">Em seu pronunciamento o prefeito de Recreio destacou a import\u00e2ncia da educa\u00e7\u00e3o e o trabalho que est\u00e1 sendo desenvolvido na rede municipal. Participaram tamb\u00e9m a secret\u00e1ria de Educa\u00e7\u00e3o, Maria Jos\u00e9 Lacerda \u201cZez\u00e9\u201d; o diretor da E.E Olavo Bilac, Ruan Ferreira; e os diretores das outras unidades educacionais do Munic\u00edpio.<\/p>\n<figure id=\"attachment_5820\" aria-describedby=\"caption-attachment-5820\" style=\"width: 750px\" class=\"wp-caption aligncenter\"><a href=\"http:\/\/www.polisrecreio.com.br\/site\/wp-content\/uploads\/2017\/06\/21.jpg\"><img loading=\"lazy\" class=\"size-full wp-image-5820\" src=\"http:\/\/www.polisrecreio.com.br\/site\/wp-content\/uploads\/2017\/06\/21.jpg\" alt=\"P\u00fablico assistindo a palestra.\" width=\"750\" height=\"563\" srcset=\"https:\/\/www.polisrecreio.com.br\/site\/wp-content\/uploads\/2017\/06\/21.jpg 750w, https:\/\/www.polisrecreio.com.br\/site\/wp-content\/uploads\/2017\/06\/21-300x225.jpg 300w\" sizes=\"(max-width: 750px) 100vw, 750px\" \/><\/a><figcaption id=\"caption-attachment-5820\" class=\"wp-caption-text\">P\u00fablico assistindo a palestra.<\/figcaption><\/figure>\n<figure id=\"attachment_5821\" aria-describedby=\"caption-attachment-5821\" style=\"width: 750px\" class=\"wp-caption aligncenter\"><a href=\"http:\/\/www.polisrecreio.com.br\/site\/wp-content\/uploads\/2017\/06\/3.jpg\"><img loading=\"lazy\" class=\"size-full wp-image-5821\" src=\"http:\/\/www.polisrecreio.com.br\/site\/wp-content\/uploads\/2017\/06\/3.jpg\" alt=\"Secret\u00e1ria de Educa\u00e7\u00e3o em pronunciamento.\" width=\"750\" height=\"563\" srcset=\"https:\/\/www.polisrecreio.com.br\/site\/wp-content\/uploads\/2017\/06\/3.jpg 750w, https:\/\/www.polisrecreio.com.br\/site\/wp-content\/uploads\/2017\/06\/3-300x225.jpg 300w\" sizes=\"(max-width: 750px) 100vw, 750px\" \/><\/a><figcaption id=\"caption-attachment-5821\" class=\"wp-caption-text\">Secret\u00e1ria de Educa\u00e7\u00e3o em pronunciamento.<\/figcaption><\/figure>\n<figure id=\"attachment_5822\" aria-describedby=\"caption-attachment-5822\" style=\"width: 750px\" class=\"wp-caption aligncenter\"><a href=\"http:\/\/www.polisrecreio.com.br\/site\/wp-content\/uploads\/2017\/06\/5.jpg\"><img loading=\"lazy\" class=\"size-full wp-image-5822\" src=\"http:\/\/www.polisrecreio.com.br\/site\/wp-content\/uploads\/2017\/06\/5.jpg\" alt=\"Autoridades e grupo P\u00e9rola Negra.\" width=\"750\" height=\"563\" srcset=\"https:\/\/www.polisrecreio.com.br\/site\/wp-content\/uploads\/2017\/06\/5.jpg 750w, https:\/\/www.polisrecreio.com.br\/site\/wp-content\/uploads\/2017\/06\/5-300x225.jpg 300w\" sizes=\"(max-width: 750px) 100vw, 750px\" \/><\/a><figcaption id=\"caption-attachment-5822\" class=\"wp-caption-text\">Autoridades e grupo P\u00e9rola Negra.<\/figcaption><\/figure>\n<figure id=\"attachment_5823\" aria-describedby=\"caption-attachment-5823\" style=\"width: 750px\" class=\"wp-caption aligncenter\"><a href=\"http:\/\/www.polisrecreio.com.br\/site\/wp-content\/uploads\/2017\/06\/4.jpg\"><img loading=\"lazy\" class=\"size-full wp-image-5823\" src=\"http:\/\/www.polisrecreio.com.br\/site\/wp-content\/uploads\/2017\/06\/4.jpg\" alt=\"Palestra na e.M Jo\u00e3o Damasceno Ferreira.\" width=\"750\" height=\"563\" srcset=\"https:\/\/www.polisrecreio.com.br\/site\/wp-content\/uploads\/2017\/06\/4.jpg 750w, https:\/\/www.polisrecreio.com.br\/site\/wp-content\/uploads\/2017\/06\/4-300x225.jpg 300w\" sizes=\"(max-width: 750px) 100vw, 750px\" \/><\/a><figcaption id=\"caption-attachment-5823\" class=\"wp-caption-text\">Palestra na e.M Jo\u00e3o Damasceno Ferreira.<\/figcaption><\/figure>\n","protected":false},"excerpt":{"rendered":"<p>Na manh\u00e3 desta sexta-feira (9) o prefeito de Recreio, Z\u00e9 Maria Barros, visitou a Escola Municipal Jo\u00e3o Damasceno Ferreira e participou do evento promovido pela equipe pedag\u00f3gica do col\u00e9gio com palestra motivacional e apresenta\u00e7\u00e3o de dan\u00e7as do grupo de Leopoldina, P\u00e9rola Negra.<\/p>\n","protected":false},"author":3,"featured_media":5819,"comment_status":"open","ping_status":"open","sticky":false,"template":"","format":"standard","meta":[],"categories":[9],"tags":[],"yoast_head":"<!-- This site is optimized with the Yoast SEO plugin v15.6.2 - https:\/\/yoast.com\/wordpress\/plugins\/seo\/ -->\n<meta name=\"robots\" content=\"index, follow, max-snippet:-1, max-image-preview:large, max-video-preview:-1\" \/>\n<link rel=\"canonical\" href=\"https:\/\/www.polisrecreio.com.br\/site\/2017\/06\/09\/prefeito-ze-maria-barros-participa-de-evento-na-e-m-joao-damasceno-ferreira\/\" \/>\n<meta property=\"og:locale\" content=\"pt_BR\" \/>\n<meta property=\"og:type\" content=\"article\" \/>\n<meta property=\"og:title\" content=\"Prefeito Z\u00e9 Maria Barros participa de evento na E.M Jo\u00e3o Damasceno Ferreira - P\u00f3lis Recreio\" \/>\n<meta property=\"og:description\" content=\"Na manh\u00e3 desta sexta-feira (9) o prefeito de Recreio, Z\u00e9 Maria Barros, visitou a Escola Municipal Jo\u00e3o Damasceno Ferreira e participou do evento promovido pela equipe pedag\u00f3gica do col\u00e9gio com palestra motivacional e apresenta\u00e7\u00e3o de dan\u00e7as do grupo de Leopoldina, P\u00e9rola Negra.\" \/>\n<meta property=\"og:url\" content=\"https:\/\/www.polisrecreio.com.br\/site\/2017\/06\/09\/prefeito-ze-maria-barros-participa-de-evento-na-e-m-joao-damasceno-ferreira\/\" \/>\n<meta property=\"og:site_name\" content=\"P\u00f3lis Recreio\" \/>\n<meta property=\"article:publisher\" content=\"https:\/\/www.facebook.com\/Site-P%c3%b3lis-Recreio-MG-181941708571019\/\" \/>\n<meta property=\"article:published_time\" content=\"2017-06-09T14:16:45+00:00\" \/>\n<meta property=\"og:image\" content=\"https:\/\/www.polisrecreio.com.br\/site\/wp-content\/uploads\/2017\/06\/11.jpg\" \/>\n\t<meta property=\"og:image:width\" content=\"750\" \/>\n\t<meta property=\"og:image:height\" content=\"563\" \/>\n<meta name=\"twitter:card\" content=\"summary_large_image\" \/>\n<meta name=\"twitter:creator\" content=\"@PolisRecreio\" \/>\n<meta name=\"twitter:site\" content=\"@PolisRecreio\" \/>\n<meta name=\"twitter:label1\" content=\"Est. reading time\">\n\t<meta name=\"twitter:data1\" content=\"1 minuto\">\n<script type=\"application\/ld+json\" class=\"yoast-schema-graph\">{\"@context\":\"https:\/\/schema.org\",\"@graph\":[{\"@type\":\"WebSite\",\"@id\":\"https:\/\/www.polisrecreio.com.br\/site\/#website\",\"url\":\"https:\/\/www.polisrecreio.com.br\/site\/\",\"name\":\"P\\u00f3lis Recreio\",\"description\":\"\",\"potentialAction\":[{\"@type\":\"SearchAction\",\"target\":\"https:\/\/www.polisrecreio.com.br\/site\/?s={search_term_string}\",\"query-input\":\"required name=search_term_string\"}],\"inLanguage\":\"pt-BR\"},{\"@type\":\"ImageObject\",\"@id\":\"https:\/\/www.polisrecreio.com.br\/site\/2017\/06\/09\/prefeito-ze-maria-barros-participa-de-evento-na-e-m-joao-damasceno-ferreira\/#primaryimage\",\"inLanguage\":\"pt-BR\",\"url\":\"https:\/\/www.polisrecreio.com.br\/site\/wp-content\/uploads\/2017\/06\/11.jpg\",\"width\":750,\"height\":563,\"caption\":\"Prefeito em evento na E.M Jo\\u00e3o Damasceno Ferreira.\"},{\"@type\":\"WebPage\",\"@id\":\"https:\/\/www.polisrecreio.com.br\/site\/2017\/06\/09\/prefeito-ze-maria-barros-participa-de-evento-na-e-m-joao-damasceno-ferreira\/#webpage\",\"url\":\"https:\/\/www.polisrecreio.com.br\/site\/2017\/06\/09\/prefeito-ze-maria-barros-participa-de-evento-na-e-m-joao-damasceno-ferreira\/\",\"name\":\"Prefeito Z\\u00e9 Maria Barros participa de evento na E.M Jo\\u00e3o Damasceno Ferreira - P\\u00f3lis Recreio\",\"isPartOf\":{\"@id\":\"https:\/\/www.polisrecreio.com.br\/site\/#website\"},\"primaryImageOfPage\":{\"@id\":\"https:\/\/www.polisrecreio.com.br\/site\/2017\/06\/09\/prefeito-ze-maria-barros-participa-de-evento-na-e-m-joao-damasceno-ferreira\/#primaryimage\"},\"datePublished\":\"2017-06-09T14:16:45+00:00\",\"dateModified\":\"2017-06-09T14:16:45+00:00\",\"author\":{\"@id\":\"https:\/\/www.polisrecreio.com.br\/site\/#\/schema\/person\/3363c1c78e1e28e1329d97adb387638e\"},\"inLanguage\":\"pt-BR\",\"potentialAction\":[{\"@type\":\"ReadAction\",\"target\":[\"https:\/\/www.polisrecreio.com.br\/site\/2017\/06\/09\/prefeito-ze-maria-barros-participa-de-evento-na-e-m-joao-damasceno-ferreira\/\"]}]},{\"@type\":\"Person\",\"@id\":\"https:\/\/www.polisrecreio.com.br\/site\/#\/schema\/person\/3363c1c78e1e28e1329d97adb387638e\",\"name\":\"Leonardo Ribeiro\",\"image\":{\"@type\":\"ImageObject\",\"@id\":\"https:\/\/www.polisrecreio.com.br\/site\/#personlogo\",\"inLanguage\":\"pt-BR\",\"url\":\"https:\/\/secure.gravatar.com\/avatar\/6ba92a37d621e1a83e23710251178a12?s=96&d=mm&r=g\",\"caption\":\"Leonardo Ribeiro\"},\"sameAs\":[\"http:\/\/www.polisrecreio.com.br\"]}]}<\/script>\n<!-- \/ Yoast SEO plugin. -->","_links":{"self":[{"href":"https:\/\/www.polisrecreio.com.br\/site\/wp-json\/wp\/v2\/posts\/5818"}],"collection":[{"href":"https:\/\/www.polisrecreio.com.br\/site\/wp-json\/wp\/v2\/posts"}],"about":[{"href":"https:\/\/www.polisrecreio.com.br\/site\/wp-json\/wp\/v2\/types\/post"}],"author":[{"embeddable":true,"href":"https:\/\/www.polisrecreio.com.br\/site\/wp-json\/wp\/v2\/users\/3"}],"replies":[{"embeddable":true,"href":"https:\/\/www.polisrecreio.com.br\/site\/wp-json\/wp\/v2\/comments?post=5818"}],"version-history":[{"count":1,"href":"https:\/\/www.polisrecreio.com.br\/site\/wp-json\/wp\/v2\/posts\/5818\/revisions"}],"predecessor-version":[{"id":5824,"href":"https:\/\/www.polisrecreio.com.br\/site\/wp-json\/wp\/v2\/posts\/5818\/revisions\/5824"}],"wp:featuredmedia":[{"embeddable":true,"href":"https:\/\/www.polisrecreio.com.br\/site\/wp-json\/wp\/v2\/media\/5819"}],"wp:attachment":[{"href":"https:\/\/www.polisrecreio.com.br\/site\/wp-json\/wp\/v2\/media?parent=5818"}],"wp:term":[{"taxonomy":"category","embeddable":true,"href":"https:\/\/www.polisrecreio.com.br\/site\/wp-json\/wp\/v2\/categories?post=5818"},{"taxonomy":"post_tag","embeddable":true,"href":"https:\/\/www.polisrecreio.com.br\/site\/wp-json\/wp\/v2\/tags?post=5818"}],"curies":[{"name":"wp","href":"https:\/\/api.w.org\/{rel}","templated":true}]}}