{"id":5835,"date":"2017-06-10T16:05:38","date_gmt":"2017-06-10T19:05:38","guid":{"rendered":"http:\/\/www.polisrecreio.com.br\/site\/?p=5835"},"modified":"2017-06-10T16:12:15","modified_gmt":"2017-06-10T19:12:15","slug":"recreiense-merica-tenta-voltar-com-o-friburguense-para-elite-do-futebol-carioca","status":"publish","type":"post","link":"https:\/\/www.polisrecreio.com.br\/site\/2017\/06\/10\/recreiense-merica-tenta-voltar-com-o-friburguense-para-elite-do-futebol-carioca\/","title":{"rendered":"Recreiense Merica tenta voltar com o Friburguense para elite do futebol carioca"},"content":{"rendered":"<p style=\"text-align: justify;\">A pouco mais de um ano no cargo de treinador profissional do Friburguense A.C, o recreiense Merica, iniciou uma das miss\u00f5es mais dif\u00edceis de sua carreira: voltar com o time de Nova Friburgo\u00a0para a elite do futebol carioca.<\/p>\n<p style=\"text-align: justify;\"><!--more--><\/p>\n<figure id=\"attachment_2405\" aria-describedby=\"caption-attachment-2405\" style=\"width: 800px\" class=\"wp-caption aligncenter\"><a href=\"http:\/\/www.polisrecreio.com.br\/site\/wp-content\/uploads\/2016\/07\/13319729_526486207552798_8950612289990681017_n.jpg\"><img loading=\"lazy\" class=\"size-full wp-image-2405\" src=\"http:\/\/www.polisrecreio.com.br\/site\/wp-content\/uploads\/2016\/07\/13319729_526486207552798_8950612289990681017_n.jpg\" alt=\"Merica, treinador do Friburguense.\" width=\"800\" height=\"457\" srcset=\"https:\/\/www.polisrecreio.com.br\/site\/wp-content\/uploads\/2016\/07\/13319729_526486207552798_8950612289990681017_n.jpg 800w, https:\/\/www.polisrecreio.com.br\/site\/wp-content\/uploads\/2016\/07\/13319729_526486207552798_8950612289990681017_n-300x171.jpg 300w\" sizes=\"(max-width: 800px) 100vw, 800px\" \/><\/a><figcaption id=\"caption-attachment-2405\" class=\"wp-caption-text\">Merica, treinador do Friburguense.<\/figcaption><\/figure>\n<p style=\"text-align: justify;\">O tricolor da serra est\u00e1 na disputa do Campeonato Carioca da S\u00e9rie B 1 e at\u00e9 agora n\u00e3o conseguiu fazer uma boa campanha. Em 4 jogos, apenas 1 vit\u00f3ria, 2 derrotas e 1 empate. A equipe est\u00e1 na 6\u00aa posi\u00e7\u00e3o no grupo B composto de 10 times. O primeiro colocado \u00e9 o Goytacaz com 12 pontos.<\/p>\n<p style=\"text-align: justify;\">Em 2016 com a ascens\u00e3o para o profissional, Merica foi campe\u00e3o dentro de campo da Copa Rio e escolhido melhor treinador da competi\u00e7\u00e3o. Por causa de irregularidades na contrata\u00e7\u00e3o de um jogador o time perdeu na Justi\u00e7a o t\u00edtulo para a Portuguesa.<\/p>\n<p style=\"text-align: justify;\"><strong>Confira os jogos do Friz\u00e3o no Campeonato<\/strong><\/p>\n<p style=\"text-align: justify;\">Goytacaz 2&#215;0 Friburguense, Ari de Oliveira<br \/>\nFriburguense 1&#215;1 Tigres, Eduardo Guinle<br \/>\nBarra da Tijuca 2&#215;1 Friburguense, C. Galv\u00e3o<br \/>\nFriburguense 1&#215;0 Duque de Caxias, Eduardo Guinle<br \/>\n11\/jun &#8211; 10h &#8211; S\u00e3o Cristov\u00e3o x Friburguense, Rua Bariri<br \/>\n17\/jun &#8211; 15h &#8211; Friburguense x S\u00e3o Gon\u00e7alo, Eduardo Guinle<br \/>\n22\/jun &#8211; 15h &#8211; Gon\u00e7alense x Friburguense, Alzir\u00e3o<br \/>\n28\/jun &#8211; 15h &#8211; Artsul x Friburguense, Nivaldo Pereira<br \/>\n01\/jul &#8211; 15h &#8211; Friburguense x Serrano, Eduardo Guinle<\/p>\n<p><strong>Regulamento<\/strong><\/p>\n<p style=\"text-align: justify;\">O modelo do Carioca da S\u00e9rie B1 de 2017 vai ser semelhante ao da Primeira Divis\u00e3o, com dois turnos, semifinal e final. Os dois times que chegarem \u00e0 decis\u00e3o sobem para a elite de 2018. As Ta\u00e7a Santos Dumont e Corcovado est\u00e3o mantidas. Os campe\u00f5es e os dois melhores times na soma dos turnos se classificam para a semifinal geral, com vantagem do empate para o time de campanha superior. Os vencedores sobem para a s\u00e9rie A e disputam a decis\u00e3o.<\/p>\n","protected":false},"excerpt":{"rendered":"<p>A pouco mais de um ano no cargo de treinador profissional do Friburguense A.C, o recreiense Merica, iniciou uma das miss\u00f5es mais dif\u00edceis de sua carreira: voltar com o time de Nova Friburgo\u00a0para a elite do futebol carioca.<\/p>\n","protected":false},"author":3,"featured_media":2405,"comment_status":"open","ping_status":"open","sticky":false,"template":"","format":"standard","meta":[],"categories":[4],"tags":[],"yoast_head":"<!-- This site is optimized with the Yoast SEO plugin v15.6.2 - https:\/\/yoast.com\/wordpress\/plugins\/seo\/ -->\n<meta name=\"robots\" content=\"index, follow, max-snippet:-1, max-image-preview:large, max-video-preview:-1\" \/>\n<link rel=\"canonical\" href=\"https:\/\/www.polisrecreio.com.br\/site\/2017\/06\/10\/recreiense-merica-tenta-voltar-com-o-friburguense-para-elite-do-futebol-carioca\/\" \/>\n<meta property=\"og:locale\" content=\"pt_BR\" \/>\n<meta property=\"og:type\" content=\"article\" \/>\n<meta property=\"og:title\" content=\"Recreiense Merica tenta voltar com o Friburguense para elite do futebol carioca - P\u00f3lis Recreio\" \/>\n<meta property=\"og:description\" content=\"A pouco mais de um ano no cargo de treinador profissional do Friburguense A.C, o recreiense Merica, iniciou uma das miss\u00f5es mais dif\u00edceis de sua carreira: voltar com o time de Nova Friburgo\u00a0para a elite do futebol carioca.\" \/>\n<meta property=\"og:url\" content=\"https:\/\/www.polisrecreio.com.br\/site\/2017\/06\/10\/recreiense-merica-tenta-voltar-com-o-friburguense-para-elite-do-futebol-carioca\/\" \/>\n<meta property=\"og:site_name\" content=\"P\u00f3lis Recreio\" \/>\n<meta property=\"article:publisher\" content=\"https:\/\/www.facebook.com\/Site-P%c3%b3lis-Recreio-MG-181941708571019\/\" \/>\n<meta property=\"article:published_time\" content=\"2017-06-10T19:05:38+00:00\" \/>\n<meta property=\"article:modified_time\" content=\"2017-06-10T19:12:15+00:00\" \/>\n<meta property=\"og:image\" content=\"https:\/\/www.polisrecreio.com.br\/site\/wp-content\/uploads\/2016\/07\/13319729_526486207552798_8950612289990681017_n.jpg\" \/>\n\t<meta property=\"og:image:width\" content=\"800\" \/>\n\t<meta property=\"og:image:height\" content=\"457\" \/>\n<meta name=\"twitter:card\" content=\"summary_large_image\" \/>\n<meta name=\"twitter:creator\" content=\"@PolisRecreio\" \/>\n<meta name=\"twitter:site\" content=\"@PolisRecreio\" \/>\n<meta name=\"twitter:label1\" content=\"Est. reading time\">\n\t<meta name=\"twitter:data1\" content=\"2 minutos\">\n<script type=\"application\/ld+json\" class=\"yoast-schema-graph\">{\"@context\":\"https:\/\/schema.org\",\"@graph\":[{\"@type\":\"WebSite\",\"@id\":\"https:\/\/www.polisrecreio.com.br\/site\/#website\",\"url\":\"https:\/\/www.polisrecreio.com.br\/site\/\",\"name\":\"P\\u00f3lis Recreio\",\"description\":\"\",\"potentialAction\":[{\"@type\":\"SearchAction\",\"target\":\"https:\/\/www.polisrecreio.com.br\/site\/?s={search_term_string}\",\"query-input\":\"required name=search_term_string\"}],\"inLanguage\":\"pt-BR\"},{\"@type\":\"ImageObject\",\"@id\":\"https:\/\/www.polisrecreio.com.br\/site\/2017\/06\/10\/recreiense-merica-tenta-voltar-com-o-friburguense-para-elite-do-futebol-carioca\/#primaryimage\",\"inLanguage\":\"pt-BR\",\"url\":\"https:\/\/www.polisrecreio.com.br\/site\/wp-content\/uploads\/2016\/07\/13319729_526486207552798_8950612289990681017_n.jpg\",\"width\":800,\"height\":457,\"caption\":\"Merica, treinador do Friburguense.\"},{\"@type\":\"WebPage\",\"@id\":\"https:\/\/www.polisrecreio.com.br\/site\/2017\/06\/10\/recreiense-merica-tenta-voltar-com-o-friburguense-para-elite-do-futebol-carioca\/#webpage\",\"url\":\"https:\/\/www.polisrecreio.com.br\/site\/2017\/06\/10\/recreiense-merica-tenta-voltar-com-o-friburguense-para-elite-do-futebol-carioca\/\",\"name\":\"Recreiense Merica tenta voltar com o Friburguense para elite do futebol carioca - P\\u00f3lis Recreio\",\"isPartOf\":{\"@id\":\"https:\/\/www.polisrecreio.com.br\/site\/#website\"},\"primaryImageOfPage\":{\"@id\":\"https:\/\/www.polisrecreio.com.br\/site\/2017\/06\/10\/recreiense-merica-tenta-voltar-com-o-friburguense-para-elite-do-futebol-carioca\/#primaryimage\"},\"datePublished\":\"2017-06-10T19:05:38+00:00\",\"dateModified\":\"2017-06-10T19:12:15+00:00\",\"author\":{\"@id\":\"https:\/\/www.polisrecreio.com.br\/site\/#\/schema\/person\/3363c1c78e1e28e1329d97adb387638e\"},\"inLanguage\":\"pt-BR\",\"potentialAction\":[{\"@type\":\"ReadAction\",\"target\":[\"https:\/\/www.polisrecreio.com.br\/site\/2017\/06\/10\/recreiense-merica-tenta-voltar-com-o-friburguense-para-elite-do-futebol-carioca\/\"]}]},{\"@type\":\"Person\",\"@id\":\"https:\/\/www.polisrecreio.com.br\/site\/#\/schema\/person\/3363c1c78e1e28e1329d97adb387638e\",\"name\":\"Leonardo Ribeiro\",\"image\":{\"@type\":\"ImageObject\",\"@id\":\"https:\/\/www.polisrecreio.com.br\/site\/#personlogo\",\"inLanguage\":\"pt-BR\",\"url\":\"https:\/\/secure.gravatar.com\/avatar\/6ba92a37d621e1a83e23710251178a12?s=96&d=mm&r=g\",\"caption\":\"Leonardo Ribeiro\"},\"sameAs\":[\"http:\/\/www.polisrecreio.com.br\"]}]}<\/script>\n<!-- \/ Yoast SEO plugin. -->","_links":{"self":[{"href":"https:\/\/www.polisrecreio.com.br\/site\/wp-json\/wp\/v2\/posts\/5835"}],"collection":[{"href":"https:\/\/www.polisrecreio.com.br\/site\/wp-json\/wp\/v2\/posts"}],"about":[{"href":"https:\/\/www.polisrecreio.com.br\/site\/wp-json\/wp\/v2\/types\/post"}],"author":[{"embeddable":true,"href":"https:\/\/www.polisrecreio.com.br\/site\/wp-json\/wp\/v2\/users\/3"}],"replies":[{"embeddable":true,"href":"https:\/\/www.polisrecreio.com.br\/site\/wp-json\/wp\/v2\/comments?post=5835"}],"version-history":[{"count":5,"href":"https:\/\/www.polisrecreio.com.br\/site\/wp-json\/wp\/v2\/posts\/5835\/revisions"}],"predecessor-version":[{"id":5841,"href":"https:\/\/www.polisrecreio.com.br\/site\/wp-json\/wp\/v2\/posts\/5835\/revisions\/5841"}],"wp:featuredmedia":[{"embeddable":true,"href":"https:\/\/www.polisrecreio.com.br\/site\/wp-json\/wp\/v2\/media\/2405"}],"wp:attachment":[{"href":"https:\/\/www.polisrecreio.com.br\/site\/wp-json\/wp\/v2\/media?parent=5835"}],"wp:term":[{"taxonomy":"category","embeddable":true,"href":"https:\/\/www.polisrecreio.com.br\/site\/wp-json\/wp\/v2\/categories?post=5835"},{"taxonomy":"post_tag","embeddable":true,"href":"https:\/\/www.polisrecreio.com.br\/site\/wp-json\/wp\/v2\/tags?post=5835"}],"curies":[{"name":"wp","href":"https:\/\/api.w.org\/{rel}","templated":true}]}}