{"id":5842,"date":"2017-06-12T08:50:01","date_gmt":"2017-06-12T11:50:01","guid":{"rendered":"http:\/\/www.polisrecreio.com.br\/site\/?p=5842"},"modified":"2017-06-12T08:52:27","modified_gmt":"2017-06-12T11:52:27","slug":"arvores-de-recreio-sao-podadas-conforme-orientacoes-de-orgaos-ambientais","status":"publish","type":"post","link":"https:\/\/www.polisrecreio.com.br\/site\/2017\/06\/12\/arvores-de-recreio-sao-podadas-conforme-orientacoes-de-orgaos-ambientais\/","title":{"rendered":"\u00c1rvores de Recreio s\u00e3o podadas conforme orienta\u00e7\u00f5es de \u00f3rg\u00e3os ambientais"},"content":{"rendered":"<p style=\"text-align: justify;\">A equipe da Secretaria Municipal de Desenvolvimento Urbano iniciou a poda das \u00e1rvores da \u00e1rea urbana de Recreio. Segundo o secret\u00e1rio Juarez Ara\u00fajo, \u201cos servi\u00e7os s\u00e3o realizados conforme orienta\u00e7\u00f5es do Conselho Municipal do Meio Ambiente e da Pol\u00edcia Militar do Meio Ambiente.<\/p>\n<p style=\"text-align: justify;\"><!--more--><\/p>\n<figure id=\"attachment_5843\" aria-describedby=\"caption-attachment-5843\" style=\"width: 750px\" class=\"wp-caption aligncenter\"><a href=\"http:\/\/www.polisrecreio.com.br\/site\/wp-content\/uploads\/2017\/06\/poda2.jpg\"><img loading=\"lazy\" class=\"size-full wp-image-5843\" src=\"http:\/\/www.polisrecreio.com.br\/site\/wp-content\/uploads\/2017\/06\/poda2.jpg\" alt=\"Servi\u00e7os de poda sendo realizado em Recreio.\" width=\"750\" height=\"563\" srcset=\"https:\/\/www.polisrecreio.com.br\/site\/wp-content\/uploads\/2017\/06\/poda2.jpg 750w, https:\/\/www.polisrecreio.com.br\/site\/wp-content\/uploads\/2017\/06\/poda2-300x225.jpg 300w\" sizes=\"(max-width: 750px) 100vw, 750px\" \/><\/a><figcaption id=\"caption-attachment-5843\" class=\"wp-caption-text\">Servi\u00e7os de poda sendo realizado em Recreio.<\/figcaption><\/figure>\n<p style=\"text-align: justify;\">Os servi\u00e7os iniciaram no bairro Alto do Asilo. Esta semana a equipe j\u00e1 est\u00e1 na Rua Tenente Joaquim Pereira em dire\u00e7\u00e3o ao Centro. &#8220;A previs\u00e3o \u00e9 que esteja conclu\u00edda toda cidade antes da Exposi\u00e7\u00e3o que tem data marcada para iniciar dia 27 de julho&#8221;, disse Juarez Ara\u00fajo.<\/p>\n<p style=\"text-align: justify;\">As podas s\u00e3o permitidas no per\u00edodo de maio a setembro, de acordo com informa\u00e7\u00e3o dos \u00f3rg\u00e3os ambientais.<\/p>\n<figure id=\"attachment_5844\" aria-describedby=\"caption-attachment-5844\" style=\"width: 960px\" class=\"wp-caption aligncenter\"><a href=\"http:\/\/www.polisrecreio.com.br\/site\/wp-content\/uploads\/2017\/06\/poda1.jpg\"><img loading=\"lazy\" class=\"size-full wp-image-5844\" src=\"http:\/\/www.polisrecreio.com.br\/site\/wp-content\/uploads\/2017\/06\/poda1.jpg\" alt=\"Equipe trabalhando.\" width=\"960\" height=\"720\" srcset=\"https:\/\/www.polisrecreio.com.br\/site\/wp-content\/uploads\/2017\/06\/poda1.jpg 960w, https:\/\/www.polisrecreio.com.br\/site\/wp-content\/uploads\/2017\/06\/poda1-300x225.jpg 300w\" sizes=\"(max-width: 960px) 100vw, 960px\" \/><\/a><figcaption id=\"caption-attachment-5844\" class=\"wp-caption-text\">Equipe trabalhando.<\/figcaption><\/figure>\n","protected":false},"excerpt":{"rendered":"<p>A equipe da Secretaria Municipal de Desenvolvimento Urbano iniciou a poda das \u00e1rvores da \u00e1rea urbana de Recreio. Segundo o secret\u00e1rio Juarez Ara\u00fajo, \u201cos servi\u00e7os s\u00e3o realizados conforme orienta\u00e7\u00f5es do Conselho Municipal do Meio Ambiente e da Pol\u00edcia Militar do Meio Ambiente.<\/p>\n","protected":false},"author":3,"featured_media":5843,"comment_status":"open","ping_status":"open","sticky":false,"template":"","format":"standard","meta":[],"categories":[6],"tags":[],"yoast_head":"<!-- This site is optimized with the Yoast SEO plugin v15.6.2 - https:\/\/yoast.com\/wordpress\/plugins\/seo\/ -->\n<meta name=\"robots\" content=\"index, follow, max-snippet:-1, max-image-preview:large, max-video-preview:-1\" \/>\n<link rel=\"canonical\" href=\"https:\/\/www.polisrecreio.com.br\/site\/2017\/06\/12\/arvores-de-recreio-sao-podadas-conforme-orientacoes-de-orgaos-ambientais\/\" \/>\n<meta property=\"og:locale\" content=\"pt_BR\" \/>\n<meta property=\"og:type\" content=\"article\" \/>\n<meta property=\"og:title\" content=\"\u00c1rvores de Recreio s\u00e3o podadas conforme orienta\u00e7\u00f5es de \u00f3rg\u00e3os ambientais - P\u00f3lis Recreio\" \/>\n<meta property=\"og:description\" content=\"A equipe da Secretaria Municipal de Desenvolvimento Urbano iniciou a poda das \u00e1rvores da \u00e1rea urbana de Recreio. Segundo o secret\u00e1rio Juarez Ara\u00fajo, \u201cos servi\u00e7os s\u00e3o realizados conforme orienta\u00e7\u00f5es do Conselho Municipal do Meio Ambiente e da Pol\u00edcia Militar do Meio Ambiente.\" \/>\n<meta property=\"og:url\" content=\"https:\/\/www.polisrecreio.com.br\/site\/2017\/06\/12\/arvores-de-recreio-sao-podadas-conforme-orientacoes-de-orgaos-ambientais\/\" \/>\n<meta property=\"og:site_name\" content=\"P\u00f3lis Recreio\" \/>\n<meta property=\"article:publisher\" content=\"https:\/\/www.facebook.com\/Site-P%c3%b3lis-Recreio-MG-181941708571019\/\" \/>\n<meta property=\"article:published_time\" content=\"2017-06-12T11:50:01+00:00\" \/>\n<meta property=\"article:modified_time\" content=\"2017-06-12T11:52:27+00:00\" \/>\n<meta property=\"og:image\" content=\"https:\/\/www.polisrecreio.com.br\/site\/wp-content\/uploads\/2017\/06\/poda2.jpg\" \/>\n\t<meta property=\"og:image:width\" content=\"750\" \/>\n\t<meta property=\"og:image:height\" content=\"563\" \/>\n<meta name=\"twitter:card\" content=\"summary_large_image\" \/>\n<meta name=\"twitter:creator\" content=\"@PolisRecreio\" \/>\n<meta name=\"twitter:site\" content=\"@PolisRecreio\" \/>\n<meta name=\"twitter:label1\" content=\"Est. reading time\">\n\t<meta name=\"twitter:data1\" content=\"1 minuto\">\n<script type=\"application\/ld+json\" class=\"yoast-schema-graph\">{\"@context\":\"https:\/\/schema.org\",\"@graph\":[{\"@type\":\"WebSite\",\"@id\":\"https:\/\/www.polisrecreio.com.br\/site\/#website\",\"url\":\"https:\/\/www.polisrecreio.com.br\/site\/\",\"name\":\"P\\u00f3lis Recreio\",\"description\":\"\",\"potentialAction\":[{\"@type\":\"SearchAction\",\"target\":\"https:\/\/www.polisrecreio.com.br\/site\/?s={search_term_string}\",\"query-input\":\"required name=search_term_string\"}],\"inLanguage\":\"pt-BR\"},{\"@type\":\"ImageObject\",\"@id\":\"https:\/\/www.polisrecreio.com.br\/site\/2017\/06\/12\/arvores-de-recreio-sao-podadas-conforme-orientacoes-de-orgaos-ambientais\/#primaryimage\",\"inLanguage\":\"pt-BR\",\"url\":\"https:\/\/www.polisrecreio.com.br\/site\/wp-content\/uploads\/2017\/06\/poda2.jpg\",\"width\":750,\"height\":563,\"caption\":\"Servi\\u00e7os de poda sendo realizado em Recreio.\"},{\"@type\":\"WebPage\",\"@id\":\"https:\/\/www.polisrecreio.com.br\/site\/2017\/06\/12\/arvores-de-recreio-sao-podadas-conforme-orientacoes-de-orgaos-ambientais\/#webpage\",\"url\":\"https:\/\/www.polisrecreio.com.br\/site\/2017\/06\/12\/arvores-de-recreio-sao-podadas-conforme-orientacoes-de-orgaos-ambientais\/\",\"name\":\"\\u00c1rvores de Recreio s\\u00e3o podadas conforme orienta\\u00e7\\u00f5es de \\u00f3rg\\u00e3os ambientais - P\\u00f3lis Recreio\",\"isPartOf\":{\"@id\":\"https:\/\/www.polisrecreio.com.br\/site\/#website\"},\"primaryImageOfPage\":{\"@id\":\"https:\/\/www.polisrecreio.com.br\/site\/2017\/06\/12\/arvores-de-recreio-sao-podadas-conforme-orientacoes-de-orgaos-ambientais\/#primaryimage\"},\"datePublished\":\"2017-06-12T11:50:01+00:00\",\"dateModified\":\"2017-06-12T11:52:27+00:00\",\"author\":{\"@id\":\"https:\/\/www.polisrecreio.com.br\/site\/#\/schema\/person\/3363c1c78e1e28e1329d97adb387638e\"},\"inLanguage\":\"pt-BR\",\"potentialAction\":[{\"@type\":\"ReadAction\",\"target\":[\"https:\/\/www.polisrecreio.com.br\/site\/2017\/06\/12\/arvores-de-recreio-sao-podadas-conforme-orientacoes-de-orgaos-ambientais\/\"]}]},{\"@type\":\"Person\",\"@id\":\"https:\/\/www.polisrecreio.com.br\/site\/#\/schema\/person\/3363c1c78e1e28e1329d97adb387638e\",\"name\":\"Leonardo Ribeiro\",\"image\":{\"@type\":\"ImageObject\",\"@id\":\"https:\/\/www.polisrecreio.com.br\/site\/#personlogo\",\"inLanguage\":\"pt-BR\",\"url\":\"https:\/\/secure.gravatar.com\/avatar\/6ba92a37d621e1a83e23710251178a12?s=96&d=mm&r=g\",\"caption\":\"Leonardo Ribeiro\"},\"sameAs\":[\"http:\/\/www.polisrecreio.com.br\"]}]}<\/script>\n<!-- \/ Yoast SEO plugin. -->","_links":{"self":[{"href":"https:\/\/www.polisrecreio.com.br\/site\/wp-json\/wp\/v2\/posts\/5842"}],"collection":[{"href":"https:\/\/www.polisrecreio.com.br\/site\/wp-json\/wp\/v2\/posts"}],"about":[{"href":"https:\/\/www.polisrecreio.com.br\/site\/wp-json\/wp\/v2\/types\/post"}],"author":[{"embeddable":true,"href":"https:\/\/www.polisrecreio.com.br\/site\/wp-json\/wp\/v2\/users\/3"}],"replies":[{"embeddable":true,"href":"https:\/\/www.polisrecreio.com.br\/site\/wp-json\/wp\/v2\/comments?post=5842"}],"version-history":[{"count":3,"href":"https:\/\/www.polisrecreio.com.br\/site\/wp-json\/wp\/v2\/posts\/5842\/revisions"}],"predecessor-version":[{"id":5847,"href":"https:\/\/www.polisrecreio.com.br\/site\/wp-json\/wp\/v2\/posts\/5842\/revisions\/5847"}],"wp:featuredmedia":[{"embeddable":true,"href":"https:\/\/www.polisrecreio.com.br\/site\/wp-json\/wp\/v2\/media\/5843"}],"wp:attachment":[{"href":"https:\/\/www.polisrecreio.com.br\/site\/wp-json\/wp\/v2\/media?parent=5842"}],"wp:term":[{"taxonomy":"category","embeddable":true,"href":"https:\/\/www.polisrecreio.com.br\/site\/wp-json\/wp\/v2\/categories?post=5842"},{"taxonomy":"post_tag","embeddable":true,"href":"https:\/\/www.polisrecreio.com.br\/site\/wp-json\/wp\/v2\/tags?post=5842"}],"curies":[{"name":"wp","href":"https:\/\/api.w.org\/{rel}","templated":true}]}}