{"id":5848,"date":"2017-06-12T13:41:35","date_gmt":"2017-06-12T16:41:35","guid":{"rendered":"http:\/\/www.polisrecreio.com.br\/site\/?p=5848"},"modified":"2017-06-12T13:41:35","modified_gmt":"2017-06-12T16:41:35","slug":"comecou-o-cadastramento-escolar-2018","status":"publish","type":"post","link":"https:\/\/www.polisrecreio.com.br\/site\/2017\/06\/12\/comecou-o-cadastramento-escolar-2018\/","title":{"rendered":"Come\u00e7ou o Cadastramento Escolar 2018"},"content":{"rendered":"<p style=\"text-align: justify;\">Come\u00e7ou nesta segunda-feira (12) e vai at\u00e9 dia 23 de junho o Cadastramento Escolar 2018. Desta vez a inscri\u00e7\u00e3o ser\u00e1 realizada totalmente online, por meio do site <a href=\"http:\/\/cadastramentoescolar.educacao.mg.gov.br\/\" target=\"_blank\">http:\/\/cadastramentoescolar.educacao.mg.gov.br\/<\/a>.<\/p>\n<p style=\"text-align: justify;\"><!--more--><\/p>\n<p style=\"text-align: justify;\"><a href=\"http:\/\/www.polisrecreio.com.br\/site\/wp-content\/uploads\/2017\/06\/CBD82EA6-66DC-732E-BBBB-B0B68BC8D42D.jpg\"><img loading=\"lazy\" class=\"aligncenter size-full wp-image-5849\" src=\"http:\/\/www.polisrecreio.com.br\/site\/wp-content\/uploads\/2017\/06\/CBD82EA6-66DC-732E-BBBB-B0B68BC8D42D.jpg\" alt=\"{CBD82EA6-66DC-732E-BBBB-B0B68BC8D42D}\" width=\"960\" height=\"798\" srcset=\"https:\/\/www.polisrecreio.com.br\/site\/wp-content\/uploads\/2017\/06\/CBD82EA6-66DC-732E-BBBB-B0B68BC8D42D.jpg 960w, https:\/\/www.polisrecreio.com.br\/site\/wp-content\/uploads\/2017\/06\/CBD82EA6-66DC-732E-BBBB-B0B68BC8D42D-300x249.jpg 300w\" sizes=\"(max-width: 960px) 100vw, 960px\" \/><\/a><\/p>\n<p style=\"text-align: justify;\">O Cadastro est\u00e1 aberto a todos os candidatos que desejem ingressar no ensino fundamental da rede p\u00fablica de ensino de Minas Gerais, seja municipal ou estadual, em 2018. O cadastramento \u00e9 fundamental para o aluno garantir uma vaga em uma escola pr\u00f3xima de sua resid\u00eancia.<\/p>\n<p style=\"text-align: justify;\">Poder\u00e3o ser inscritos as crian\u00e7as que completarem seis anos at\u00e9 o dia 30 de junho de 2018, estudantes vindos de outras localidades ou transferidos de escolas particulares e candidatos ao curso de Educa\u00e7\u00e3o de Jovens e Adultos \u201cEJA\u201d. A inscri\u00e7\u00e3o deve ser realizada pelo pai, m\u00e3e ou respons\u00e1vel ou jovens maiores de 18 anos.<\/p>\n<p style=\"text-align: justify;\">Para ajudar nas inscri\u00e7\u00f5es a Secretaria Municipal de Educa\u00e7\u00e3o de Recreio disponibilizou funcion\u00e1rios para realizar o cadastramento no hor\u00e1rio de 8h \u00e0s 12h e de 13h \u00e0s 16h na sede da secretaria, na Rua Serafim D\u2019Almeida Coimbra, Centro. Maiores informa\u00e7\u00f5es pelo (32) 3444-1606.<\/p>\n","protected":false},"excerpt":{"rendered":"<p>Come\u00e7ou nesta segunda-feira (12) e vai at\u00e9 dia 23 de junho o Cadastramento Escolar 2018. Desta vez a inscri\u00e7\u00e3o ser\u00e1 realizada totalmente online, por meio do site http:\/\/cadastramentoescolar.educacao.mg.gov.br\/.<\/p>\n","protected":false},"author":3,"featured_media":5849,"comment_status":"open","ping_status":"open","sticky":false,"template":"","format":"standard","meta":[],"categories":[9],"tags":[],"yoast_head":"<!-- This site is optimized with the Yoast SEO plugin v15.6.2 - https:\/\/yoast.com\/wordpress\/plugins\/seo\/ -->\n<meta name=\"robots\" content=\"index, follow, max-snippet:-1, max-image-preview:large, max-video-preview:-1\" \/>\n<link rel=\"canonical\" href=\"https:\/\/www.polisrecreio.com.br\/site\/2017\/06\/12\/comecou-o-cadastramento-escolar-2018\/\" \/>\n<meta property=\"og:locale\" content=\"pt_BR\" \/>\n<meta property=\"og:type\" content=\"article\" \/>\n<meta property=\"og:title\" content=\"Come\u00e7ou o Cadastramento Escolar 2018 - P\u00f3lis Recreio\" \/>\n<meta property=\"og:description\" content=\"Come\u00e7ou nesta segunda-feira (12) e vai at\u00e9 dia 23 de junho o Cadastramento Escolar 2018. Desta vez a inscri\u00e7\u00e3o ser\u00e1 realizada totalmente online, por meio do site http:\/\/cadastramentoescolar.educacao.mg.gov.br\/.\" \/>\n<meta property=\"og:url\" content=\"https:\/\/www.polisrecreio.com.br\/site\/2017\/06\/12\/comecou-o-cadastramento-escolar-2018\/\" \/>\n<meta property=\"og:site_name\" content=\"P\u00f3lis Recreio\" \/>\n<meta property=\"article:publisher\" content=\"https:\/\/www.facebook.com\/Site-P%c3%b3lis-Recreio-MG-181941708571019\/\" \/>\n<meta property=\"article:published_time\" content=\"2017-06-12T16:41:35+00:00\" \/>\n<meta property=\"og:image\" content=\"https:\/\/www.polisrecreio.com.br\/site\/wp-content\/uploads\/2017\/06\/CBD82EA6-66DC-732E-BBBB-B0B68BC8D42D.jpg\" \/>\n\t<meta property=\"og:image:width\" content=\"960\" \/>\n\t<meta property=\"og:image:height\" content=\"798\" \/>\n<meta name=\"twitter:card\" content=\"summary_large_image\" \/>\n<meta name=\"twitter:creator\" content=\"@PolisRecreio\" \/>\n<meta name=\"twitter:site\" content=\"@PolisRecreio\" \/>\n<meta name=\"twitter:label1\" content=\"Est. reading time\">\n\t<meta name=\"twitter:data1\" content=\"1 minuto\">\n<script type=\"application\/ld+json\" class=\"yoast-schema-graph\">{\"@context\":\"https:\/\/schema.org\",\"@graph\":[{\"@type\":\"WebSite\",\"@id\":\"https:\/\/www.polisrecreio.com.br\/site\/#website\",\"url\":\"https:\/\/www.polisrecreio.com.br\/site\/\",\"name\":\"P\\u00f3lis Recreio\",\"description\":\"\",\"potentialAction\":[{\"@type\":\"SearchAction\",\"target\":\"https:\/\/www.polisrecreio.com.br\/site\/?s={search_term_string}\",\"query-input\":\"required name=search_term_string\"}],\"inLanguage\":\"pt-BR\"},{\"@type\":\"ImageObject\",\"@id\":\"https:\/\/www.polisrecreio.com.br\/site\/2017\/06\/12\/comecou-o-cadastramento-escolar-2018\/#primaryimage\",\"inLanguage\":\"pt-BR\",\"url\":\"https:\/\/www.polisrecreio.com.br\/site\/wp-content\/uploads\/2017\/06\/CBD82EA6-66DC-732E-BBBB-B0B68BC8D42D.jpg\",\"width\":960,\"height\":798},{\"@type\":\"WebPage\",\"@id\":\"https:\/\/www.polisrecreio.com.br\/site\/2017\/06\/12\/comecou-o-cadastramento-escolar-2018\/#webpage\",\"url\":\"https:\/\/www.polisrecreio.com.br\/site\/2017\/06\/12\/comecou-o-cadastramento-escolar-2018\/\",\"name\":\"Come\\u00e7ou o Cadastramento Escolar 2018 - P\\u00f3lis Recreio\",\"isPartOf\":{\"@id\":\"https:\/\/www.polisrecreio.com.br\/site\/#website\"},\"primaryImageOfPage\":{\"@id\":\"https:\/\/www.polisrecreio.com.br\/site\/2017\/06\/12\/comecou-o-cadastramento-escolar-2018\/#primaryimage\"},\"datePublished\":\"2017-06-12T16:41:35+00:00\",\"dateModified\":\"2017-06-12T16:41:35+00:00\",\"author\":{\"@id\":\"https:\/\/www.polisrecreio.com.br\/site\/#\/schema\/person\/3363c1c78e1e28e1329d97adb387638e\"},\"inLanguage\":\"pt-BR\",\"potentialAction\":[{\"@type\":\"ReadAction\",\"target\":[\"https:\/\/www.polisrecreio.com.br\/site\/2017\/06\/12\/comecou-o-cadastramento-escolar-2018\/\"]}]},{\"@type\":\"Person\",\"@id\":\"https:\/\/www.polisrecreio.com.br\/site\/#\/schema\/person\/3363c1c78e1e28e1329d97adb387638e\",\"name\":\"Leonardo Ribeiro\",\"image\":{\"@type\":\"ImageObject\",\"@id\":\"https:\/\/www.polisrecreio.com.br\/site\/#personlogo\",\"inLanguage\":\"pt-BR\",\"url\":\"https:\/\/secure.gravatar.com\/avatar\/6ba92a37d621e1a83e23710251178a12?s=96&d=mm&r=g\",\"caption\":\"Leonardo Ribeiro\"},\"sameAs\":[\"http:\/\/www.polisrecreio.com.br\"]}]}<\/script>\n<!-- \/ Yoast SEO plugin. -->","_links":{"self":[{"href":"https:\/\/www.polisrecreio.com.br\/site\/wp-json\/wp\/v2\/posts\/5848"}],"collection":[{"href":"https:\/\/www.polisrecreio.com.br\/site\/wp-json\/wp\/v2\/posts"}],"about":[{"href":"https:\/\/www.polisrecreio.com.br\/site\/wp-json\/wp\/v2\/types\/post"}],"author":[{"embeddable":true,"href":"https:\/\/www.polisrecreio.com.br\/site\/wp-json\/wp\/v2\/users\/3"}],"replies":[{"embeddable":true,"href":"https:\/\/www.polisrecreio.com.br\/site\/wp-json\/wp\/v2\/comments?post=5848"}],"version-history":[{"count":1,"href":"https:\/\/www.polisrecreio.com.br\/site\/wp-json\/wp\/v2\/posts\/5848\/revisions"}],"predecessor-version":[{"id":5850,"href":"https:\/\/www.polisrecreio.com.br\/site\/wp-json\/wp\/v2\/posts\/5848\/revisions\/5850"}],"wp:featuredmedia":[{"embeddable":true,"href":"https:\/\/www.polisrecreio.com.br\/site\/wp-json\/wp\/v2\/media\/5849"}],"wp:attachment":[{"href":"https:\/\/www.polisrecreio.com.br\/site\/wp-json\/wp\/v2\/media?parent=5848"}],"wp:term":[{"taxonomy":"category","embeddable":true,"href":"https:\/\/www.polisrecreio.com.br\/site\/wp-json\/wp\/v2\/categories?post=5848"},{"taxonomy":"post_tag","embeddable":true,"href":"https:\/\/www.polisrecreio.com.br\/site\/wp-json\/wp\/v2\/tags?post=5848"}],"curies":[{"name":"wp","href":"https:\/\/api.w.org\/{rel}","templated":true}]}}