{"id":5851,"date":"2017-06-12T16:39:38","date_gmt":"2017-06-12T19:39:38","guid":{"rendered":"http:\/\/www.polisrecreio.com.br\/site\/?p=5851"},"modified":"2017-06-13T08:22:43","modified_gmt":"2017-06-13T11:22:43","slug":"domingo-dia-18-tem-festa-do-produtor-rural-de-recreio-no-patio-de-exposicao","status":"publish","type":"post","link":"https:\/\/www.polisrecreio.com.br\/site\/2017\/06\/12\/domingo-dia-18-tem-festa-do-produtor-rural-de-recreio-no-patio-de-exposicao\/","title":{"rendered":"Domingo, dia 18, tem Festa do Produtor Rural de Recreio no p\u00e1tio de exposi\u00e7\u00e3o"},"content":{"rendered":"<p style=\"text-align: justify;\">No pr\u00f3ximo domingo, dia 18 de junho, acontece a Festa do Produtor Rural de Recreio com objetivo de arrecadar recursos para a organiza\u00e7\u00e3o do concurso leiteiro da 39\u00aa Exposi\u00e7\u00e3o que acontece de 27 a 30 de julho. A festividade come\u00e7a com almo\u00e7o a partir das 11h.<\/p>\n<p style=\"text-align: justify;\"><!--more--><\/p>\n<p style=\"text-align: justify;\"><a href=\"http:\/\/www.polisrecreio.com.br\/site\/wp-content\/uploads\/2017\/06\/Festa-do-Produtor-Rural.jpg\"><img loading=\"lazy\" class=\"aligncenter size-full wp-image-5852\" src=\"http:\/\/www.polisrecreio.com.br\/site\/wp-content\/uploads\/2017\/06\/Festa-do-Produtor-Rural.jpg\" alt=\"Festa do Produtor Rural\" width=\"750\" height=\"478\" srcset=\"https:\/\/www.polisrecreio.com.br\/site\/wp-content\/uploads\/2017\/06\/Festa-do-Produtor-Rural.jpg 750w, https:\/\/www.polisrecreio.com.br\/site\/wp-content\/uploads\/2017\/06\/Festa-do-Produtor-Rural-300x191.jpg 300w\" sizes=\"(max-width: 750px) 100vw, 750px\" \/><\/a><\/p>\n<p style=\"text-align: justify;\">O evento contar\u00e1 tamb\u00e9m com leil\u00e3o de prendas e de bezerros, brinquedos para garotada e m\u00fasica ao vivo com Wesley Rochi, ex-vocalista do Chapahalls. O almo\u00e7o ser\u00e1 vendido por R$ 8 (antecipado) e no domingo R$ 10.<\/p>\n<p style=\"text-align: justify;\">A organiza\u00e7\u00e3o da Festa \u00e9 do Sindicato Rural com apoio da Prefeitura Municipal e da C\u00e2mara Municipal. Toda a renda arrecadada ser\u00e1 destinada para a organiza\u00e7\u00e3o do concurso leiteiro da maior festa da cidade, a Exposi\u00e7\u00e3o 2017.<\/p>\n","protected":false},"excerpt":{"rendered":"<p>No pr\u00f3ximo domingo, dia 18 de junho, acontece a Festa do Produtor Rural de Recreio com objetivo de arrecadar recursos para a organiza\u00e7\u00e3o do concurso leiteiro da 39\u00aa Exposi\u00e7\u00e3o que acontece de 27 a 30 de julho. A festividade come\u00e7a com almo\u00e7o a partir das 11h.<\/p>\n","protected":false},"author":3,"featured_media":5852,"comment_status":"open","ping_status":"open","sticky":false,"template":"","format":"standard","meta":[],"categories":[6],"tags":[],"yoast_head":"<!-- This site is optimized with the Yoast SEO plugin v15.6.2 - https:\/\/yoast.com\/wordpress\/plugins\/seo\/ -->\n<meta name=\"robots\" content=\"index, follow, max-snippet:-1, max-image-preview:large, max-video-preview:-1\" \/>\n<link rel=\"canonical\" href=\"https:\/\/www.polisrecreio.com.br\/site\/2017\/06\/12\/domingo-dia-18-tem-festa-do-produtor-rural-de-recreio-no-patio-de-exposicao\/\" \/>\n<meta property=\"og:locale\" content=\"pt_BR\" \/>\n<meta property=\"og:type\" content=\"article\" \/>\n<meta property=\"og:title\" content=\"Domingo, dia 18, tem Festa do Produtor Rural de Recreio no p\u00e1tio de exposi\u00e7\u00e3o - P\u00f3lis Recreio\" \/>\n<meta property=\"og:description\" content=\"No pr\u00f3ximo domingo, dia 18 de junho, acontece a Festa do Produtor Rural de Recreio com objetivo de arrecadar recursos para a organiza\u00e7\u00e3o do concurso leiteiro da 39\u00aa Exposi\u00e7\u00e3o que acontece de 27 a 30 de julho. A festividade come\u00e7a com almo\u00e7o a partir das 11h.\" \/>\n<meta property=\"og:url\" content=\"https:\/\/www.polisrecreio.com.br\/site\/2017\/06\/12\/domingo-dia-18-tem-festa-do-produtor-rural-de-recreio-no-patio-de-exposicao\/\" \/>\n<meta property=\"og:site_name\" content=\"P\u00f3lis Recreio\" \/>\n<meta property=\"article:publisher\" content=\"https:\/\/www.facebook.com\/Site-P%c3%b3lis-Recreio-MG-181941708571019\/\" \/>\n<meta property=\"article:published_time\" content=\"2017-06-12T19:39:38+00:00\" \/>\n<meta property=\"article:modified_time\" content=\"2017-06-13T11:22:43+00:00\" \/>\n<meta property=\"og:image\" content=\"https:\/\/www.polisrecreio.com.br\/site\/wp-content\/uploads\/2017\/06\/Festa-do-Produtor-Rural.jpg\" \/>\n\t<meta property=\"og:image:width\" content=\"750\" \/>\n\t<meta property=\"og:image:height\" content=\"478\" \/>\n<meta name=\"twitter:card\" content=\"summary_large_image\" \/>\n<meta name=\"twitter:creator\" content=\"@PolisRecreio\" \/>\n<meta name=\"twitter:site\" content=\"@PolisRecreio\" \/>\n<meta name=\"twitter:label1\" content=\"Est. reading time\">\n\t<meta name=\"twitter:data1\" content=\"1 minuto\">\n<script type=\"application\/ld+json\" class=\"yoast-schema-graph\">{\"@context\":\"https:\/\/schema.org\",\"@graph\":[{\"@type\":\"WebSite\",\"@id\":\"https:\/\/www.polisrecreio.com.br\/site\/#website\",\"url\":\"https:\/\/www.polisrecreio.com.br\/site\/\",\"name\":\"P\\u00f3lis Recreio\",\"description\":\"\",\"potentialAction\":[{\"@type\":\"SearchAction\",\"target\":\"https:\/\/www.polisrecreio.com.br\/site\/?s={search_term_string}\",\"query-input\":\"required name=search_term_string\"}],\"inLanguage\":\"pt-BR\"},{\"@type\":\"ImageObject\",\"@id\":\"https:\/\/www.polisrecreio.com.br\/site\/2017\/06\/12\/domingo-dia-18-tem-festa-do-produtor-rural-de-recreio-no-patio-de-exposicao\/#primaryimage\",\"inLanguage\":\"pt-BR\",\"url\":\"https:\/\/www.polisrecreio.com.br\/site\/wp-content\/uploads\/2017\/06\/Festa-do-Produtor-Rural.jpg\",\"width\":750,\"height\":478},{\"@type\":\"WebPage\",\"@id\":\"https:\/\/www.polisrecreio.com.br\/site\/2017\/06\/12\/domingo-dia-18-tem-festa-do-produtor-rural-de-recreio-no-patio-de-exposicao\/#webpage\",\"url\":\"https:\/\/www.polisrecreio.com.br\/site\/2017\/06\/12\/domingo-dia-18-tem-festa-do-produtor-rural-de-recreio-no-patio-de-exposicao\/\",\"name\":\"Domingo, dia 18, tem Festa do Produtor Rural de Recreio no p\\u00e1tio de exposi\\u00e7\\u00e3o - P\\u00f3lis Recreio\",\"isPartOf\":{\"@id\":\"https:\/\/www.polisrecreio.com.br\/site\/#website\"},\"primaryImageOfPage\":{\"@id\":\"https:\/\/www.polisrecreio.com.br\/site\/2017\/06\/12\/domingo-dia-18-tem-festa-do-produtor-rural-de-recreio-no-patio-de-exposicao\/#primaryimage\"},\"datePublished\":\"2017-06-12T19:39:38+00:00\",\"dateModified\":\"2017-06-13T11:22:43+00:00\",\"author\":{\"@id\":\"https:\/\/www.polisrecreio.com.br\/site\/#\/schema\/person\/3363c1c78e1e28e1329d97adb387638e\"},\"inLanguage\":\"pt-BR\",\"potentialAction\":[{\"@type\":\"ReadAction\",\"target\":[\"https:\/\/www.polisrecreio.com.br\/site\/2017\/06\/12\/domingo-dia-18-tem-festa-do-produtor-rural-de-recreio-no-patio-de-exposicao\/\"]}]},{\"@type\":\"Person\",\"@id\":\"https:\/\/www.polisrecreio.com.br\/site\/#\/schema\/person\/3363c1c78e1e28e1329d97adb387638e\",\"name\":\"Leonardo Ribeiro\",\"image\":{\"@type\":\"ImageObject\",\"@id\":\"https:\/\/www.polisrecreio.com.br\/site\/#personlogo\",\"inLanguage\":\"pt-BR\",\"url\":\"https:\/\/secure.gravatar.com\/avatar\/6ba92a37d621e1a83e23710251178a12?s=96&d=mm&r=g\",\"caption\":\"Leonardo Ribeiro\"},\"sameAs\":[\"http:\/\/www.polisrecreio.com.br\"]}]}<\/script>\n<!-- \/ Yoast SEO plugin. -->","_links":{"self":[{"href":"https:\/\/www.polisrecreio.com.br\/site\/wp-json\/wp\/v2\/posts\/5851"}],"collection":[{"href":"https:\/\/www.polisrecreio.com.br\/site\/wp-json\/wp\/v2\/posts"}],"about":[{"href":"https:\/\/www.polisrecreio.com.br\/site\/wp-json\/wp\/v2\/types\/post"}],"author":[{"embeddable":true,"href":"https:\/\/www.polisrecreio.com.br\/site\/wp-json\/wp\/v2\/users\/3"}],"replies":[{"embeddable":true,"href":"https:\/\/www.polisrecreio.com.br\/site\/wp-json\/wp\/v2\/comments?post=5851"}],"version-history":[{"count":4,"href":"https:\/\/www.polisrecreio.com.br\/site\/wp-json\/wp\/v2\/posts\/5851\/revisions"}],"predecessor-version":[{"id":5857,"href":"https:\/\/www.polisrecreio.com.br\/site\/wp-json\/wp\/v2\/posts\/5851\/revisions\/5857"}],"wp:featuredmedia":[{"embeddable":true,"href":"https:\/\/www.polisrecreio.com.br\/site\/wp-json\/wp\/v2\/media\/5852"}],"wp:attachment":[{"href":"https:\/\/www.polisrecreio.com.br\/site\/wp-json\/wp\/v2\/media?parent=5851"}],"wp:term":[{"taxonomy":"category","embeddable":true,"href":"https:\/\/www.polisrecreio.com.br\/site\/wp-json\/wp\/v2\/categories?post=5851"},{"taxonomy":"post_tag","embeddable":true,"href":"https:\/\/www.polisrecreio.com.br\/site\/wp-json\/wp\/v2\/tags?post=5851"}],"curies":[{"name":"wp","href":"https:\/\/api.w.org\/{rel}","templated":true}]}}