{"id":5858,"date":"2017-06-13T08:30:49","date_gmt":"2017-06-13T11:30:49","guid":{"rendered":"http:\/\/www.polisrecreio.com.br\/site\/?p=5858"},"modified":"2017-06-13T08:36:04","modified_gmt":"2017-06-13T11:36:04","slug":"presidente-da-camara-propoe-reducao-dos-valores-das-diarias-dos-vereadores-e-todos-aprovam","status":"publish","type":"post","link":"https:\/\/www.polisrecreio.com.br\/site\/2017\/06\/13\/presidente-da-camara-propoe-reducao-dos-valores-das-diarias-dos-vereadores-e-todos-aprovam\/","title":{"rendered":"Presidente da C\u00e2mara prop\u00f5e redu\u00e7\u00e3o dos valores das di\u00e1rias dos vereadores e todos aprovam"},"content":{"rendered":"<p style=\"text-align: justify;\">Em sess\u00e3o ordin\u00e1ria do legislativo municipal na noite da \u00faltima segunda-feira (12) o presidente da C\u00e2mara, Paulinho Pintor, prop\u00f4s a redu\u00e7\u00e3o de 20% dos valores das di\u00e1rias de viagem dos vereadores. A proposta foi aprovada por unanimidade.<\/p>\n<p style=\"text-align: justify;\"><!--more--><\/p>\n<figure id=\"attachment_5859\" aria-describedby=\"caption-attachment-5859\" style=\"width: 750px\" class=\"wp-caption aligncenter\"><a href=\"http:\/\/www.polisrecreio.com.br\/site\/wp-content\/uploads\/2017\/06\/13.jpg\"><img loading=\"lazy\" class=\"size-full wp-image-5859\" src=\"http:\/\/www.polisrecreio.com.br\/site\/wp-content\/uploads\/2017\/06\/13.jpg\" alt=\"Paulinho Pintor, presidente da C\u00e2mara de Recreio.\" width=\"750\" height=\"563\" srcset=\"https:\/\/www.polisrecreio.com.br\/site\/wp-content\/uploads\/2017\/06\/13.jpg 750w, https:\/\/www.polisrecreio.com.br\/site\/wp-content\/uploads\/2017\/06\/13-300x225.jpg 300w\" sizes=\"(max-width: 750px) 100vw, 750px\" \/><\/a><figcaption id=\"caption-attachment-5859\" class=\"wp-caption-text\">Paulinho Pintor, presidente da C\u00e2mara de Recreio.<\/figcaption><\/figure>\n<p style=\"text-align: justify;\">O projeto de resolu\u00e7\u00e3o n\u00ba 02\/2017 foi assinado pela mesa diretora composta pelo presidente Paulinho Pintor, a vice-presidente Leninha e o secret\u00e1rio Jovane. Todos os vereadores foram de acordo e parabenizaram a atitude.<\/p>\n<p style=\"text-align: justify;\">Aprovada, a proposta agora segue para promulga\u00e7\u00e3o e entra em vigor na data de sua publica\u00e7\u00e3o.<\/p>\n<figure id=\"attachment_5860\" aria-describedby=\"caption-attachment-5860\" style=\"width: 750px\" class=\"wp-caption aligncenter\"><a href=\"http:\/\/www.polisrecreio.com.br\/site\/wp-content\/uploads\/2017\/06\/32.jpg\"><img loading=\"lazy\" class=\"size-full wp-image-5860\" src=\"http:\/\/www.polisrecreio.com.br\/site\/wp-content\/uploads\/2017\/06\/32.jpg\" alt=\"Mesa diretora que assinou a proposta da redu\u00e7\u00e3o.\" width=\"750\" height=\"563\" srcset=\"https:\/\/www.polisrecreio.com.br\/site\/wp-content\/uploads\/2017\/06\/32.jpg 750w, https:\/\/www.polisrecreio.com.br\/site\/wp-content\/uploads\/2017\/06\/32-300x225.jpg 300w\" sizes=\"(max-width: 750px) 100vw, 750px\" \/><\/a><figcaption id=\"caption-attachment-5860\" class=\"wp-caption-text\">Mesa diretora que assinou a proposta da redu\u00e7\u00e3o.<\/figcaption><\/figure>\n<p><strong>Projetos do executivo ficaram para pr\u00f3xima reuni\u00e3o<\/strong><\/p>\n<p style=\"text-align: justify;\">Dois projetos de lei de autoria do executivo municipal para parcelamento de d\u00e9bitos com o INSS foram apresentados. Por\u00e9m, devido \u00e0 falta de informa\u00e7\u00f5es sobre o valor global da d\u00edvida no corpo do projeto os parlamentares entraram em acordo para vot\u00e1-los na pr\u00f3xima segunda-feira (19).<\/p>\n<p><strong>Funcion\u00e1rios p\u00fablicos participaram da sess\u00e3o<\/strong><\/p>\n<p style=\"text-align: justify;\">A sess\u00e3o contou com algumas participa\u00e7\u00f5es de funcion\u00e1rios p\u00fablicos municipais das classes que ainda n\u00e3o foram beneficiadas com o reajuste dos sal\u00e1rios em 3,5%. Eles reivindicaram uma posi\u00e7\u00e3o do executivo municipal e segundo o presidente da C\u00e2mara, Paulinho Pintor, o prefeito Z\u00e9 Maria Barros comprometeu-se a resolver o mais breve o poss\u00edvel esse impasse. No plen\u00e1rio o vereador Beto disse que est\u00e1 encaminhando um of\u00edcio ao gestor municipal no qual solicita uma posi\u00e7\u00e3o oficial sobre o caso.<\/p>\n<p style=\"text-align: justify;\">Houve discuss\u00f5es tamb\u00e9m sobre pagamentos e n\u00e3o pagamentos de insalubridade, a respeito do PMAQ e outros assuntos que envolvem a situa\u00e7\u00e3o do funcionalismo. Em todos os casos os vereadores mostraram-se dispostos a ajudar no que for necess\u00e1rio.<\/p>\n<p style=\"text-align: justify;\">O prefeito Z\u00e9 Maria Barros informou que no caso da insalubridade uma empresa est\u00e1 sendo contratada para analisar a situa\u00e7\u00e3o de todos os casos e desenvolver uma pesquisa do grau de cada um, \u201ctodos os direitos ser\u00e3o respeitados\u201d, disse. Sobre o PMAQ o executivo fez quest\u00e3o de frisar que a apresenta\u00e7\u00e3o deste projeto com as devidas adequa\u00e7\u00f5es \u00e9 de compet\u00eancia do prefeito.<\/p>\n<figure id=\"attachment_5861\" aria-describedby=\"caption-attachment-5861\" style=\"width: 750px\" class=\"wp-caption aligncenter\"><a href=\"http:\/\/www.polisrecreio.com.br\/site\/wp-content\/uploads\/2017\/06\/23.jpg\"><img loading=\"lazy\" class=\"size-full wp-image-5861\" src=\"http:\/\/www.polisrecreio.com.br\/site\/wp-content\/uploads\/2017\/06\/23.jpg\" alt=\"Sess\u00e3o da C\u00e2mara Municipal.\" width=\"750\" height=\"563\" srcset=\"https:\/\/www.polisrecreio.com.br\/site\/wp-content\/uploads\/2017\/06\/23.jpg 750w, https:\/\/www.polisrecreio.com.br\/site\/wp-content\/uploads\/2017\/06\/23-300x225.jpg 300w\" sizes=\"(max-width: 750px) 100vw, 750px\" \/><\/a><figcaption id=\"caption-attachment-5861\" class=\"wp-caption-text\">Sess\u00e3o da C\u00e2mara Municipal.<\/figcaption><\/figure>\n","protected":false},"excerpt":{"rendered":"<p>Em sess\u00e3o ordin\u00e1ria do legislativo municipal na noite da \u00faltima segunda-feira (12) o presidente da C\u00e2mara, Paulinho Pintor, prop\u00f4s a redu\u00e7\u00e3o de 20% dos valores das di\u00e1rias de viagem dos vereadores. A proposta foi aprovada por unanimidade.<\/p>\n","protected":false},"author":3,"featured_media":5859,"comment_status":"open","ping_status":"open","sticky":false,"template":"","format":"standard","meta":[],"categories":[6],"tags":[],"yoast_head":"<!-- This site is optimized with the Yoast SEO plugin v15.6.2 - https:\/\/yoast.com\/wordpress\/plugins\/seo\/ -->\n<meta name=\"robots\" content=\"index, follow, max-snippet:-1, max-image-preview:large, max-video-preview:-1\" \/>\n<link rel=\"canonical\" href=\"https:\/\/www.polisrecreio.com.br\/site\/2017\/06\/13\/presidente-da-camara-propoe-reducao-dos-valores-das-diarias-dos-vereadores-e-todos-aprovam\/\" \/>\n<meta property=\"og:locale\" content=\"pt_BR\" \/>\n<meta property=\"og:type\" content=\"article\" \/>\n<meta property=\"og:title\" content=\"Presidente da C\u00e2mara prop\u00f5e redu\u00e7\u00e3o dos valores das di\u00e1rias dos vereadores e todos aprovam - P\u00f3lis Recreio\" \/>\n<meta property=\"og:description\" content=\"Em sess\u00e3o ordin\u00e1ria do legislativo municipal na noite da \u00faltima segunda-feira (12) o presidente da C\u00e2mara, Paulinho Pintor, prop\u00f4s a redu\u00e7\u00e3o de 20% dos valores das di\u00e1rias de viagem dos vereadores. A proposta foi aprovada por unanimidade.\" \/>\n<meta property=\"og:url\" content=\"https:\/\/www.polisrecreio.com.br\/site\/2017\/06\/13\/presidente-da-camara-propoe-reducao-dos-valores-das-diarias-dos-vereadores-e-todos-aprovam\/\" \/>\n<meta property=\"og:site_name\" content=\"P\u00f3lis Recreio\" \/>\n<meta property=\"article:publisher\" content=\"https:\/\/www.facebook.com\/Site-P%c3%b3lis-Recreio-MG-181941708571019\/\" \/>\n<meta property=\"article:published_time\" content=\"2017-06-13T11:30:49+00:00\" \/>\n<meta property=\"article:modified_time\" content=\"2017-06-13T11:36:04+00:00\" \/>\n<meta property=\"og:image\" content=\"https:\/\/www.polisrecreio.com.br\/site\/wp-content\/uploads\/2017\/06\/13.jpg\" \/>\n\t<meta property=\"og:image:width\" content=\"750\" \/>\n\t<meta property=\"og:image:height\" content=\"563\" \/>\n<meta name=\"twitter:card\" content=\"summary_large_image\" \/>\n<meta name=\"twitter:creator\" content=\"@PolisRecreio\" \/>\n<meta name=\"twitter:site\" content=\"@PolisRecreio\" \/>\n<meta name=\"twitter:label1\" content=\"Est. reading time\">\n\t<meta name=\"twitter:data1\" content=\"2 minutos\">\n<script type=\"application\/ld+json\" class=\"yoast-schema-graph\">{\"@context\":\"https:\/\/schema.org\",\"@graph\":[{\"@type\":\"WebSite\",\"@id\":\"https:\/\/www.polisrecreio.com.br\/site\/#website\",\"url\":\"https:\/\/www.polisrecreio.com.br\/site\/\",\"name\":\"P\\u00f3lis Recreio\",\"description\":\"\",\"potentialAction\":[{\"@type\":\"SearchAction\",\"target\":\"https:\/\/www.polisrecreio.com.br\/site\/?s={search_term_string}\",\"query-input\":\"required name=search_term_string\"}],\"inLanguage\":\"pt-BR\"},{\"@type\":\"ImageObject\",\"@id\":\"https:\/\/www.polisrecreio.com.br\/site\/2017\/06\/13\/presidente-da-camara-propoe-reducao-dos-valores-das-diarias-dos-vereadores-e-todos-aprovam\/#primaryimage\",\"inLanguage\":\"pt-BR\",\"url\":\"https:\/\/www.polisrecreio.com.br\/site\/wp-content\/uploads\/2017\/06\/13.jpg\",\"width\":750,\"height\":563,\"caption\":\"Paulinho Pintor, presidente da C\\u00e2mara de Recreio.\"},{\"@type\":\"WebPage\",\"@id\":\"https:\/\/www.polisrecreio.com.br\/site\/2017\/06\/13\/presidente-da-camara-propoe-reducao-dos-valores-das-diarias-dos-vereadores-e-todos-aprovam\/#webpage\",\"url\":\"https:\/\/www.polisrecreio.com.br\/site\/2017\/06\/13\/presidente-da-camara-propoe-reducao-dos-valores-das-diarias-dos-vereadores-e-todos-aprovam\/\",\"name\":\"Presidente da C\\u00e2mara prop\\u00f5e redu\\u00e7\\u00e3o dos valores das di\\u00e1rias dos vereadores e todos aprovam - P\\u00f3lis Recreio\",\"isPartOf\":{\"@id\":\"https:\/\/www.polisrecreio.com.br\/site\/#website\"},\"primaryImageOfPage\":{\"@id\":\"https:\/\/www.polisrecreio.com.br\/site\/2017\/06\/13\/presidente-da-camara-propoe-reducao-dos-valores-das-diarias-dos-vereadores-e-todos-aprovam\/#primaryimage\"},\"datePublished\":\"2017-06-13T11:30:49+00:00\",\"dateModified\":\"2017-06-13T11:36:04+00:00\",\"author\":{\"@id\":\"https:\/\/www.polisrecreio.com.br\/site\/#\/schema\/person\/3363c1c78e1e28e1329d97adb387638e\"},\"inLanguage\":\"pt-BR\",\"potentialAction\":[{\"@type\":\"ReadAction\",\"target\":[\"https:\/\/www.polisrecreio.com.br\/site\/2017\/06\/13\/presidente-da-camara-propoe-reducao-dos-valores-das-diarias-dos-vereadores-e-todos-aprovam\/\"]}]},{\"@type\":\"Person\",\"@id\":\"https:\/\/www.polisrecreio.com.br\/site\/#\/schema\/person\/3363c1c78e1e28e1329d97adb387638e\",\"name\":\"Leonardo Ribeiro\",\"image\":{\"@type\":\"ImageObject\",\"@id\":\"https:\/\/www.polisrecreio.com.br\/site\/#personlogo\",\"inLanguage\":\"pt-BR\",\"url\":\"https:\/\/secure.gravatar.com\/avatar\/6ba92a37d621e1a83e23710251178a12?s=96&d=mm&r=g\",\"caption\":\"Leonardo Ribeiro\"},\"sameAs\":[\"http:\/\/www.polisrecreio.com.br\"]}]}<\/script>\n<!-- \/ Yoast SEO plugin. -->","_links":{"self":[{"href":"https:\/\/www.polisrecreio.com.br\/site\/wp-json\/wp\/v2\/posts\/5858"}],"collection":[{"href":"https:\/\/www.polisrecreio.com.br\/site\/wp-json\/wp\/v2\/posts"}],"about":[{"href":"https:\/\/www.polisrecreio.com.br\/site\/wp-json\/wp\/v2\/types\/post"}],"author":[{"embeddable":true,"href":"https:\/\/www.polisrecreio.com.br\/site\/wp-json\/wp\/v2\/users\/3"}],"replies":[{"embeddable":true,"href":"https:\/\/www.polisrecreio.com.br\/site\/wp-json\/wp\/v2\/comments?post=5858"}],"version-history":[{"count":4,"href":"https:\/\/www.polisrecreio.com.br\/site\/wp-json\/wp\/v2\/posts\/5858\/revisions"}],"predecessor-version":[{"id":5865,"href":"https:\/\/www.polisrecreio.com.br\/site\/wp-json\/wp\/v2\/posts\/5858\/revisions\/5865"}],"wp:featuredmedia":[{"embeddable":true,"href":"https:\/\/www.polisrecreio.com.br\/site\/wp-json\/wp\/v2\/media\/5859"}],"wp:attachment":[{"href":"https:\/\/www.polisrecreio.com.br\/site\/wp-json\/wp\/v2\/media?parent=5858"}],"wp:term":[{"taxonomy":"category","embeddable":true,"href":"https:\/\/www.polisrecreio.com.br\/site\/wp-json\/wp\/v2\/categories?post=5858"},{"taxonomy":"post_tag","embeddable":true,"href":"https:\/\/www.polisrecreio.com.br\/site\/wp-json\/wp\/v2\/tags?post=5858"}],"curies":[{"name":"wp","href":"https:\/\/api.w.org\/{rel}","templated":true}]}}