{"id":5867,"date":"2017-06-13T16:23:16","date_gmt":"2017-06-13T19:23:16","guid":{"rendered":"http:\/\/www.polisrecreio.com.br\/site\/?p=5867"},"modified":"2017-06-13T16:33:52","modified_gmt":"2017-06-13T19:33:52","slug":"aneel-autoriza-reajuste-na-tarifa-de-energia-eletrica-da-energisa","status":"publish","type":"post","link":"https:\/\/www.polisrecreio.com.br\/site\/2017\/06\/13\/aneel-autoriza-reajuste-na-tarifa-de-energia-eletrica-da-energisa\/","title":{"rendered":"Aneel autoriza reajuste na tarifa de energia el\u00e9trica da Energisa"},"content":{"rendered":"<p style=\"text-align: justify;\">A Ag\u00eancia Nacional de Energia El\u00e9trica &#8220;Aneel&#8221; aprovou nesta ter\u00e7a-feira (13) o reajuste na tarifa de energia el\u00e9trica da Energisa Minas Gerais, concession\u00e1ria de v\u00e1rias cidades da regi\u00e3o, incluindo, Recreio. O \u00edndice percentual a ser aplicado para as resid\u00eancias \u00e9 de 1,46%, menor do que os \u00edndices que medem a infla\u00e7\u00e3o no mesmo per\u00edodo, e nas grandes ind\u00fastrias houve uma redu\u00e7\u00e3o de 1,80%, informa a pr\u00f3pria Energisa Minas Gerais. O novo pre\u00e7o da energia come\u00e7a a valer no dia 22 de junho pr\u00f3ximo.<\/p>\n<p style=\"text-align: justify;\"><!--more--><\/p>\n<figure id=\"attachment_5869\" aria-describedby=\"caption-attachment-5869\" style=\"width: 933px\" class=\"wp-caption aligncenter\"><a href=\"http:\/\/www.polisrecreio.com.br\/site\/wp-content\/uploads\/2017\/06\/leitura.jpg\"><img loading=\"lazy\" class=\"size-full wp-image-5869\" src=\"http:\/\/www.polisrecreio.com.br\/site\/wp-content\/uploads\/2017\/06\/leitura.jpg\" alt=\"Imagem ilustrativa.\" width=\"933\" height=\"689\" srcset=\"https:\/\/www.polisrecreio.com.br\/site\/wp-content\/uploads\/2017\/06\/leitura.jpg 933w, https:\/\/www.polisrecreio.com.br\/site\/wp-content\/uploads\/2017\/06\/leitura-300x222.jpg 300w\" sizes=\"(max-width: 933px) 100vw, 933px\" \/><\/a><figcaption id=\"caption-attachment-5869\" class=\"wp-caption-text\">Imagem ilustrativa.<\/figcaption><\/figure>\n<p style=\"text-align: justify;\">De acordo com aquela empresa o reajuste de tarifa \u00e9 um processo regulado pela Aneel, previsto no contrato de concess\u00e3o da Energisa. Estes contratos apresentam regras bem definidas a respeito das contas de luz, bem como a metodologia de c\u00e1lculo dos reajustes. Pela norma, o valor da tarifa poder\u00e1 ser reajustado anualmente (o chamado Reajuste Tarif\u00e1rio Anual) e, a cada cinco anos, revisada no processo de Revis\u00e3o Tarif\u00e1ria Peri\u00f3dica.<\/p>\n<p><strong>Composi\u00e7\u00e3o da tarifa de energia<\/strong><\/p>\n<p style=\"text-align: justify;\"><a href=\"http:\/\/www.polisrecreio.com.br\/site\/wp-content\/uploads\/2017\/06\/20170613110411_37.png\"><img loading=\"lazy\" class=\"alignleft size-medium wp-image-5870\" src=\"http:\/\/www.polisrecreio.com.br\/site\/wp-content\/uploads\/2017\/06\/20170613110411_37-300x262.png\" alt=\"20170613110411_37\" width=\"300\" height=\"262\" srcset=\"https:\/\/www.polisrecreio.com.br\/site\/wp-content\/uploads\/2017\/06\/20170613110411_37-300x262.png 300w, https:\/\/www.polisrecreio.com.br\/site\/wp-content\/uploads\/2017\/06\/20170613110411_37.png 382w\" sizes=\"(max-width: 300px) 100vw, 300px\" \/><\/a>A tarifa de energia el\u00e9trica \u00e9 composta por custos da distribui\u00e7\u00e3o, que formam a &#8220;Parcela B&#8221; da tarifa, e os custos de transmiss\u00e3o e gera\u00e7\u00e3o de energia, al\u00e9m de encargos e impostos, chamados de &#8220;Parcela A&#8221;. O pre\u00e7o final da tarifa \u00e9 dividido, portanto, em duas parcelas:<\/p>\n<p style=\"text-align: justify;\"><strong>*Parcela A<\/strong>\u00a0\u2013 trata-se de custos cujos montantes e pre\u00e7os escapam \u00e0 vontade ou gest\u00e3o da distribuidora, que atua apenas como arrecadadora e repassadora;<\/p>\n<p style=\"text-align: justify;\"><strong>*Parcela B\u00a0<\/strong>\u2013 custos diretamente gerenci\u00e1veis, administrados pela pr\u00f3pria distribuidora, como opera\u00e7\u00e3o e manuten\u00e7\u00e3o e remunera\u00e7\u00e3o dos investimentos.<\/p>\n<p style=\"text-align: justify;\">Veja na conta de luz abaixo a composi\u00e7\u00e3o da tarifa e a distribui\u00e7\u00e3o de valores entre parcelas A e B:<\/p>\n<p style=\"text-align: justify;\"><strong>Encargos e impostos na tarifa<\/strong><\/p>\n<p style=\"text-align: justify;\">A ilustra\u00e7\u00e3o abaixo mostra a divis\u00e3o da fatura de energia el\u00e9trica em cada um dos itens que comp\u00f5em a cadeia do setor el\u00e9trico brasileiro, considerando a receita da concession\u00e1ria acrescida dos impostos e tributos (ICMS, PIS\/COFINS). A tarifa final do consumidor da Energisa Minas Gerais cont\u00e9m 41,02% de encargos e impostos.<\/p>\n<p style=\"text-align: justify;\">A parte que cabe \u00e0 distribuidora de energia representa apenas 24,11% da composi\u00e7\u00e3o da tarifa. \u00c9 por meio dessa parcela que a Energisa Minas Gerais distribui energia a todos os clientes, paga funcion\u00e1rios, fornecedores e prestadores de servi\u00e7o, mant\u00e9m e amplia a rede e os sistemas el\u00e9tricos, al\u00e9m de investir na moderniza\u00e7\u00e3o e melhoria crescente da qualidade dos servi\u00e7os prestados.<\/p>\n<p style=\"text-align: justify;\"><a href=\"http:\/\/www.polisrecreio.com.br\/site\/wp-content\/uploads\/2017\/06\/20170613110528_175.png\"><img loading=\"lazy\" class=\"aligncenter size-full wp-image-5868\" src=\"http:\/\/www.polisrecreio.com.br\/site\/wp-content\/uploads\/2017\/06\/20170613110528_175.png\" alt=\"20170613110528_175\" width=\"488\" height=\"304\" srcset=\"https:\/\/www.polisrecreio.com.br\/site\/wp-content\/uploads\/2017\/06\/20170613110528_175.png 488w, https:\/\/www.polisrecreio.com.br\/site\/wp-content\/uploads\/2017\/06\/20170613110528_175-300x187.png 300w\" sizes=\"(max-width: 488px) 100vw, 488px\" \/><\/a><\/p>\n<p style=\"text-align: justify;\"><em>Com informa\u00e7\u00f5es: Comunica\u00e7\u00e3o da Energisa e Site Marcelo Lopes.<\/em><\/p>\n","protected":false},"excerpt":{"rendered":"<p>A Ag\u00eancia Nacional de Energia El\u00e9trica &#8220;Aneel&#8221; aprovou nesta ter\u00e7a-feira (13) o reajuste na tarifa de energia el\u00e9trica da Energisa Minas Gerais, concession\u00e1ria de v\u00e1rias cidades da regi\u00e3o, incluindo, Recreio. O \u00edndice percentual a ser aplicado para as resid\u00eancias \u00e9 de 1,46%, menor do que os \u00edndices que medem a infla\u00e7\u00e3o no mesmo per\u00edodo, e [&hellip;]<\/p>\n","protected":false},"author":3,"featured_media":5869,"comment_status":"open","ping_status":"open","sticky":false,"template":"","format":"standard","meta":[],"categories":[5],"tags":[],"yoast_head":"<!-- This site is optimized with the Yoast SEO plugin v15.6.2 - https:\/\/yoast.com\/wordpress\/plugins\/seo\/ -->\n<meta name=\"robots\" content=\"index, follow, max-snippet:-1, max-image-preview:large, max-video-preview:-1\" \/>\n<link rel=\"canonical\" href=\"https:\/\/www.polisrecreio.com.br\/site\/2017\/06\/13\/aneel-autoriza-reajuste-na-tarifa-de-energia-eletrica-da-energisa\/\" \/>\n<meta property=\"og:locale\" content=\"pt_BR\" \/>\n<meta property=\"og:type\" content=\"article\" \/>\n<meta property=\"og:title\" content=\"Aneel autoriza reajuste na tarifa de energia el\u00e9trica da Energisa - P\u00f3lis Recreio\" \/>\n<meta property=\"og:description\" content=\"A Ag\u00eancia Nacional de Energia El\u00e9trica &#8220;Aneel&#8221; aprovou nesta ter\u00e7a-feira (13) o reajuste na tarifa de energia el\u00e9trica da Energisa Minas Gerais, concession\u00e1ria de v\u00e1rias cidades da regi\u00e3o, incluindo, Recreio. O \u00edndice percentual a ser aplicado para as resid\u00eancias \u00e9 de 1,46%, menor do que os \u00edndices que medem a infla\u00e7\u00e3o no mesmo per\u00edodo, e [&hellip;]\" \/>\n<meta property=\"og:url\" content=\"https:\/\/www.polisrecreio.com.br\/site\/2017\/06\/13\/aneel-autoriza-reajuste-na-tarifa-de-energia-eletrica-da-energisa\/\" \/>\n<meta property=\"og:site_name\" content=\"P\u00f3lis Recreio\" \/>\n<meta property=\"article:publisher\" content=\"https:\/\/www.facebook.com\/Site-P%c3%b3lis-Recreio-MG-181941708571019\/\" \/>\n<meta property=\"article:published_time\" content=\"2017-06-13T19:23:16+00:00\" \/>\n<meta property=\"article:modified_time\" content=\"2017-06-13T19:33:52+00:00\" \/>\n<meta property=\"og:image\" content=\"https:\/\/www.polisrecreio.com.br\/site\/wp-content\/uploads\/2017\/06\/leitura.jpg\" \/>\n\t<meta property=\"og:image:width\" content=\"933\" \/>\n\t<meta property=\"og:image:height\" content=\"689\" \/>\n<meta name=\"twitter:card\" content=\"summary_large_image\" \/>\n<meta name=\"twitter:creator\" content=\"@PolisRecreio\" \/>\n<meta name=\"twitter:site\" content=\"@PolisRecreio\" \/>\n<meta name=\"twitter:label1\" content=\"Est. reading time\">\n\t<meta name=\"twitter:data1\" content=\"2 minutos\">\n<script type=\"application\/ld+json\" class=\"yoast-schema-graph\">{\"@context\":\"https:\/\/schema.org\",\"@graph\":[{\"@type\":\"WebSite\",\"@id\":\"https:\/\/www.polisrecreio.com.br\/site\/#website\",\"url\":\"https:\/\/www.polisrecreio.com.br\/site\/\",\"name\":\"P\\u00f3lis Recreio\",\"description\":\"\",\"potentialAction\":[{\"@type\":\"SearchAction\",\"target\":\"https:\/\/www.polisrecreio.com.br\/site\/?s={search_term_string}\",\"query-input\":\"required name=search_term_string\"}],\"inLanguage\":\"pt-BR\"},{\"@type\":\"ImageObject\",\"@id\":\"https:\/\/www.polisrecreio.com.br\/site\/2017\/06\/13\/aneel-autoriza-reajuste-na-tarifa-de-energia-eletrica-da-energisa\/#primaryimage\",\"inLanguage\":\"pt-BR\",\"url\":\"https:\/\/www.polisrecreio.com.br\/site\/wp-content\/uploads\/2017\/06\/leitura.jpg\",\"width\":933,\"height\":689,\"caption\":\"Imagem ilustrativa.\"},{\"@type\":\"WebPage\",\"@id\":\"https:\/\/www.polisrecreio.com.br\/site\/2017\/06\/13\/aneel-autoriza-reajuste-na-tarifa-de-energia-eletrica-da-energisa\/#webpage\",\"url\":\"https:\/\/www.polisrecreio.com.br\/site\/2017\/06\/13\/aneel-autoriza-reajuste-na-tarifa-de-energia-eletrica-da-energisa\/\",\"name\":\"Aneel autoriza reajuste na tarifa de energia el\\u00e9trica da Energisa - P\\u00f3lis Recreio\",\"isPartOf\":{\"@id\":\"https:\/\/www.polisrecreio.com.br\/site\/#website\"},\"primaryImageOfPage\":{\"@id\":\"https:\/\/www.polisrecreio.com.br\/site\/2017\/06\/13\/aneel-autoriza-reajuste-na-tarifa-de-energia-eletrica-da-energisa\/#primaryimage\"},\"datePublished\":\"2017-06-13T19:23:16+00:00\",\"dateModified\":\"2017-06-13T19:33:52+00:00\",\"author\":{\"@id\":\"https:\/\/www.polisrecreio.com.br\/site\/#\/schema\/person\/3363c1c78e1e28e1329d97adb387638e\"},\"inLanguage\":\"pt-BR\",\"potentialAction\":[{\"@type\":\"ReadAction\",\"target\":[\"https:\/\/www.polisrecreio.com.br\/site\/2017\/06\/13\/aneel-autoriza-reajuste-na-tarifa-de-energia-eletrica-da-energisa\/\"]}]},{\"@type\":\"Person\",\"@id\":\"https:\/\/www.polisrecreio.com.br\/site\/#\/schema\/person\/3363c1c78e1e28e1329d97adb387638e\",\"name\":\"Leonardo Ribeiro\",\"image\":{\"@type\":\"ImageObject\",\"@id\":\"https:\/\/www.polisrecreio.com.br\/site\/#personlogo\",\"inLanguage\":\"pt-BR\",\"url\":\"https:\/\/secure.gravatar.com\/avatar\/6ba92a37d621e1a83e23710251178a12?s=96&d=mm&r=g\",\"caption\":\"Leonardo Ribeiro\"},\"sameAs\":[\"http:\/\/www.polisrecreio.com.br\"]}]}<\/script>\n<!-- \/ Yoast SEO plugin. -->","_links":{"self":[{"href":"https:\/\/www.polisrecreio.com.br\/site\/wp-json\/wp\/v2\/posts\/5867"}],"collection":[{"href":"https:\/\/www.polisrecreio.com.br\/site\/wp-json\/wp\/v2\/posts"}],"about":[{"href":"https:\/\/www.polisrecreio.com.br\/site\/wp-json\/wp\/v2\/types\/post"}],"author":[{"embeddable":true,"href":"https:\/\/www.polisrecreio.com.br\/site\/wp-json\/wp\/v2\/users\/3"}],"replies":[{"embeddable":true,"href":"https:\/\/www.polisrecreio.com.br\/site\/wp-json\/wp\/v2\/comments?post=5867"}],"version-history":[{"count":6,"href":"https:\/\/www.polisrecreio.com.br\/site\/wp-json\/wp\/v2\/posts\/5867\/revisions"}],"predecessor-version":[{"id":5876,"href":"https:\/\/www.polisrecreio.com.br\/site\/wp-json\/wp\/v2\/posts\/5867\/revisions\/5876"}],"wp:featuredmedia":[{"embeddable":true,"href":"https:\/\/www.polisrecreio.com.br\/site\/wp-json\/wp\/v2\/media\/5869"}],"wp:attachment":[{"href":"https:\/\/www.polisrecreio.com.br\/site\/wp-json\/wp\/v2\/media?parent=5867"}],"wp:term":[{"taxonomy":"category","embeddable":true,"href":"https:\/\/www.polisrecreio.com.br\/site\/wp-json\/wp\/v2\/categories?post=5867"},{"taxonomy":"post_tag","embeddable":true,"href":"https:\/\/www.polisrecreio.com.br\/site\/wp-json\/wp\/v2\/tags?post=5867"}],"curies":[{"name":"wp","href":"https:\/\/api.w.org\/{rel}","templated":true}]}}