{"id":5879,"date":"2017-06-13T21:41:35","date_gmt":"2017-06-14T00:41:35","guid":{"rendered":"http:\/\/www.polisrecreio.com.br\/site\/?p=5879"},"modified":"2017-06-13T21:42:51","modified_gmt":"2017-06-14T00:42:51","slug":"prefeito-de-recreio-incentiva-capacitacao-de-profissionais-da-enfermagem","status":"publish","type":"post","link":"https:\/\/www.polisrecreio.com.br\/site\/2017\/06\/13\/prefeito-de-recreio-incentiva-capacitacao-de-profissionais-da-enfermagem\/","title":{"rendered":"Prefeito de Recreio incentiva capacita\u00e7\u00e3o de profissionais da enfermagem"},"content":{"rendered":"<p style=\"text-align: justify;\">O prefeito de Recreio, Z\u00e9 Maria Barros, incentivou a capacita\u00e7\u00e3o das profissionais da \u00e1rea de enfermagem das Unidades de Sa\u00fade de Recreio e dos distritos por meio do curso de enfermagem em curativos ministrado no \u00faltimo s\u00e1bado (10) na Funda\u00e7\u00e3o Cristiano Varella, em Muria\u00e9.<\/p>\n<p style=\"text-align: justify;\"><!--more--><\/p>\n<figure id=\"attachment_5878\" aria-describedby=\"caption-attachment-5878\" style=\"width: 960px\" class=\"wp-caption aligncenter\"><a href=\"http:\/\/www.polisrecreio.com.br\/site\/wp-content\/uploads\/2017\/06\/19182117_854568064698880_743703003_o.jpg\"><img loading=\"lazy\" class=\"size-full wp-image-5878\" src=\"http:\/\/www.polisrecreio.com.br\/site\/wp-content\/uploads\/2017\/06\/19182117_854568064698880_743703003_o.jpg\" alt=\"T\u00e9cnicas e enfermeiras que participaram do curso em Muria\u00e9.\" width=\"960\" height=\"539\" srcset=\"https:\/\/www.polisrecreio.com.br\/site\/wp-content\/uploads\/2017\/06\/19182117_854568064698880_743703003_o.jpg 960w, https:\/\/www.polisrecreio.com.br\/site\/wp-content\/uploads\/2017\/06\/19182117_854568064698880_743703003_o-300x168.jpg 300w\" sizes=\"(max-width: 960px) 100vw, 960px\" \/><\/a><figcaption id=\"caption-attachment-5878\" class=\"wp-caption-text\">T\u00e9cnicas e enfermeiras que participaram do curso em Muria\u00e9.<\/figcaption><\/figure>\n<p style=\"text-align: justify;\">Para estimular \u00e0 melhoria do conhecimento profissional o prefeito ofereceu o curso para todas as equipes do programa Estrat\u00e9gia Sa\u00fade da Fam\u00edlia. As interessadas participaram por meio do preenchimento de uma lista disponibilizada nas Unidades de Sa\u00fade.<\/p>\n<p style=\"text-align: justify;\">De acordo com a secret\u00e1ria de Sa\u00fade, Gabriela Helena de Paula, ao todo 12 t\u00e9cnicas e enfermeiras participaram da capacita\u00e7\u00e3o. Os custos com transporte, alimenta\u00e7\u00e3o e inscri\u00e7\u00f5es foram todos pagos pelo\u00a0Munic\u00edpio.<\/p>\n<p style=\"text-align: justify;\">\u201cNos pr\u00f3ximos meses vamos colocar \u00e0 disposi\u00e7\u00e3o da nossa equipe outros cursos, sempre com objetivo de melhorar a qualidade do profissional que est\u00e1 atuando nas Unidades\u201d, informou ao Site P\u00f3lis a secret\u00e1ria Gabriela de Paula, dando \u00eanfase ao empenho e a vis\u00e3o inovadora de administra\u00e7\u00e3o que o prefeito Z\u00e9 Maria Barros vem desempenhando na cidade.<\/p>\n","protected":false},"excerpt":{"rendered":"<p>O prefeito de Recreio, Z\u00e9 Maria Barros, incentivou a capacita\u00e7\u00e3o das profissionais da \u00e1rea de enfermagem das Unidades de Sa\u00fade de Recreio e dos distritos por meio do curso de enfermagem em curativos ministrado no \u00faltimo s\u00e1bado (10) na Funda\u00e7\u00e3o Cristiano Varella, em Muria\u00e9.<\/p>\n","protected":false},"author":3,"featured_media":5878,"comment_status":"open","ping_status":"open","sticky":false,"template":"","format":"standard","meta":[],"categories":[7],"tags":[],"yoast_head":"<!-- This site is optimized with the Yoast SEO plugin v15.6.2 - https:\/\/yoast.com\/wordpress\/plugins\/seo\/ -->\n<meta name=\"robots\" content=\"index, follow, max-snippet:-1, max-image-preview:large, max-video-preview:-1\" \/>\n<link rel=\"canonical\" href=\"https:\/\/www.polisrecreio.com.br\/site\/2017\/06\/13\/prefeito-de-recreio-incentiva-capacitacao-de-profissionais-da-enfermagem\/\" \/>\n<meta property=\"og:locale\" content=\"pt_BR\" \/>\n<meta property=\"og:type\" content=\"article\" \/>\n<meta property=\"og:title\" content=\"Prefeito de Recreio incentiva capacita\u00e7\u00e3o de profissionais da enfermagem - P\u00f3lis Recreio\" \/>\n<meta property=\"og:description\" content=\"O prefeito de Recreio, Z\u00e9 Maria Barros, incentivou a capacita\u00e7\u00e3o das profissionais da \u00e1rea de enfermagem das Unidades de Sa\u00fade de Recreio e dos distritos por meio do curso de enfermagem em curativos ministrado no \u00faltimo s\u00e1bado (10) na Funda\u00e7\u00e3o Cristiano Varella, em Muria\u00e9.\" \/>\n<meta property=\"og:url\" content=\"https:\/\/www.polisrecreio.com.br\/site\/2017\/06\/13\/prefeito-de-recreio-incentiva-capacitacao-de-profissionais-da-enfermagem\/\" \/>\n<meta property=\"og:site_name\" content=\"P\u00f3lis Recreio\" \/>\n<meta property=\"article:publisher\" content=\"https:\/\/www.facebook.com\/Site-P%c3%b3lis-Recreio-MG-181941708571019\/\" \/>\n<meta property=\"article:published_time\" content=\"2017-06-14T00:41:35+00:00\" \/>\n<meta property=\"article:modified_time\" content=\"2017-06-14T00:42:51+00:00\" \/>\n<meta property=\"og:image\" content=\"https:\/\/www.polisrecreio.com.br\/site\/wp-content\/uploads\/2017\/06\/19182117_854568064698880_743703003_o.jpg\" \/>\n\t<meta property=\"og:image:width\" content=\"960\" \/>\n\t<meta property=\"og:image:height\" content=\"539\" \/>\n<meta name=\"twitter:card\" content=\"summary_large_image\" \/>\n<meta name=\"twitter:creator\" content=\"@PolisRecreio\" \/>\n<meta name=\"twitter:site\" content=\"@PolisRecreio\" \/>\n<meta name=\"twitter:label1\" content=\"Est. reading time\">\n\t<meta name=\"twitter:data1\" content=\"1 minuto\">\n<script type=\"application\/ld+json\" class=\"yoast-schema-graph\">{\"@context\":\"https:\/\/schema.org\",\"@graph\":[{\"@type\":\"WebSite\",\"@id\":\"https:\/\/www.polisrecreio.com.br\/site\/#website\",\"url\":\"https:\/\/www.polisrecreio.com.br\/site\/\",\"name\":\"P\\u00f3lis Recreio\",\"description\":\"\",\"potentialAction\":[{\"@type\":\"SearchAction\",\"target\":\"https:\/\/www.polisrecreio.com.br\/site\/?s={search_term_string}\",\"query-input\":\"required name=search_term_string\"}],\"inLanguage\":\"pt-BR\"},{\"@type\":\"ImageObject\",\"@id\":\"https:\/\/www.polisrecreio.com.br\/site\/2017\/06\/13\/prefeito-de-recreio-incentiva-capacitacao-de-profissionais-da-enfermagem\/#primaryimage\",\"inLanguage\":\"pt-BR\",\"url\":\"https:\/\/www.polisrecreio.com.br\/site\/wp-content\/uploads\/2017\/06\/19182117_854568064698880_743703003_o.jpg\",\"width\":960,\"height\":539,\"caption\":\"T\\u00e9cnicas e enfermeiras que participaram do curso em Muria\\u00e9.\"},{\"@type\":\"WebPage\",\"@id\":\"https:\/\/www.polisrecreio.com.br\/site\/2017\/06\/13\/prefeito-de-recreio-incentiva-capacitacao-de-profissionais-da-enfermagem\/#webpage\",\"url\":\"https:\/\/www.polisrecreio.com.br\/site\/2017\/06\/13\/prefeito-de-recreio-incentiva-capacitacao-de-profissionais-da-enfermagem\/\",\"name\":\"Prefeito de Recreio incentiva capacita\\u00e7\\u00e3o de profissionais da enfermagem - P\\u00f3lis Recreio\",\"isPartOf\":{\"@id\":\"https:\/\/www.polisrecreio.com.br\/site\/#website\"},\"primaryImageOfPage\":{\"@id\":\"https:\/\/www.polisrecreio.com.br\/site\/2017\/06\/13\/prefeito-de-recreio-incentiva-capacitacao-de-profissionais-da-enfermagem\/#primaryimage\"},\"datePublished\":\"2017-06-14T00:41:35+00:00\",\"dateModified\":\"2017-06-14T00:42:51+00:00\",\"author\":{\"@id\":\"https:\/\/www.polisrecreio.com.br\/site\/#\/schema\/person\/3363c1c78e1e28e1329d97adb387638e\"},\"inLanguage\":\"pt-BR\",\"potentialAction\":[{\"@type\":\"ReadAction\",\"target\":[\"https:\/\/www.polisrecreio.com.br\/site\/2017\/06\/13\/prefeito-de-recreio-incentiva-capacitacao-de-profissionais-da-enfermagem\/\"]}]},{\"@type\":\"Person\",\"@id\":\"https:\/\/www.polisrecreio.com.br\/site\/#\/schema\/person\/3363c1c78e1e28e1329d97adb387638e\",\"name\":\"Leonardo Ribeiro\",\"image\":{\"@type\":\"ImageObject\",\"@id\":\"https:\/\/www.polisrecreio.com.br\/site\/#personlogo\",\"inLanguage\":\"pt-BR\",\"url\":\"https:\/\/secure.gravatar.com\/avatar\/6ba92a37d621e1a83e23710251178a12?s=96&d=mm&r=g\",\"caption\":\"Leonardo Ribeiro\"},\"sameAs\":[\"http:\/\/www.polisrecreio.com.br\"]}]}<\/script>\n<!-- \/ Yoast SEO plugin. -->","_links":{"self":[{"href":"https:\/\/www.polisrecreio.com.br\/site\/wp-json\/wp\/v2\/posts\/5879"}],"collection":[{"href":"https:\/\/www.polisrecreio.com.br\/site\/wp-json\/wp\/v2\/posts"}],"about":[{"href":"https:\/\/www.polisrecreio.com.br\/site\/wp-json\/wp\/v2\/types\/post"}],"author":[{"embeddable":true,"href":"https:\/\/www.polisrecreio.com.br\/site\/wp-json\/wp\/v2\/users\/3"}],"replies":[{"embeddable":true,"href":"https:\/\/www.polisrecreio.com.br\/site\/wp-json\/wp\/v2\/comments?post=5879"}],"version-history":[{"count":2,"href":"https:\/\/www.polisrecreio.com.br\/site\/wp-json\/wp\/v2\/posts\/5879\/revisions"}],"predecessor-version":[{"id":5881,"href":"https:\/\/www.polisrecreio.com.br\/site\/wp-json\/wp\/v2\/posts\/5879\/revisions\/5881"}],"wp:featuredmedia":[{"embeddable":true,"href":"https:\/\/www.polisrecreio.com.br\/site\/wp-json\/wp\/v2\/media\/5878"}],"wp:attachment":[{"href":"https:\/\/www.polisrecreio.com.br\/site\/wp-json\/wp\/v2\/media?parent=5879"}],"wp:term":[{"taxonomy":"category","embeddable":true,"href":"https:\/\/www.polisrecreio.com.br\/site\/wp-json\/wp\/v2\/categories?post=5879"},{"taxonomy":"post_tag","embeddable":true,"href":"https:\/\/www.polisrecreio.com.br\/site\/wp-json\/wp\/v2\/tags?post=5879"}],"curies":[{"name":"wp","href":"https:\/\/api.w.org\/{rel}","templated":true}]}}