{"id":5883,"date":"2017-06-14T09:57:05","date_gmt":"2017-06-14T12:57:05","guid":{"rendered":"http:\/\/www.polisrecreio.com.br\/site\/?p=5883"},"modified":"2017-06-14T09:57:05","modified_gmt":"2017-06-14T12:57:05","slug":"nesta-quarta-feira-dia-14-tem-reuniao-dos-artesaos-com-a-economia-solidaria-de-jf-no-cras","status":"publish","type":"post","link":"https:\/\/www.polisrecreio.com.br\/site\/2017\/06\/14\/nesta-quarta-feira-dia-14-tem-reuniao-dos-artesaos-com-a-economia-solidaria-de-jf-no-cras\/","title":{"rendered":"Nesta quarta-feira, dia 14, tem reuni\u00e3o dos artes\u00e3os com a Economia Solid\u00e1ria de JF no CRAS"},"content":{"rendered":"<p style=\"text-align: justify;\">Nesta quarta-feira, dia 14 de junho, \u00e0s 17h, os artes\u00e3os de Recreio por meio da Associa\u00e7\u00e3o criada com apoio da Prefeitura Municipal atrav\u00e9s da Secretaria de Desenvolvimento Social estar\u00e3o reunidos com a equipe da Economia Solid\u00e1ria de Juiz de Fora. O encontro acontecer\u00e1 no Centro de Refer\u00eancia de Assist\u00eancia Social \u201cCRAS\u201d, no p\u00e1tio de exposi\u00e7\u00e3o.<\/p>\n<p style=\"text-align: justify;\"><!--more--><\/p>\n<figure id=\"attachment_5745\" aria-describedby=\"caption-attachment-5745\" style=\"width: 750px\" class=\"wp-caption aligncenter\"><a href=\"http:\/\/www.polisrecreio.com.br\/site\/wp-content\/uploads\/2017\/06\/DSCF6992.jpg\"><img loading=\"lazy\" class=\"size-full wp-image-5745\" src=\"http:\/\/www.polisrecreio.com.br\/site\/wp-content\/uploads\/2017\/06\/DSCF6992.jpg\" alt=\"Artes\u00e3os participantes.\" width=\"750\" height=\"563\" srcset=\"https:\/\/www.polisrecreio.com.br\/site\/wp-content\/uploads\/2017\/06\/DSCF6992.jpg 750w, https:\/\/www.polisrecreio.com.br\/site\/wp-content\/uploads\/2017\/06\/DSCF6992-300x225.jpg 300w\" sizes=\"(max-width: 750px) 100vw, 750px\" \/><\/a><figcaption id=\"caption-attachment-5745\" class=\"wp-caption-text\">Artes\u00e3os participantes.<\/figcaption><\/figure>\n<p style=\"text-align: justify;\">Desde abril o governo municipal est\u00e1 empenhado na ideia de unir os profissionais da \u00e1rea em uma Associa\u00e7\u00e3o. Na \u00faltima reuni\u00e3o, dia 31 de maio, a Estatuto da entidade foi lido e aprovado por todos os presentes.<\/p>\n<p style=\"text-align: justify;\">\u201cA Economia Solid\u00e1ria \u00e9 um jeito de diferente de produzir, vender, comprar e trocar o que \u00e9 preciso para viver. Sem explorar os outros, sem querer levar vantagem, sem destruir o ambiente. Cooperando, fortalecendo o grupo, cada um pensando no bem de todos e no pr\u00f3prio bem\u201d, essa ser\u00e1 a tem\u00e1tica do encontro desta quarta-feira conforme informa\u00e7\u00f5es do secret\u00e1rio de Desenvolvimento Social, Diego Pena.<\/p>\n","protected":false},"excerpt":{"rendered":"<p>Nesta quarta-feira, dia 14 de junho, \u00e0s 17h, os artes\u00e3os de Recreio por meio da Associa\u00e7\u00e3o criada com apoio da Prefeitura Municipal atrav\u00e9s da Secretaria de Desenvolvimento Social estar\u00e3o reunidos com a equipe da Economia Solid\u00e1ria de Juiz de Fora. O encontro acontecer\u00e1 no Centro de Refer\u00eancia de Assist\u00eancia Social \u201cCRAS\u201d, no p\u00e1tio de exposi\u00e7\u00e3o.<\/p>\n","protected":false},"author":3,"featured_media":5745,"comment_status":"open","ping_status":"open","sticky":false,"template":"","format":"standard","meta":[],"categories":[6],"tags":[],"yoast_head":"<!-- This site is optimized with the Yoast SEO plugin v15.6.2 - https:\/\/yoast.com\/wordpress\/plugins\/seo\/ -->\n<meta name=\"robots\" content=\"index, follow, max-snippet:-1, max-image-preview:large, max-video-preview:-1\" \/>\n<link rel=\"canonical\" href=\"https:\/\/www.polisrecreio.com.br\/site\/2017\/06\/14\/nesta-quarta-feira-dia-14-tem-reuniao-dos-artesaos-com-a-economia-solidaria-de-jf-no-cras\/\" \/>\n<meta property=\"og:locale\" content=\"pt_BR\" \/>\n<meta property=\"og:type\" content=\"article\" \/>\n<meta property=\"og:title\" content=\"Nesta quarta-feira, dia 14, tem reuni\u00e3o dos artes\u00e3os com a Economia Solid\u00e1ria de JF no CRAS - P\u00f3lis Recreio\" \/>\n<meta property=\"og:description\" content=\"Nesta quarta-feira, dia 14 de junho, \u00e0s 17h, os artes\u00e3os de Recreio por meio da Associa\u00e7\u00e3o criada com apoio da Prefeitura Municipal atrav\u00e9s da Secretaria de Desenvolvimento Social estar\u00e3o reunidos com a equipe da Economia Solid\u00e1ria de Juiz de Fora. O encontro acontecer\u00e1 no Centro de Refer\u00eancia de Assist\u00eancia Social \u201cCRAS\u201d, no p\u00e1tio de exposi\u00e7\u00e3o.\" \/>\n<meta property=\"og:url\" content=\"https:\/\/www.polisrecreio.com.br\/site\/2017\/06\/14\/nesta-quarta-feira-dia-14-tem-reuniao-dos-artesaos-com-a-economia-solidaria-de-jf-no-cras\/\" \/>\n<meta property=\"og:site_name\" content=\"P\u00f3lis Recreio\" \/>\n<meta property=\"article:publisher\" content=\"https:\/\/www.facebook.com\/Site-P%c3%b3lis-Recreio-MG-181941708571019\/\" \/>\n<meta property=\"article:published_time\" content=\"2017-06-14T12:57:05+00:00\" \/>\n<meta property=\"og:image\" content=\"https:\/\/www.polisrecreio.com.br\/site\/wp-content\/uploads\/2017\/06\/DSCF6992.jpg\" \/>\n\t<meta property=\"og:image:width\" content=\"750\" \/>\n\t<meta property=\"og:image:height\" content=\"563\" \/>\n<meta name=\"twitter:card\" content=\"summary_large_image\" \/>\n<meta name=\"twitter:creator\" content=\"@PolisRecreio\" \/>\n<meta name=\"twitter:site\" content=\"@PolisRecreio\" \/>\n<meta name=\"twitter:label1\" content=\"Est. reading time\">\n\t<meta name=\"twitter:data1\" content=\"1 minuto\">\n<script type=\"application\/ld+json\" class=\"yoast-schema-graph\">{\"@context\":\"https:\/\/schema.org\",\"@graph\":[{\"@type\":\"WebSite\",\"@id\":\"https:\/\/www.polisrecreio.com.br\/site\/#website\",\"url\":\"https:\/\/www.polisrecreio.com.br\/site\/\",\"name\":\"P\\u00f3lis Recreio\",\"description\":\"\",\"potentialAction\":[{\"@type\":\"SearchAction\",\"target\":\"https:\/\/www.polisrecreio.com.br\/site\/?s={search_term_string}\",\"query-input\":\"required name=search_term_string\"}],\"inLanguage\":\"pt-BR\"},{\"@type\":\"ImageObject\",\"@id\":\"https:\/\/www.polisrecreio.com.br\/site\/2017\/06\/14\/nesta-quarta-feira-dia-14-tem-reuniao-dos-artesaos-com-a-economia-solidaria-de-jf-no-cras\/#primaryimage\",\"inLanguage\":\"pt-BR\",\"url\":\"https:\/\/www.polisrecreio.com.br\/site\/wp-content\/uploads\/2017\/06\/DSCF6992.jpg\",\"width\":750,\"height\":563,\"caption\":\"Artes\\u00e3os participantes.\"},{\"@type\":\"WebPage\",\"@id\":\"https:\/\/www.polisrecreio.com.br\/site\/2017\/06\/14\/nesta-quarta-feira-dia-14-tem-reuniao-dos-artesaos-com-a-economia-solidaria-de-jf-no-cras\/#webpage\",\"url\":\"https:\/\/www.polisrecreio.com.br\/site\/2017\/06\/14\/nesta-quarta-feira-dia-14-tem-reuniao-dos-artesaos-com-a-economia-solidaria-de-jf-no-cras\/\",\"name\":\"Nesta quarta-feira, dia 14, tem reuni\\u00e3o dos artes\\u00e3os com a Economia Solid\\u00e1ria de JF no CRAS - P\\u00f3lis Recreio\",\"isPartOf\":{\"@id\":\"https:\/\/www.polisrecreio.com.br\/site\/#website\"},\"primaryImageOfPage\":{\"@id\":\"https:\/\/www.polisrecreio.com.br\/site\/2017\/06\/14\/nesta-quarta-feira-dia-14-tem-reuniao-dos-artesaos-com-a-economia-solidaria-de-jf-no-cras\/#primaryimage\"},\"datePublished\":\"2017-06-14T12:57:05+00:00\",\"dateModified\":\"2017-06-14T12:57:05+00:00\",\"author\":{\"@id\":\"https:\/\/www.polisrecreio.com.br\/site\/#\/schema\/person\/3363c1c78e1e28e1329d97adb387638e\"},\"inLanguage\":\"pt-BR\",\"potentialAction\":[{\"@type\":\"ReadAction\",\"target\":[\"https:\/\/www.polisrecreio.com.br\/site\/2017\/06\/14\/nesta-quarta-feira-dia-14-tem-reuniao-dos-artesaos-com-a-economia-solidaria-de-jf-no-cras\/\"]}]},{\"@type\":\"Person\",\"@id\":\"https:\/\/www.polisrecreio.com.br\/site\/#\/schema\/person\/3363c1c78e1e28e1329d97adb387638e\",\"name\":\"Leonardo Ribeiro\",\"image\":{\"@type\":\"ImageObject\",\"@id\":\"https:\/\/www.polisrecreio.com.br\/site\/#personlogo\",\"inLanguage\":\"pt-BR\",\"url\":\"https:\/\/secure.gravatar.com\/avatar\/6ba92a37d621e1a83e23710251178a12?s=96&d=mm&r=g\",\"caption\":\"Leonardo Ribeiro\"},\"sameAs\":[\"http:\/\/www.polisrecreio.com.br\"]}]}<\/script>\n<!-- \/ Yoast SEO plugin. -->","_links":{"self":[{"href":"https:\/\/www.polisrecreio.com.br\/site\/wp-json\/wp\/v2\/posts\/5883"}],"collection":[{"href":"https:\/\/www.polisrecreio.com.br\/site\/wp-json\/wp\/v2\/posts"}],"about":[{"href":"https:\/\/www.polisrecreio.com.br\/site\/wp-json\/wp\/v2\/types\/post"}],"author":[{"embeddable":true,"href":"https:\/\/www.polisrecreio.com.br\/site\/wp-json\/wp\/v2\/users\/3"}],"replies":[{"embeddable":true,"href":"https:\/\/www.polisrecreio.com.br\/site\/wp-json\/wp\/v2\/comments?post=5883"}],"version-history":[{"count":1,"href":"https:\/\/www.polisrecreio.com.br\/site\/wp-json\/wp\/v2\/posts\/5883\/revisions"}],"predecessor-version":[{"id":5884,"href":"https:\/\/www.polisrecreio.com.br\/site\/wp-json\/wp\/v2\/posts\/5883\/revisions\/5884"}],"wp:featuredmedia":[{"embeddable":true,"href":"https:\/\/www.polisrecreio.com.br\/site\/wp-json\/wp\/v2\/media\/5745"}],"wp:attachment":[{"href":"https:\/\/www.polisrecreio.com.br\/site\/wp-json\/wp\/v2\/media?parent=5883"}],"wp:term":[{"taxonomy":"category","embeddable":true,"href":"https:\/\/www.polisrecreio.com.br\/site\/wp-json\/wp\/v2\/categories?post=5883"},{"taxonomy":"post_tag","embeddable":true,"href":"https:\/\/www.polisrecreio.com.br\/site\/wp-json\/wp\/v2\/tags?post=5883"}],"curies":[{"name":"wp","href":"https:\/\/api.w.org\/{rel}","templated":true}]}}