{"id":5885,"date":"2017-06-14T20:20:52","date_gmt":"2017-06-14T23:20:52","guid":{"rendered":"http:\/\/www.polisrecreio.com.br\/site\/?p=5885"},"modified":"2017-06-14T20:22:27","modified_gmt":"2017-06-14T23:22:27","slug":"prefeito-ze-maria-barros-visita-lar-dos-velhos-no-dia-de-combate-a-violencia-contra-o-idoso","status":"publish","type":"post","link":"https:\/\/www.polisrecreio.com.br\/site\/2017\/06\/14\/prefeito-ze-maria-barros-visita-lar-dos-velhos-no-dia-de-combate-a-violencia-contra-o-idoso\/","title":{"rendered":"Prefeito Z\u00e9 Maria Barros visita Lar dos Velhos no dia de combate a viol\u00eancia contra o idoso"},"content":{"rendered":"<p style=\"text-align: justify;\">O prefeito de Recreio, Z\u00e9 Maria Barros, visitou o Lar dos Velhos no dia de combate a viol\u00eancia contra o idoso, 15 de junho, e participou do\u00a0evento organizado pelas Secretarias de Sa\u00fade e de Desenvolvimento Social. O dia tem\u00e1tico \u00e9 comemorado mundialmente.<\/p>\n<p style=\"text-align: justify;\"><!--more--><\/p>\n<figure id=\"attachment_5886\" aria-describedby=\"caption-attachment-5886\" style=\"width: 750px\" class=\"wp-caption aligncenter\"><a href=\"http:\/\/www.polisrecreio.com.br\/site\/wp-content\/uploads\/2017\/06\/DSCN4392.jpg\"><img loading=\"lazy\" class=\"size-full wp-image-5886\" src=\"http:\/\/www.polisrecreio.com.br\/site\/wp-content\/uploads\/2017\/06\/DSCN4392.jpg\" alt=\"Prefeito conversando com Dona Iracema.\" width=\"750\" height=\"563\" srcset=\"https:\/\/www.polisrecreio.com.br\/site\/wp-content\/uploads\/2017\/06\/DSCN4392.jpg 750w, https:\/\/www.polisrecreio.com.br\/site\/wp-content\/uploads\/2017\/06\/DSCN4392-300x225.jpg 300w\" sizes=\"(max-width: 750px) 100vw, 750px\" \/><\/a><figcaption id=\"caption-attachment-5886\" class=\"wp-caption-text\">Prefeito conversando com Dona Iracema.<\/figcaption><\/figure>\n<p style=\"text-align: justify;\">A data institu\u00edda em 2006 pela Organiza\u00e7\u00e3o das Na\u00e7\u00f5es Unidas \u201cONU\u201d e pela Rede Internacional de Preven\u00e7\u00e3o \u00e0 Viol\u00eancia \u00e0 Pessoa Idosa visa criar uma consci\u00eancia mundial, social e pol\u00edtica da exist\u00eancia da viol\u00eancia contra o idoso e, simultaneamente, disseminar a ideia de n\u00e3o aceitar esse tipo de caso como normal.<\/p>\n<p style=\"text-align: justify;\">Durante o evento as equipes das secretarias envolvidas e as autoridades municipais conheceram as instala\u00e7\u00f5es da institui\u00e7\u00e3o, conversaram com os moradores, ouviram m\u00fasica, doaram 250 fraldas e ainda participaram de um lanche.<\/p>\n<p style=\"text-align: justify;\">O prefeito de Recreio\u00a0destacou em seu pronunciamento a import\u00e2ncia da institui\u00e7\u00e3o e os cuidados que os funcion\u00e1rios t\u00eam com cada um dos 26 residentes do Lar. Uma\u00a0das moradoras mais ativas da institui\u00e7\u00e3o, Dona Iracema, conversou com o gestor Z\u00e9 Maria Barros\u00a0e agradeceu a sua visita (veja foto a cima).<\/p>\n<p style=\"text-align: justify;\">Participaram tamb\u00e9m do encontro a secret\u00e1ria de Sa\u00fade, Gabriela Helena; o secret\u00e1rio de Desenvolvimento Social, Diego Pena; o coordenador do CRAS, Marcelo Andrade; os vereadores Paulinho Pintor, Pororoca, Marcel e Valma; e o presidente do Lar dos Velhos, Jo\u00e3o Carlos Cunha de Barros \u201cJanj\u00e3o\u201d.<\/p>\n<p><strong>Prefeito resgatou conv\u00eanio com o Lar dos Velhos<\/strong><\/p>\n<p style=\"text-align: justify;\">Em 2017, o prefeito Z\u00e9 Maria Barros resgatou o conv\u00eanio com Lar dos Velhos com repasse de R$ 1.500 mensais e mais cess\u00e3o de funcion\u00e1rios municipais para ajudar no funcionamento da institui\u00e7\u00e3o filantr\u00f3pica.<\/p>\n<figure id=\"attachment_5887\" aria-describedby=\"caption-attachment-5887\" style=\"width: 750px\" class=\"wp-caption aligncenter\"><a href=\"http:\/\/www.polisrecreio.com.br\/site\/wp-content\/uploads\/2017\/06\/DSCN4390.jpg\"><img loading=\"lazy\" class=\"size-full wp-image-5887\" src=\"http:\/\/www.polisrecreio.com.br\/site\/wp-content\/uploads\/2017\/06\/DSCN4390.jpg\" alt=\"Evento no Lar dos Velhos.\" width=\"750\" height=\"563\" srcset=\"https:\/\/www.polisrecreio.com.br\/site\/wp-content\/uploads\/2017\/06\/DSCN4390.jpg 750w, https:\/\/www.polisrecreio.com.br\/site\/wp-content\/uploads\/2017\/06\/DSCN4390-300x225.jpg 300w\" sizes=\"(max-width: 750px) 100vw, 750px\" \/><\/a><figcaption id=\"caption-attachment-5887\" class=\"wp-caption-text\">Residentes do Lar. Ao fundo: presidente do Lar, secret\u00e1rio Diego, prefeito e secret\u00e1ria Gabriela.<\/figcaption><\/figure>\n<figure id=\"attachment_5888\" aria-describedby=\"caption-attachment-5888\" style=\"width: 750px\" class=\"wp-caption aligncenter\"><a href=\"http:\/\/www.polisrecreio.com.br\/site\/wp-content\/uploads\/2017\/06\/DSCN4394.jpg\"><img loading=\"lazy\" class=\"size-full wp-image-5888\" src=\"http:\/\/www.polisrecreio.com.br\/site\/wp-content\/uploads\/2017\/06\/DSCN4394.jpg\" alt=\"Vereadores, Pororoca e Paulinho Pintor; secret\u00e1rios, Gabriela e Diego.\" width=\"750\" height=\"563\" srcset=\"https:\/\/www.polisrecreio.com.br\/site\/wp-content\/uploads\/2017\/06\/DSCN4394.jpg 750w, https:\/\/www.polisrecreio.com.br\/site\/wp-content\/uploads\/2017\/06\/DSCN4394-300x225.jpg 300w\" sizes=\"(max-width: 750px) 100vw, 750px\" \/><\/a><figcaption id=\"caption-attachment-5888\" class=\"wp-caption-text\">Vereadores, Pororoca e Paulinho Pintor; secret\u00e1rios, Gabriela e Diego.<\/figcaption><\/figure>\n<figure id=\"attachment_5889\" aria-describedby=\"caption-attachment-5889\" style=\"width: 750px\" class=\"wp-caption aligncenter\"><a href=\"http:\/\/www.polisrecreio.com.br\/site\/wp-content\/uploads\/2017\/06\/DSCN4397.jpg\"><img loading=\"lazy\" class=\"size-full wp-image-5889\" src=\"http:\/\/www.polisrecreio.com.br\/site\/wp-content\/uploads\/2017\/06\/DSCN4397.jpg\" alt=\"Vereadores Marcel, Pororoca e Paulinho Pintor com a secret\u00e1ria Gabriela.\" width=\"750\" height=\"563\" srcset=\"https:\/\/www.polisrecreio.com.br\/site\/wp-content\/uploads\/2017\/06\/DSCN4397.jpg 750w, https:\/\/www.polisrecreio.com.br\/site\/wp-content\/uploads\/2017\/06\/DSCN4397-300x225.jpg 300w\" sizes=\"(max-width: 750px) 100vw, 750px\" \/><\/a><figcaption id=\"caption-attachment-5889\" class=\"wp-caption-text\">Vereadores Marcel, Pororoca e Paulinho Pintor com a secret\u00e1ria Gabriela.<\/figcaption><\/figure>\n<figure id=\"attachment_5890\" aria-describedby=\"caption-attachment-5890\" style=\"width: 750px\" class=\"wp-caption aligncenter\"><a href=\"http:\/\/www.polisrecreio.com.br\/site\/wp-content\/uploads\/2017\/06\/idoso2.jpg\"><img loading=\"lazy\" class=\"size-full wp-image-5890\" src=\"http:\/\/www.polisrecreio.com.br\/site\/wp-content\/uploads\/2017\/06\/idoso2.jpg\" alt=\"Lanche da tarde servido para os idosos.\" width=\"750\" height=\"563\" srcset=\"https:\/\/www.polisrecreio.com.br\/site\/wp-content\/uploads\/2017\/06\/idoso2.jpg 750w, https:\/\/www.polisrecreio.com.br\/site\/wp-content\/uploads\/2017\/06\/idoso2-300x225.jpg 300w\" sizes=\"(max-width: 750px) 100vw, 750px\" \/><\/a><figcaption id=\"caption-attachment-5890\" class=\"wp-caption-text\">Lanche da tarde servido para os idosos.<\/figcaption><\/figure>\n","protected":false},"excerpt":{"rendered":"<p>O prefeito de Recreio, Z\u00e9 Maria Barros, visitou o Lar dos Velhos no dia de combate a viol\u00eancia contra o idoso, 15 de junho, e participou do\u00a0evento organizado pelas Secretarias de Sa\u00fade e de Desenvolvimento Social. O dia tem\u00e1tico \u00e9 comemorado mundialmente.<\/p>\n","protected":false},"author":3,"featured_media":5887,"comment_status":"open","ping_status":"open","sticky":false,"template":"","format":"standard","meta":[],"categories":[6],"tags":[],"yoast_head":"<!-- This site is optimized with the Yoast SEO plugin v15.6.2 - https:\/\/yoast.com\/wordpress\/plugins\/seo\/ -->\n<meta name=\"robots\" content=\"index, follow, max-snippet:-1, max-image-preview:large, max-video-preview:-1\" \/>\n<link rel=\"canonical\" href=\"https:\/\/www.polisrecreio.com.br\/site\/2017\/06\/14\/prefeito-ze-maria-barros-visita-lar-dos-velhos-no-dia-de-combate-a-violencia-contra-o-idoso\/\" \/>\n<meta property=\"og:locale\" content=\"pt_BR\" \/>\n<meta property=\"og:type\" content=\"article\" \/>\n<meta property=\"og:title\" content=\"Prefeito Z\u00e9 Maria Barros visita Lar dos Velhos no dia de combate a viol\u00eancia contra o idoso - P\u00f3lis Recreio\" \/>\n<meta property=\"og:description\" content=\"O prefeito de Recreio, Z\u00e9 Maria Barros, visitou o Lar dos Velhos no dia de combate a viol\u00eancia contra o idoso, 15 de junho, e participou do\u00a0evento organizado pelas Secretarias de Sa\u00fade e de Desenvolvimento Social. O dia tem\u00e1tico \u00e9 comemorado mundialmente.\" \/>\n<meta property=\"og:url\" content=\"https:\/\/www.polisrecreio.com.br\/site\/2017\/06\/14\/prefeito-ze-maria-barros-visita-lar-dos-velhos-no-dia-de-combate-a-violencia-contra-o-idoso\/\" \/>\n<meta property=\"og:site_name\" content=\"P\u00f3lis Recreio\" \/>\n<meta property=\"article:publisher\" content=\"https:\/\/www.facebook.com\/Site-P%c3%b3lis-Recreio-MG-181941708571019\/\" \/>\n<meta property=\"article:published_time\" content=\"2017-06-14T23:20:52+00:00\" \/>\n<meta property=\"article:modified_time\" content=\"2017-06-14T23:22:27+00:00\" \/>\n<meta property=\"og:image\" content=\"https:\/\/www.polisrecreio.com.br\/site\/wp-content\/uploads\/2017\/06\/DSCN4390.jpg\" \/>\n\t<meta property=\"og:image:width\" content=\"750\" \/>\n\t<meta property=\"og:image:height\" content=\"563\" \/>\n<meta name=\"twitter:card\" content=\"summary_large_image\" \/>\n<meta name=\"twitter:creator\" content=\"@PolisRecreio\" \/>\n<meta name=\"twitter:site\" content=\"@PolisRecreio\" \/>\n<meta name=\"twitter:label1\" content=\"Est. reading time\">\n\t<meta name=\"twitter:data1\" content=\"2 minutos\">\n<script type=\"application\/ld+json\" class=\"yoast-schema-graph\">{\"@context\":\"https:\/\/schema.org\",\"@graph\":[{\"@type\":\"WebSite\",\"@id\":\"https:\/\/www.polisrecreio.com.br\/site\/#website\",\"url\":\"https:\/\/www.polisrecreio.com.br\/site\/\",\"name\":\"P\\u00f3lis Recreio\",\"description\":\"\",\"potentialAction\":[{\"@type\":\"SearchAction\",\"target\":\"https:\/\/www.polisrecreio.com.br\/site\/?s={search_term_string}\",\"query-input\":\"required name=search_term_string\"}],\"inLanguage\":\"pt-BR\"},{\"@type\":\"ImageObject\",\"@id\":\"https:\/\/www.polisrecreio.com.br\/site\/2017\/06\/14\/prefeito-ze-maria-barros-visita-lar-dos-velhos-no-dia-de-combate-a-violencia-contra-o-idoso\/#primaryimage\",\"inLanguage\":\"pt-BR\",\"url\":\"https:\/\/www.polisrecreio.com.br\/site\/wp-content\/uploads\/2017\/06\/DSCN4390.jpg\",\"width\":750,\"height\":563,\"caption\":\"Evento no Lar dos Velhos.\"},{\"@type\":\"WebPage\",\"@id\":\"https:\/\/www.polisrecreio.com.br\/site\/2017\/06\/14\/prefeito-ze-maria-barros-visita-lar-dos-velhos-no-dia-de-combate-a-violencia-contra-o-idoso\/#webpage\",\"url\":\"https:\/\/www.polisrecreio.com.br\/site\/2017\/06\/14\/prefeito-ze-maria-barros-visita-lar-dos-velhos-no-dia-de-combate-a-violencia-contra-o-idoso\/\",\"name\":\"Prefeito Z\\u00e9 Maria Barros visita Lar dos Velhos no dia de combate a viol\\u00eancia contra o idoso - P\\u00f3lis Recreio\",\"isPartOf\":{\"@id\":\"https:\/\/www.polisrecreio.com.br\/site\/#website\"},\"primaryImageOfPage\":{\"@id\":\"https:\/\/www.polisrecreio.com.br\/site\/2017\/06\/14\/prefeito-ze-maria-barros-visita-lar-dos-velhos-no-dia-de-combate-a-violencia-contra-o-idoso\/#primaryimage\"},\"datePublished\":\"2017-06-14T23:20:52+00:00\",\"dateModified\":\"2017-06-14T23:22:27+00:00\",\"author\":{\"@id\":\"https:\/\/www.polisrecreio.com.br\/site\/#\/schema\/person\/3363c1c78e1e28e1329d97adb387638e\"},\"inLanguage\":\"pt-BR\",\"potentialAction\":[{\"@type\":\"ReadAction\",\"target\":[\"https:\/\/www.polisrecreio.com.br\/site\/2017\/06\/14\/prefeito-ze-maria-barros-visita-lar-dos-velhos-no-dia-de-combate-a-violencia-contra-o-idoso\/\"]}]},{\"@type\":\"Person\",\"@id\":\"https:\/\/www.polisrecreio.com.br\/site\/#\/schema\/person\/3363c1c78e1e28e1329d97adb387638e\",\"name\":\"Leonardo Ribeiro\",\"image\":{\"@type\":\"ImageObject\",\"@id\":\"https:\/\/www.polisrecreio.com.br\/site\/#personlogo\",\"inLanguage\":\"pt-BR\",\"url\":\"https:\/\/secure.gravatar.com\/avatar\/6ba92a37d621e1a83e23710251178a12?s=96&d=mm&r=g\",\"caption\":\"Leonardo Ribeiro\"},\"sameAs\":[\"http:\/\/www.polisrecreio.com.br\"]}]}<\/script>\n<!-- \/ Yoast SEO plugin. -->","_links":{"self":[{"href":"https:\/\/www.polisrecreio.com.br\/site\/wp-json\/wp\/v2\/posts\/5885"}],"collection":[{"href":"https:\/\/www.polisrecreio.com.br\/site\/wp-json\/wp\/v2\/posts"}],"about":[{"href":"https:\/\/www.polisrecreio.com.br\/site\/wp-json\/wp\/v2\/types\/post"}],"author":[{"embeddable":true,"href":"https:\/\/www.polisrecreio.com.br\/site\/wp-json\/wp\/v2\/users\/3"}],"replies":[{"embeddable":true,"href":"https:\/\/www.polisrecreio.com.br\/site\/wp-json\/wp\/v2\/comments?post=5885"}],"version-history":[{"count":3,"href":"https:\/\/www.polisrecreio.com.br\/site\/wp-json\/wp\/v2\/posts\/5885\/revisions"}],"predecessor-version":[{"id":5893,"href":"https:\/\/www.polisrecreio.com.br\/site\/wp-json\/wp\/v2\/posts\/5885\/revisions\/5893"}],"wp:featuredmedia":[{"embeddable":true,"href":"https:\/\/www.polisrecreio.com.br\/site\/wp-json\/wp\/v2\/media\/5887"}],"wp:attachment":[{"href":"https:\/\/www.polisrecreio.com.br\/site\/wp-json\/wp\/v2\/media?parent=5885"}],"wp:term":[{"taxonomy":"category","embeddable":true,"href":"https:\/\/www.polisrecreio.com.br\/site\/wp-json\/wp\/v2\/categories?post=5885"},{"taxonomy":"post_tag","embeddable":true,"href":"https:\/\/www.polisrecreio.com.br\/site\/wp-json\/wp\/v2\/tags?post=5885"}],"curies":[{"name":"wp","href":"https:\/\/api.w.org\/{rel}","templated":true}]}}