{"id":5894,"date":"2017-06-15T11:50:33","date_gmt":"2017-06-15T14:50:33","guid":{"rendered":"http:\/\/www.polisrecreio.com.br\/site\/?p=5894"},"modified":"2017-06-15T11:50:33","modified_gmt":"2017-06-15T14:50:33","slug":"economia-solidaria-de-jf-apresenta-aos-artesaos-de-recreio-a-importancia-do-cooperativismo","status":"publish","type":"post","link":"https:\/\/www.polisrecreio.com.br\/site\/2017\/06\/15\/economia-solidaria-de-jf-apresenta-aos-artesaos-de-recreio-a-importancia-do-cooperativismo\/","title":{"rendered":"Economia Solid\u00e1ria de JF apresenta aos artes\u00e3os de Recreio a import\u00e2ncia do cooperativismo"},"content":{"rendered":"<p style=\"text-align: justify;\">Na \u00faltima quarta-feira (14) os coordenadores da Economia Solid\u00e1ria da Regional Zona da Mata \u2013 P\u00f3lo Juiz de Fora, Paulo C\u00e9sar de Oliveira e Elisa Chaves, apresentaram aos artes\u00e3os de Recreio e profissionais aut\u00f4nomos a import\u00e2ncia da ideia cooperativista durante reuni\u00e3o no Centro de Refer\u00eancia de Assist\u00eancia Social \u201cCRAS\u201d.<\/p>\n<p style=\"text-align: justify;\"><!--more--><\/p>\n<figure id=\"attachment_5896\" aria-describedby=\"caption-attachment-5896\" style=\"width: 750px\" class=\"wp-caption aligncenter\"><a href=\"http:\/\/www.polisrecreio.com.br\/site\/wp-content\/uploads\/2017\/06\/arte3.jpg\"><img loading=\"lazy\" class=\"size-full wp-image-5896\" src=\"http:\/\/www.polisrecreio.com.br\/site\/wp-content\/uploads\/2017\/06\/arte3.jpg\" alt=\"Artes\u00e3os reunidos no CRAS com a Economia Solid\u00e1ria de JF.\" width=\"750\" height=\"563\" srcset=\"https:\/\/www.polisrecreio.com.br\/site\/wp-content\/uploads\/2017\/06\/arte3.jpg 750w, https:\/\/www.polisrecreio.com.br\/site\/wp-content\/uploads\/2017\/06\/arte3-300x225.jpg 300w\" sizes=\"(max-width: 750px) 100vw, 750px\" \/><\/a><figcaption id=\"caption-attachment-5896\" class=\"wp-caption-text\">Artes\u00e3os reunidos no CRAS com a Economia Solid\u00e1ria de JF.<\/figcaption><\/figure>\n<p style=\"text-align: justify;\">Aproximadamente 20 profissionais do movimento artes\u00e3o e profissionais aut\u00f4nomos, recentemente organizados em uma Associa\u00e7\u00e3o criada por interm\u00e9dio da equipe administrativa do prefeito Z\u00e9 Maria Barros, conheceram as diretrizes da Economia Solid\u00e1ria e temas relacionados com o sistema cooperativista. Houve tamb\u00e9m exibi\u00e7\u00e3o de v\u00eddeos de cidades do Brasil onde este tipo de projeto j\u00e1 est\u00e1 em andamento e com resultados satisfat\u00f3rios para os integrantes. Alguns artes\u00e3os aproveitaram a oportunidade para tirar d\u00favidas a cerca do tema da reuni\u00e3o.<\/p>\n<p style=\"text-align: justify;\">Os coordenadores Paulo C\u00e9sar e Elisa destacaram que o cooperativismo, foco principal da Economia Solid\u00e1ria, \u00e9 um jeito diferente de produzir e vender, com cada um pensando no bem de todos e no pr\u00f3prio bem.<\/p>\n<p style=\"text-align: justify;\">A cria\u00e7\u00e3o da Associa\u00e7\u00e3o dos Artes\u00e3os, denominada de Recrearte, est\u00e1 a cargo da equipe da Secretaria Municipal de Desenvolvimento Social. Segundo o secret\u00e1rio Diego Pena, \u201cna \u00faltima reuni\u00e3o do grupo, em 31 de maio, o Estatuto da entidade foi lido e aprovado por todos os presentes. A pr\u00f3xima etapa ser\u00e1 o registro na Receita Federal e a aquisi\u00e7\u00e3o do Cadastro Nacional de Pessoa Jur\u00eddica \u201cCNPJ\u201d. Por fim o executivo municipal enviar\u00e1 um projeto de lei para aprecia\u00e7\u00e3o do legislativo com objetivo de instituir a utilidade p\u00fablica da entidade. Nos pr\u00f3ximos meses uma capacita\u00e7\u00e3o para os artes\u00e3os de Recreio est\u00e1 sendo programada, em breve daremos mais informa\u00e7\u00f5es\u201d, concluiu o secret\u00e1rio.<\/p>\n<p style=\"text-align: justify;\">Participaram tamb\u00e9m da reuni\u00e3o o prefeito municipal, Z\u00e9 Maria Barros; o secret\u00e1rio de Desenvolvimento Social, Diego Pena; o coordenador do CRAS, Marcelo Andrade; os vereadores, Paulinho Pintor e Pororoca; e o presidente do Conselho Municipal de Assist\u00eancia Social, Danilo Silva.<\/p>\n<figure id=\"attachment_5895\" aria-describedby=\"caption-attachment-5895\" style=\"width: 750px\" class=\"wp-caption aligncenter\"><a href=\"http:\/\/www.polisrecreio.com.br\/site\/wp-content\/uploads\/2017\/06\/arte1.jpg\"><img loading=\"lazy\" class=\"size-full wp-image-5895\" src=\"http:\/\/www.polisrecreio.com.br\/site\/wp-content\/uploads\/2017\/06\/arte1.jpg\" alt=\"Artes\u00e3os no CRAS.\" width=\"750\" height=\"563\" srcset=\"https:\/\/www.polisrecreio.com.br\/site\/wp-content\/uploads\/2017\/06\/arte1.jpg 750w, https:\/\/www.polisrecreio.com.br\/site\/wp-content\/uploads\/2017\/06\/arte1-300x225.jpg 300w\" sizes=\"(max-width: 750px) 100vw, 750px\" \/><\/a><figcaption id=\"caption-attachment-5895\" class=\"wp-caption-text\">Artes\u00e3os no CRAS.<\/figcaption><\/figure>\n<figure id=\"attachment_5898\" aria-describedby=\"caption-attachment-5898\" style=\"width: 750px\" class=\"wp-caption aligncenter\"><a href=\"http:\/\/www.polisrecreio.com.br\/site\/wp-content\/uploads\/2017\/06\/arte5.jpg\"><img loading=\"lazy\" class=\"size-full wp-image-5898\" src=\"http:\/\/www.polisrecreio.com.br\/site\/wp-content\/uploads\/2017\/06\/arte5.jpg\" alt=\"Secret\u00e1rio Diego Pena conversando com os artes\u00e3os.\" width=\"750\" height=\"563\" srcset=\"https:\/\/www.polisrecreio.com.br\/site\/wp-content\/uploads\/2017\/06\/arte5.jpg 750w, https:\/\/www.polisrecreio.com.br\/site\/wp-content\/uploads\/2017\/06\/arte5-300x225.jpg 300w\" sizes=\"(max-width: 750px) 100vw, 750px\" \/><\/a><figcaption id=\"caption-attachment-5898\" class=\"wp-caption-text\">Secret\u00e1rio Diego Pena conversando com os artes\u00e3os.<\/figcaption><\/figure>\n<figure id=\"attachment_5897\" aria-describedby=\"caption-attachment-5897\" style=\"width: 750px\" class=\"wp-caption aligncenter\"><a href=\"http:\/\/www.polisrecreio.com.br\/site\/wp-content\/uploads\/2017\/06\/arte4.jpg\"><img loading=\"lazy\" class=\"size-full wp-image-5897\" src=\"http:\/\/www.polisrecreio.com.br\/site\/wp-content\/uploads\/2017\/06\/arte4.jpg\" alt=\"Presidente do CMAS, Danilo Silva, conversando com os artes\u00e3os.\" width=\"750\" height=\"563\" srcset=\"https:\/\/www.polisrecreio.com.br\/site\/wp-content\/uploads\/2017\/06\/arte4.jpg 750w, https:\/\/www.polisrecreio.com.br\/site\/wp-content\/uploads\/2017\/06\/arte4-300x225.jpg 300w\" sizes=\"(max-width: 750px) 100vw, 750px\" \/><\/a><figcaption id=\"caption-attachment-5897\" class=\"wp-caption-text\">Presidente do CMAS, Danilo Silva, conversando com os artes\u00e3os.<\/figcaption><\/figure>\n","protected":false},"excerpt":{"rendered":"<p>Na \u00faltima quarta-feira (14) os coordenadores da Economia Solid\u00e1ria da Regional Zona da Mata \u2013 P\u00f3lo Juiz de Fora, Paulo C\u00e9sar de Oliveira e Elisa Chaves, apresentaram aos artes\u00e3os de Recreio e profissionais aut\u00f4nomos a import\u00e2ncia da ideia cooperativista durante reuni\u00e3o no Centro de Refer\u00eancia de Assist\u00eancia Social \u201cCRAS\u201d.<\/p>\n","protected":false},"author":3,"featured_media":5896,"comment_status":"open","ping_status":"open","sticky":false,"template":"","format":"standard","meta":[],"categories":[6],"tags":[],"yoast_head":"<!-- This site is optimized with the Yoast SEO plugin v15.6.2 - https:\/\/yoast.com\/wordpress\/plugins\/seo\/ -->\n<meta name=\"robots\" content=\"index, follow, max-snippet:-1, max-image-preview:large, max-video-preview:-1\" \/>\n<link rel=\"canonical\" href=\"https:\/\/www.polisrecreio.com.br\/site\/2017\/06\/15\/economia-solidaria-de-jf-apresenta-aos-artesaos-de-recreio-a-importancia-do-cooperativismo\/\" \/>\n<meta property=\"og:locale\" content=\"pt_BR\" \/>\n<meta property=\"og:type\" content=\"article\" \/>\n<meta property=\"og:title\" content=\"Economia Solid\u00e1ria de JF apresenta aos artes\u00e3os de Recreio a import\u00e2ncia do cooperativismo - P\u00f3lis Recreio\" \/>\n<meta property=\"og:description\" content=\"Na \u00faltima quarta-feira (14) os coordenadores da Economia Solid\u00e1ria da Regional Zona da Mata \u2013 P\u00f3lo Juiz de Fora, Paulo C\u00e9sar de Oliveira e Elisa Chaves, apresentaram aos artes\u00e3os de Recreio e profissionais aut\u00f4nomos a import\u00e2ncia da ideia cooperativista durante reuni\u00e3o no Centro de Refer\u00eancia de Assist\u00eancia Social \u201cCRAS\u201d.\" \/>\n<meta property=\"og:url\" content=\"https:\/\/www.polisrecreio.com.br\/site\/2017\/06\/15\/economia-solidaria-de-jf-apresenta-aos-artesaos-de-recreio-a-importancia-do-cooperativismo\/\" \/>\n<meta property=\"og:site_name\" content=\"P\u00f3lis Recreio\" \/>\n<meta property=\"article:publisher\" content=\"https:\/\/www.facebook.com\/Site-P%c3%b3lis-Recreio-MG-181941708571019\/\" \/>\n<meta property=\"article:published_time\" content=\"2017-06-15T14:50:33+00:00\" \/>\n<meta property=\"og:image\" content=\"https:\/\/www.polisrecreio.com.br\/site\/wp-content\/uploads\/2017\/06\/arte3.jpg\" \/>\n\t<meta property=\"og:image:width\" content=\"750\" \/>\n\t<meta property=\"og:image:height\" content=\"563\" \/>\n<meta name=\"twitter:card\" content=\"summary_large_image\" \/>\n<meta name=\"twitter:creator\" content=\"@PolisRecreio\" \/>\n<meta name=\"twitter:site\" content=\"@PolisRecreio\" \/>\n<meta name=\"twitter:label1\" content=\"Est. reading time\">\n\t<meta name=\"twitter:data1\" content=\"2 minutos\">\n<script type=\"application\/ld+json\" class=\"yoast-schema-graph\">{\"@context\":\"https:\/\/schema.org\",\"@graph\":[{\"@type\":\"WebSite\",\"@id\":\"https:\/\/www.polisrecreio.com.br\/site\/#website\",\"url\":\"https:\/\/www.polisrecreio.com.br\/site\/\",\"name\":\"P\\u00f3lis Recreio\",\"description\":\"\",\"potentialAction\":[{\"@type\":\"SearchAction\",\"target\":\"https:\/\/www.polisrecreio.com.br\/site\/?s={search_term_string}\",\"query-input\":\"required name=search_term_string\"}],\"inLanguage\":\"pt-BR\"},{\"@type\":\"ImageObject\",\"@id\":\"https:\/\/www.polisrecreio.com.br\/site\/2017\/06\/15\/economia-solidaria-de-jf-apresenta-aos-artesaos-de-recreio-a-importancia-do-cooperativismo\/#primaryimage\",\"inLanguage\":\"pt-BR\",\"url\":\"https:\/\/www.polisrecreio.com.br\/site\/wp-content\/uploads\/2017\/06\/arte3.jpg\",\"width\":750,\"height\":563,\"caption\":\"Artes\\u00e3os reunidos no CRAS com a Economia Solid\\u00e1ria de JF.\"},{\"@type\":\"WebPage\",\"@id\":\"https:\/\/www.polisrecreio.com.br\/site\/2017\/06\/15\/economia-solidaria-de-jf-apresenta-aos-artesaos-de-recreio-a-importancia-do-cooperativismo\/#webpage\",\"url\":\"https:\/\/www.polisrecreio.com.br\/site\/2017\/06\/15\/economia-solidaria-de-jf-apresenta-aos-artesaos-de-recreio-a-importancia-do-cooperativismo\/\",\"name\":\"Economia Solid\\u00e1ria de JF apresenta aos artes\\u00e3os de Recreio a import\\u00e2ncia do cooperativismo - P\\u00f3lis Recreio\",\"isPartOf\":{\"@id\":\"https:\/\/www.polisrecreio.com.br\/site\/#website\"},\"primaryImageOfPage\":{\"@id\":\"https:\/\/www.polisrecreio.com.br\/site\/2017\/06\/15\/economia-solidaria-de-jf-apresenta-aos-artesaos-de-recreio-a-importancia-do-cooperativismo\/#primaryimage\"},\"datePublished\":\"2017-06-15T14:50:33+00:00\",\"dateModified\":\"2017-06-15T14:50:33+00:00\",\"author\":{\"@id\":\"https:\/\/www.polisrecreio.com.br\/site\/#\/schema\/person\/3363c1c78e1e28e1329d97adb387638e\"},\"inLanguage\":\"pt-BR\",\"potentialAction\":[{\"@type\":\"ReadAction\",\"target\":[\"https:\/\/www.polisrecreio.com.br\/site\/2017\/06\/15\/economia-solidaria-de-jf-apresenta-aos-artesaos-de-recreio-a-importancia-do-cooperativismo\/\"]}]},{\"@type\":\"Person\",\"@id\":\"https:\/\/www.polisrecreio.com.br\/site\/#\/schema\/person\/3363c1c78e1e28e1329d97adb387638e\",\"name\":\"Leonardo Ribeiro\",\"image\":{\"@type\":\"ImageObject\",\"@id\":\"https:\/\/www.polisrecreio.com.br\/site\/#personlogo\",\"inLanguage\":\"pt-BR\",\"url\":\"https:\/\/secure.gravatar.com\/avatar\/6ba92a37d621e1a83e23710251178a12?s=96&d=mm&r=g\",\"caption\":\"Leonardo Ribeiro\"},\"sameAs\":[\"http:\/\/www.polisrecreio.com.br\"]}]}<\/script>\n<!-- \/ Yoast SEO plugin. -->","_links":{"self":[{"href":"https:\/\/www.polisrecreio.com.br\/site\/wp-json\/wp\/v2\/posts\/5894"}],"collection":[{"href":"https:\/\/www.polisrecreio.com.br\/site\/wp-json\/wp\/v2\/posts"}],"about":[{"href":"https:\/\/www.polisrecreio.com.br\/site\/wp-json\/wp\/v2\/types\/post"}],"author":[{"embeddable":true,"href":"https:\/\/www.polisrecreio.com.br\/site\/wp-json\/wp\/v2\/users\/3"}],"replies":[{"embeddable":true,"href":"https:\/\/www.polisrecreio.com.br\/site\/wp-json\/wp\/v2\/comments?post=5894"}],"version-history":[{"count":2,"href":"https:\/\/www.polisrecreio.com.br\/site\/wp-json\/wp\/v2\/posts\/5894\/revisions"}],"predecessor-version":[{"id":5900,"href":"https:\/\/www.polisrecreio.com.br\/site\/wp-json\/wp\/v2\/posts\/5894\/revisions\/5900"}],"wp:featuredmedia":[{"embeddable":true,"href":"https:\/\/www.polisrecreio.com.br\/site\/wp-json\/wp\/v2\/media\/5896"}],"wp:attachment":[{"href":"https:\/\/www.polisrecreio.com.br\/site\/wp-json\/wp\/v2\/media?parent=5894"}],"wp:term":[{"taxonomy":"category","embeddable":true,"href":"https:\/\/www.polisrecreio.com.br\/site\/wp-json\/wp\/v2\/categories?post=5894"},{"taxonomy":"post_tag","embeddable":true,"href":"https:\/\/www.polisrecreio.com.br\/site\/wp-json\/wp\/v2\/tags?post=5894"}],"curies":[{"name":"wp","href":"https:\/\/api.w.org\/{rel}","templated":true}]}}