{"id":5901,"date":"2017-06-16T10:58:23","date_gmt":"2017-06-16T13:58:23","guid":{"rendered":"http:\/\/www.polisrecreio.com.br\/site\/?p=5901"},"modified":"2017-06-16T11:01:00","modified_gmt":"2017-06-16T14:01:00","slug":"prefeito-de-recreio-recebe-homenageado-da-32a-corrida-de-santo-higino","status":"publish","type":"post","link":"https:\/\/www.polisrecreio.com.br\/site\/2017\/06\/16\/prefeito-de-recreio-recebe-homenageado-da-32a-corrida-de-santo-higino\/","title":{"rendered":"Prefeito de Recreio recebe homenageado da 32\u00aa Corrida de Santo Higino"},"content":{"rendered":"<p style=\"text-align: justify;\">O prefeito de Recreio, Z\u00e9 Maria Barros, recebeu na \u00faltima quarta-feira (14) em seu gabinete o homenageado da 32\u00aa Corrida de Santo Higino, \u201cPedro Dorigo\u201d. O tradicional evento esportivo acontece neste s\u00e1bado, dia 17, a partir das 14h.<\/p>\n<p style=\"text-align: justify;\"><!--more--><\/p>\n<figure id=\"attachment_5902\" aria-describedby=\"caption-attachment-5902\" style=\"width: 750px\" class=\"wp-caption aligncenter\"><a href=\"http:\/\/www.polisrecreio.com.br\/site\/wp-content\/uploads\/2017\/06\/pedro-e-z\u00e9.jpg\"><img loading=\"lazy\" class=\"size-full wp-image-5902\" src=\"http:\/\/www.polisrecreio.com.br\/site\/wp-content\/uploads\/2017\/06\/pedro-e-z\u00e9.jpg\" alt=\"Pedro Dorigo e o prefeito Z\u00e9 Maria Barros.\" width=\"750\" height=\"497\" srcset=\"https:\/\/www.polisrecreio.com.br\/site\/wp-content\/uploads\/2017\/06\/pedro-e-z\u00e9.jpg 750w, https:\/\/www.polisrecreio.com.br\/site\/wp-content\/uploads\/2017\/06\/pedro-e-z\u00e9-300x199.jpg 300w\" sizes=\"(max-width: 750px) 100vw, 750px\" \/><\/a><figcaption id=\"caption-attachment-5902\" class=\"wp-caption-text\">Pedro Dorigo e o prefeito Z\u00e9 Maria Barros.<\/figcaption><\/figure>\n<p style=\"text-align: justify;\">Durante a visita Pedro relatou a satisfa\u00e7\u00e3o de estar na sua cidade natal e ser lembrado por seus anos de perseveran\u00e7a para manter a competi\u00e7\u00e3o. Z\u00e9 Maria disse a ele que homenage\u00e1-lo \u00e9 uma forma de congratular todos os amigos da Associa\u00e7\u00e3o de Desenvolvimento Comunit\u00e1rio de Recreio \u201cADCR\u201d que durante anos organizaram o evento.<\/p>\n<p style=\"text-align: justify;\">Desde 2013 a Corrida passou a ser de responsabilidade do governo municipal, por meio de lei municipal. Por\u00e9m, nos \u00faltimos dois anos a competi\u00e7\u00e3o deixou de homenagear personalidades de renome na \u00e1rea social, esportiva e cultural do Munic\u00edpio.<\/p>\n<p><strong>Confira\u00a0as categorias<\/strong><\/p>\n<p style=\"text-align: justify;\">Todas as chegadas ser\u00e3o na Rua Teixeira da Silva, em frente \u00e0 Casa Lot\u00e9rica.<\/p>\n<p style=\"text-align: justify;\">Trajetos Cidade<\/p>\n<p style=\"text-align: justify;\">5 a 8 anos \u2013 largada em frente ao antigo Cart\u00f3rio;<\/p>\n<p style=\"text-align: justify;\">Pr\u00eamio: Caixa de som USB.<\/p>\n<p style=\"text-align: justify;\">9 a 12 anos \u2013 largada em frente a Igreja Maranata;<\/p>\n<p style=\"text-align: justify;\">Pr\u00eamio: Caixa de som USB.<\/p>\n<p style=\"text-align: justify;\">13 a 16 anos \u2013 largada Pra\u00e7a Gerson Ludovico \u201csa\u00edda para Angaturama\u201d;<\/p>\n<p style=\"text-align: justify;\">Pr\u00eamio: Celular.<\/p>\n<p style=\"text-align: justify;\">Acima de 56 anos \u2013 largada Pra\u00e7a Gerson Ludovico \u201csa\u00edda para Angaturama\u201d.<\/p>\n<p style=\"text-align: justify;\">Pr\u00eamio: Microsysten.<\/p>\n<p style=\"text-align: justify;\">Trajeto Concei\u00e7\u00e3o-Recreio \u2013 4,8 km<\/p>\n<p style=\"text-align: justify;\">17 a 40 anos \u2013 largada distrito de Concei\u00e7\u00e3o da Boa Vista;<\/p>\n<p style=\"text-align: justify;\">41 a 55 anos \u2013 largada distrito de Concei\u00e7\u00e3o da Boa Vista;<\/p>\n<p style=\"text-align: justify;\">Pr\u00eamios: 1\u00ba lugar geral \u2013 R$ 400 \/ 2\u00ba lugar geral \u2013 R$ 200 \/ 3\u00ba lugar geral \u2013 R$ 100.<\/p>\n<p style=\"text-align: justify;\">Melhor de Recreio: 1\u00ba &#8211; R$ 100 \/ 2\u00ba &#8211; Caixa de som USB \/ 3\u00ba &#8211; R$ 50.<\/p>\n<p style=\"text-align: justify;\"><strong>Recordes da Corrida<\/strong><\/p>\n<p style=\"text-align: justify;\">Os recordes do trajeto entre o distrito de Concei\u00e7\u00e3o da Boa Vista e Recreio, com grande extens\u00e3o em estrada de ch\u00e3o, com total de 4,8 km, perdura h\u00e1 mais de 10 anos. Confira os recordistas, Fernando Silvio dos Santo (Guarani\/MG) \u2013 14 min. 01. seg., em 2002; e Andrileia do Carmo Souza (Juiz de Fora\/MG) \u2013 16 min. 49 seg., em 2004.<\/p>\n<p><strong>Inscri\u00e7\u00f5es gratuitas<\/strong><\/p>\n<p style=\"text-align: justify;\">Para dar oportunidade\u00a0aos competidores que n\u00e3o conseguiram se inscrever no per\u00edodo previsto a organiza\u00e7\u00e3o estar\u00e1 registrando os participantes durante o turno da manh\u00e3 na Rua Teixeira da Silva, no Centro, local de concentra\u00e7\u00e3o da Corrida.<\/p>\n<p style=\"text-align: justify;\"><a href=\"http:\/\/www.polisrecreio.com.br\/site\/wp-content\/uploads\/2017\/06\/Corrida-de-Santo-Higino-2017.jpg\"><img loading=\"lazy\" class=\"aligncenter size-full wp-image-5905\" src=\"http:\/\/www.polisrecreio.com.br\/site\/wp-content\/uploads\/2017\/06\/Corrida-de-Santo-Higino-2017.jpg\" alt=\"Corrida de Santo Higino 2017\" width=\"3814\" height=\"2447\" srcset=\"https:\/\/www.polisrecreio.com.br\/site\/wp-content\/uploads\/2017\/06\/Corrida-de-Santo-Higino-2017.jpg 3814w, https:\/\/www.polisrecreio.com.br\/site\/wp-content\/uploads\/2017\/06\/Corrida-de-Santo-Higino-2017-300x192.jpg 300w, https:\/\/www.polisrecreio.com.br\/site\/wp-content\/uploads\/2017\/06\/Corrida-de-Santo-Higino-2017-1024x657.jpg 1024w\" sizes=\"(max-width: 3814px) 100vw, 3814px\" \/><\/a><\/p>\n<p>&nbsp;<\/p>\n","protected":false},"excerpt":{"rendered":"<p>O prefeito de Recreio, Z\u00e9 Maria Barros, recebeu na \u00faltima quarta-feira (14) em seu gabinete o homenageado da 32\u00aa Corrida de Santo Higino, \u201cPedro Dorigo\u201d. O tradicional evento esportivo acontece neste s\u00e1bado, dia 17, a partir das 14h.<\/p>\n","protected":false},"author":3,"featured_media":5902,"comment_status":"open","ping_status":"open","sticky":false,"template":"","format":"standard","meta":[],"categories":[4],"tags":[],"yoast_head":"<!-- This site is optimized with the Yoast SEO plugin v15.6.2 - https:\/\/yoast.com\/wordpress\/plugins\/seo\/ -->\n<meta name=\"robots\" content=\"index, follow, max-snippet:-1, max-image-preview:large, max-video-preview:-1\" \/>\n<link rel=\"canonical\" href=\"http:\/\/www.polisrecreio.com.br\/site\/2017\/06\/16\/prefeito-de-recreio-recebe-homenageado-da-32a-corrida-de-santo-higino\/\" \/>\n<meta property=\"og:locale\" content=\"pt_BR\" \/>\n<meta property=\"og:type\" content=\"article\" \/>\n<meta property=\"og:title\" content=\"Prefeito de Recreio recebe homenageado da 32\u00aa Corrida de Santo Higino - P\u00f3lis Recreio\" \/>\n<meta property=\"og:description\" content=\"O prefeito de Recreio, Z\u00e9 Maria Barros, recebeu na \u00faltima quarta-feira (14) em seu gabinete o homenageado da 32\u00aa Corrida de Santo Higino, \u201cPedro Dorigo\u201d. O tradicional evento esportivo acontece neste s\u00e1bado, dia 17, a partir das 14h.\" \/>\n<meta property=\"og:url\" content=\"http:\/\/www.polisrecreio.com.br\/site\/2017\/06\/16\/prefeito-de-recreio-recebe-homenageado-da-32a-corrida-de-santo-higino\/\" \/>\n<meta property=\"og:site_name\" content=\"P\u00f3lis Recreio\" \/>\n<meta property=\"article:publisher\" content=\"https:\/\/www.facebook.com\/Site-P%c3%b3lis-Recreio-MG-181941708571019\/\" \/>\n<meta property=\"article:published_time\" content=\"2017-06-16T13:58:23+00:00\" \/>\n<meta property=\"article:modified_time\" content=\"2017-06-16T14:01:00+00:00\" \/>\n<meta property=\"og:image\" content=\"https:\/\/www.polisrecreio.com.br\/site\/wp-content\/uploads\/2017\/06\/pedro-e-z\u00e9.jpg\" \/>\n\t<meta property=\"og:image:width\" content=\"750\" \/>\n\t<meta property=\"og:image:height\" content=\"497\" \/>\n<meta name=\"twitter:card\" content=\"summary_large_image\" \/>\n<meta name=\"twitter:creator\" content=\"@PolisRecreio\" \/>\n<meta name=\"twitter:site\" content=\"@PolisRecreio\" \/>\n<meta name=\"twitter:label1\" content=\"Est. reading time\">\n\t<meta name=\"twitter:data1\" content=\"2 minutos\">\n<script type=\"application\/ld+json\" class=\"yoast-schema-graph\">{\"@context\":\"https:\/\/schema.org\",\"@graph\":[{\"@type\":\"WebSite\",\"@id\":\"https:\/\/www.polisrecreio.com.br\/site\/#website\",\"url\":\"https:\/\/www.polisrecreio.com.br\/site\/\",\"name\":\"P\\u00f3lis Recreio\",\"description\":\"\",\"potentialAction\":[{\"@type\":\"SearchAction\",\"target\":\"https:\/\/www.polisrecreio.com.br\/site\/?s={search_term_string}\",\"query-input\":\"required name=search_term_string\"}],\"inLanguage\":\"pt-BR\"},{\"@type\":\"ImageObject\",\"@id\":\"http:\/\/www.polisrecreio.com.br\/site\/2017\/06\/16\/prefeito-de-recreio-recebe-homenageado-da-32a-corrida-de-santo-higino\/#primaryimage\",\"inLanguage\":\"pt-BR\",\"url\":\"https:\/\/www.polisrecreio.com.br\/site\/wp-content\/uploads\/2017\/06\/pedro-e-z\\u00e9.jpg\",\"width\":750,\"height\":497,\"caption\":\"Pedro Dorigo e o prefeito Z\\u00e9 Maria Barros.\"},{\"@type\":\"WebPage\",\"@id\":\"http:\/\/www.polisrecreio.com.br\/site\/2017\/06\/16\/prefeito-de-recreio-recebe-homenageado-da-32a-corrida-de-santo-higino\/#webpage\",\"url\":\"http:\/\/www.polisrecreio.com.br\/site\/2017\/06\/16\/prefeito-de-recreio-recebe-homenageado-da-32a-corrida-de-santo-higino\/\",\"name\":\"Prefeito de Recreio recebe homenageado da 32\\u00aa Corrida de Santo Higino - P\\u00f3lis Recreio\",\"isPartOf\":{\"@id\":\"https:\/\/www.polisrecreio.com.br\/site\/#website\"},\"primaryImageOfPage\":{\"@id\":\"http:\/\/www.polisrecreio.com.br\/site\/2017\/06\/16\/prefeito-de-recreio-recebe-homenageado-da-32a-corrida-de-santo-higino\/#primaryimage\"},\"datePublished\":\"2017-06-16T13:58:23+00:00\",\"dateModified\":\"2017-06-16T14:01:00+00:00\",\"author\":{\"@id\":\"https:\/\/www.polisrecreio.com.br\/site\/#\/schema\/person\/3363c1c78e1e28e1329d97adb387638e\"},\"inLanguage\":\"pt-BR\",\"potentialAction\":[{\"@type\":\"ReadAction\",\"target\":[\"http:\/\/www.polisrecreio.com.br\/site\/2017\/06\/16\/prefeito-de-recreio-recebe-homenageado-da-32a-corrida-de-santo-higino\/\"]}]},{\"@type\":\"Person\",\"@id\":\"https:\/\/www.polisrecreio.com.br\/site\/#\/schema\/person\/3363c1c78e1e28e1329d97adb387638e\",\"name\":\"Leonardo Ribeiro\",\"image\":{\"@type\":\"ImageObject\",\"@id\":\"https:\/\/www.polisrecreio.com.br\/site\/#personlogo\",\"inLanguage\":\"pt-BR\",\"url\":\"https:\/\/secure.gravatar.com\/avatar\/6ba92a37d621e1a83e23710251178a12?s=96&d=mm&r=g\",\"caption\":\"Leonardo Ribeiro\"},\"sameAs\":[\"http:\/\/www.polisrecreio.com.br\"]}]}<\/script>\n<!-- \/ Yoast SEO plugin. -->","_links":{"self":[{"href":"https:\/\/www.polisrecreio.com.br\/site\/wp-json\/wp\/v2\/posts\/5901"}],"collection":[{"href":"https:\/\/www.polisrecreio.com.br\/site\/wp-json\/wp\/v2\/posts"}],"about":[{"href":"https:\/\/www.polisrecreio.com.br\/site\/wp-json\/wp\/v2\/types\/post"}],"author":[{"embeddable":true,"href":"https:\/\/www.polisrecreio.com.br\/site\/wp-json\/wp\/v2\/users\/3"}],"replies":[{"embeddable":true,"href":"https:\/\/www.polisrecreio.com.br\/site\/wp-json\/wp\/v2\/comments?post=5901"}],"version-history":[{"count":5,"href":"https:\/\/www.polisrecreio.com.br\/site\/wp-json\/wp\/v2\/posts\/5901\/revisions"}],"predecessor-version":[{"id":5908,"href":"https:\/\/www.polisrecreio.com.br\/site\/wp-json\/wp\/v2\/posts\/5901\/revisions\/5908"}],"wp:featuredmedia":[{"embeddable":true,"href":"https:\/\/www.polisrecreio.com.br\/site\/wp-json\/wp\/v2\/media\/5902"}],"wp:attachment":[{"href":"https:\/\/www.polisrecreio.com.br\/site\/wp-json\/wp\/v2\/media?parent=5901"}],"wp:term":[{"taxonomy":"category","embeddable":true,"href":"https:\/\/www.polisrecreio.com.br\/site\/wp-json\/wp\/v2\/categories?post=5901"},{"taxonomy":"post_tag","embeddable":true,"href":"https:\/\/www.polisrecreio.com.br\/site\/wp-json\/wp\/v2\/tags?post=5901"}],"curies":[{"name":"wp","href":"https:\/\/api.w.org\/{rel}","templated":true}]}}