{"id":5909,"date":"2017-06-19T14:45:54","date_gmt":"2017-06-19T17:45:54","guid":{"rendered":"http:\/\/www.polisrecreio.com.br\/site\/?p=5909"},"modified":"2017-06-19T14:45:54","modified_gmt":"2017-06-19T17:45:54","slug":"32a-corrida-de-santo-higino-uma-edicao-historica","status":"publish","type":"post","link":"https:\/\/www.polisrecreio.com.br\/site\/2017\/06\/19\/32a-corrida-de-santo-higino-uma-edicao-historica\/","title":{"rendered":"32\u00aa Corrida de Santo Higino: uma edi\u00e7\u00e3o hist\u00f3rica"},"content":{"rendered":"<p style=\"text-align: justify;\">A 32\u00aa edi\u00e7\u00e3o da Corrida de Santo Higino \u201cTrof\u00e9u Pedro Dorigo\u201d realizada em Recreio no \u00faltimo s\u00e1bado (17) entrou para a hist\u00f3ria do tradicional evento esportivo. A marca do evento esportivo foi a organiza\u00e7\u00e3o. Houve tamb\u00e9m homenagens e quebra de recorde.<\/p>\n<p style=\"text-align: justify;\"><!--more--><\/p>\n<figure id=\"attachment_5910\" aria-describedby=\"caption-attachment-5910\" style=\"width: 750px\" class=\"wp-caption aligncenter\"><a href=\"http:\/\/www.polisrecreio.com.br\/site\/wp-content\/uploads\/2017\/06\/corrida16.jpg\"><img loading=\"lazy\" class=\"size-full wp-image-5910\" src=\"http:\/\/www.polisrecreio.com.br\/site\/wp-content\/uploads\/2017\/06\/corrida16.jpg\" alt=\"Atletas na largada em Concei\u00e7\u00e3o da Boa Vista.\" width=\"750\" height=\"501\" srcset=\"https:\/\/www.polisrecreio.com.br\/site\/wp-content\/uploads\/2017\/06\/corrida16.jpg 750w, https:\/\/www.polisrecreio.com.br\/site\/wp-content\/uploads\/2017\/06\/corrida16-300x200.jpg 300w\" sizes=\"(max-width: 750px) 100vw, 750px\" \/><\/a><figcaption id=\"caption-attachment-5910\" class=\"wp-caption-text\">Atletas na largada em Concei\u00e7\u00e3o da Boa Vista.<\/figcaption><\/figure>\n<p style=\"text-align: justify;\">De maneira impec\u00e1vel a Corrida de 2017 recebeu uma organiza\u00e7\u00e3o nunca antes vista, com palco condizente com evento, grades de prote\u00e7\u00e3o na chegada, equipe de apoio e premia\u00e7\u00f5es diversas.<\/p>\n<p style=\"text-align: justify;\">\u201cEste ano a nossa ideia era resgatar a competi\u00e7\u00e3o e hoje podemos falar que conseguimos gra\u00e7as ao empenho de todos os colaboradores\u201d, disse o secret\u00e1rio de Esportes Leandro Ferreira Medeiros \u201cLeo Medeiros\u201d, que no dia do evento perdeu a m\u00e3e e emocionou-se com a homenagem recebida por todos os participantes antes das premia\u00e7\u00f5es.<\/p>\n<p style=\"text-align: justify;\">O outro homenageado foi Pedro Dorigo, um dos criadores do evento esportivo em 1981 ao lado dos amigos do Bloco do Papel Higi\u00eanico. Pedro recebeu das m\u00e3os do prefeito Z\u00e9 Maria Barros e do secret\u00e1rio de Esportes um trof\u00e9u.<\/p>\n<p style=\"text-align: justify;\">Um dos recordes da Corrida que durava 15 anos foi quebrado nesta edi\u00e7\u00e3o. No trajeto Concei\u00e7\u00e3o-Recreio, 4,8 km, o atleta de Juiz de Fora,\u00a0Fl\u00e1vio Carvalho Stumpf, conseguiu 13&#8242; 40&#8221; e derrubou a marca anterior de\u00a0Fernando Silvio dos Santos, de Guarani\/MG, de 14\u2019 01\u2019\u2019 conquistada em 2002. O recorde feminino est\u00e1 mantido, ele \u00e9 da juizforana,\u00a0Andrileia do Carmo Souza, conquistado em 2004 em 16\u2019 49\u2019.<\/p>\n<figure id=\"attachment_5911\" aria-describedby=\"caption-attachment-5911\" style=\"width: 750px\" class=\"wp-caption aligncenter\"><a href=\"http:\/\/www.polisrecreio.com.br\/site\/wp-content\/uploads\/2017\/06\/corrida26.jpg\"><img loading=\"lazy\" class=\"size-full wp-image-5911\" src=\"http:\/\/www.polisrecreio.com.br\/site\/wp-content\/uploads\/2017\/06\/corrida26.jpg\" alt=\"Pedro Dorigo e o prefeito Z\u00e9 Maria Barros com o novo recordista ao centro.\" width=\"750\" height=\"563\" srcset=\"https:\/\/www.polisrecreio.com.br\/site\/wp-content\/uploads\/2017\/06\/corrida26.jpg 750w, https:\/\/www.polisrecreio.com.br\/site\/wp-content\/uploads\/2017\/06\/corrida26-300x225.jpg 300w\" sizes=\"(max-width: 750px) 100vw, 750px\" \/><\/a><figcaption id=\"caption-attachment-5911\" class=\"wp-caption-text\">Pedro Dorigo e o prefeito Z\u00e9 Maria Barros com o novo recordista ao centro.<\/figcaption><\/figure>\n<p style=\"text-align: justify;\">A competi\u00e7\u00e3o deste ano contou com mais de 400 atletas de Recreio, cidades da regi\u00e3o da zona da mata, do estado do Rio de Janeiro e do Esp\u00edrito Santo.<\/p>\n<p><strong>Confira os vencedores da Santo Higino 2017<\/strong><\/p>\n<p><strong>Trajetos Cidade<\/strong><\/p>\n<p>Categoria 5 a 8 anos \u2013 Pr\u00eamios: Caixa de som USB<\/p>\n<p style=\"text-align: justify;\">Masculino:<\/p>\n<ul>\n<li style=\"text-align: justify;\">1\u00ba Keven Luciano Marinho \u2013 E.M Jo\u00e3o Damasceno Ferreira<\/li>\n<li style=\"text-align: justify;\">2\u00ba Gabriel Gouvea de Oliveira \u2013 E.M Prof\u00aa Nice D. A Muniz<\/li>\n<li style=\"text-align: justify;\">3\u00ba Erick Silva Mattos \u2013 E.M Jo\u00e3o Damasceno Ferreira<\/li>\n<\/ul>\n<figure id=\"attachment_5912\" aria-describedby=\"caption-attachment-5912\" style=\"width: 750px\" class=\"wp-caption aligncenter\"><a href=\"http:\/\/www.polisrecreio.com.br\/site\/wp-content\/uploads\/2017\/06\/corrida15.jpg\"><img loading=\"lazy\" class=\"size-full wp-image-5912\" src=\"http:\/\/www.polisrecreio.com.br\/site\/wp-content\/uploads\/2017\/06\/corrida15.jpg\" alt=\"Prefeito e o diretor do SAAE, Dutinha, entregando pr\u00eamios de 5 a 8 anos.\" width=\"750\" height=\"563\" srcset=\"https:\/\/www.polisrecreio.com.br\/site\/wp-content\/uploads\/2017\/06\/corrida15.jpg 750w, https:\/\/www.polisrecreio.com.br\/site\/wp-content\/uploads\/2017\/06\/corrida15-300x225.jpg 300w\" sizes=\"(max-width: 750px) 100vw, 750px\" \/><\/a><figcaption id=\"caption-attachment-5912\" class=\"wp-caption-text\">Prefeito e o diretor do SAAE, Dutinha, entregando pr\u00eamios de 5 a 8 anos.<\/figcaption><\/figure>\n<p>Feminino<\/p>\n<ul>\n<li>1\u00b0 Echillen Eduarda Carvalho \u2013 E.M Jo\u00e3o Damasceno Ferreira<\/li>\n<li>2\u00b0Helo\u00e1 Coutinho da Silva \u2013 E.M Prof\u00aa Nice D. A Muniz<\/li>\n<li>3\u00b0 Maria Eduarda Ponciano \u2013 E.M Prof\u00aa Nice D. A Muniz<\/li>\n<\/ul>\n<figure id=\"attachment_5913\" aria-describedby=\"caption-attachment-5913\" style=\"width: 750px\" class=\"wp-caption aligncenter\"><a href=\"http:\/\/www.polisrecreio.com.br\/site\/wp-content\/uploads\/2017\/06\/corrida14.jpg\"><img loading=\"lazy\" class=\"size-full wp-image-5913\" src=\"http:\/\/www.polisrecreio.com.br\/site\/wp-content\/uploads\/2017\/06\/corrida14.jpg\" alt=\"Prefeito e o secret\u00e1rio Jo\u00e3o Guilherme entregando pr\u00eamios de 5 a 8 anos.\" width=\"750\" height=\"563\" srcset=\"https:\/\/www.polisrecreio.com.br\/site\/wp-content\/uploads\/2017\/06\/corrida14.jpg 750w, https:\/\/www.polisrecreio.com.br\/site\/wp-content\/uploads\/2017\/06\/corrida14-300x225.jpg 300w\" sizes=\"(max-width: 750px) 100vw, 750px\" \/><\/a><figcaption id=\"caption-attachment-5913\" class=\"wp-caption-text\">Prefeito e o secret\u00e1rio Jo\u00e3o Guilherme entregando pr\u00eamios de 5 a 8 anos.<\/figcaption><\/figure>\n<p>Categoria 9 a 12 anos \u2013 Pr\u00eamios: Caixa de som USB<\/p>\n<p>Masculino<\/p>\n<ul>\n<li>1\u00b0 Jonata Alves Frederico \u2013 *********<\/li>\n<li>2\u00ba Warley Carlos Firmo Valverde \u2013 SAAE<\/li>\n<li>3\u00b0 Arthur Talarico \u2013 CIC\/Leopoldina<\/li>\n<\/ul>\n<figure id=\"attachment_5914\" aria-describedby=\"caption-attachment-5914\" style=\"width: 750px\" class=\"wp-caption aligncenter\"><a href=\"http:\/\/www.polisrecreio.com.br\/site\/wp-content\/uploads\/2017\/06\/corrida13.jpg\"><img loading=\"lazy\" class=\"size-full wp-image-5914\" src=\"http:\/\/www.polisrecreio.com.br\/site\/wp-content\/uploads\/2017\/06\/corrida13.jpg\" alt=\"Prefeito e o presidente da C\u00e2mara, Paulinho, entregando pr\u00eamios de 9 a 12 anos.\" width=\"750\" height=\"563\" srcset=\"https:\/\/www.polisrecreio.com.br\/site\/wp-content\/uploads\/2017\/06\/corrida13.jpg 750w, https:\/\/www.polisrecreio.com.br\/site\/wp-content\/uploads\/2017\/06\/corrida13-300x225.jpg 300w\" sizes=\"(max-width: 750px) 100vw, 750px\" \/><\/a><figcaption id=\"caption-attachment-5914\" class=\"wp-caption-text\">Prefeito e o presidente da C\u00e2mara, Paulinho, entregando pr\u00eamios de 9 a 12 anos.<\/figcaption><\/figure>\n<p>Feminino<\/p>\n<ul>\n<li>1\u00b0 Isadora C\u00e2ndido de Oliveira \u2013 E.M Jo\u00e3o Damasceno Ferreira<\/li>\n<li>2\u00b0 Mariana Muniz F. Soares \u2013 E.M Prof\u00aa Nice D. A Muniz<\/li>\n<li>3\u00b0 Ana Luiza Fagundes da Cruz \u2013 E.E Carlos Luz<\/li>\n<\/ul>\n<figure id=\"attachment_5915\" aria-describedby=\"caption-attachment-5915\" style=\"width: 750px\" class=\"wp-caption aligncenter\"><a href=\"http:\/\/www.polisrecreio.com.br\/site\/wp-content\/uploads\/2017\/06\/corrida12.jpg\"><img loading=\"lazy\" class=\"size-full wp-image-5915\" src=\"http:\/\/www.polisrecreio.com.br\/site\/wp-content\/uploads\/2017\/06\/corrida12.jpg\" alt=\"Prefeito e o presidente da C\u00e2mara, Paulinho, entregando pr\u00eamios de 9 a 12 anos.\" width=\"750\" height=\"563\" srcset=\"https:\/\/www.polisrecreio.com.br\/site\/wp-content\/uploads\/2017\/06\/corrida12.jpg 750w, https:\/\/www.polisrecreio.com.br\/site\/wp-content\/uploads\/2017\/06\/corrida12-300x225.jpg 300w\" sizes=\"(max-width: 750px) 100vw, 750px\" \/><\/a><figcaption id=\"caption-attachment-5915\" class=\"wp-caption-text\">Prefeito e o presidente da C\u00e2mara, Paulinho, entregando pr\u00eamios de 9 a 12 anos.<\/figcaption><\/figure>\n<p>Categoria 13 a 16 anos \u2013 Pr\u00eamios: Celular<\/p>\n<p>Masculino<\/p>\n<ul>\n<li>1\u00b0 Martim Luther King Tavares \u2013 IFET\/Campus Rio Pomba<\/li>\n<li>2\u00b0 Ant\u00f4nio Henrique Silva Cunha \u2013 Academia Performace\/Muria\u00e9<\/li>\n<li>3\u00b0 Victor Adriano Queiroz \u2013 E.E Olavo Bilac<\/li>\n<\/ul>\n<figure id=\"attachment_5916\" aria-describedby=\"caption-attachment-5916\" style=\"width: 750px\" class=\"wp-caption aligncenter\"><a href=\"http:\/\/www.polisrecreio.com.br\/site\/wp-content\/uploads\/2017\/06\/corrida11.jpg\"><img loading=\"lazy\" class=\"size-full wp-image-5916\" src=\"http:\/\/www.polisrecreio.com.br\/site\/wp-content\/uploads\/2017\/06\/corrida11.jpg\" alt=\"Prefeito e o vereador Pororoca entregando pr\u00eamios de 9 a 12 anos.\" width=\"750\" height=\"563\" srcset=\"https:\/\/www.polisrecreio.com.br\/site\/wp-content\/uploads\/2017\/06\/corrida11.jpg 750w, https:\/\/www.polisrecreio.com.br\/site\/wp-content\/uploads\/2017\/06\/corrida11-300x225.jpg 300w\" sizes=\"(max-width: 750px) 100vw, 750px\" \/><\/a><figcaption id=\"caption-attachment-5916\" class=\"wp-caption-text\">Prefeito e o vereador Pororoca entregando pr\u00eamios de 13\u00a0a 16 anos.<\/figcaption><\/figure>\n<p>Feminino<\/p>\n<ul>\n<li>1\u00ba Maria Eduarda Lacerda Pimentel \u2013 Academia Flex Gym\/Recreio<\/li>\n<\/ul>\n<figure id=\"attachment_5917\" aria-describedby=\"caption-attachment-5917\" style=\"width: 750px\" class=\"wp-caption aligncenter\"><a href=\"http:\/\/www.polisrecreio.com.br\/site\/wp-content\/uploads\/2017\/06\/corrida10.jpg\"><img loading=\"lazy\" class=\"size-full wp-image-5917\" src=\"http:\/\/www.polisrecreio.com.br\/site\/wp-content\/uploads\/2017\/06\/corrida10.jpg\" alt=\"Prefeito e o vereador Pororoca entregando pr\u00eamios de 13 a 16 anos.\" width=\"750\" height=\"563\" srcset=\"https:\/\/www.polisrecreio.com.br\/site\/wp-content\/uploads\/2017\/06\/corrida10.jpg 750w, https:\/\/www.polisrecreio.com.br\/site\/wp-content\/uploads\/2017\/06\/corrida10-300x225.jpg 300w\" sizes=\"(max-width: 750px) 100vw, 750px\" \/><\/a><figcaption id=\"caption-attachment-5917\" class=\"wp-caption-text\">Prefeito e o vereador Pororoca entregando pr\u00eamios de 13 a 16 anos.<\/figcaption><\/figure>\n<p>Categoria acima de 56 anos<\/p>\n<p>Pr\u00eamios: Microsystem<\/p>\n<p>Masculino<\/p>\n<ul>\n<li>1\u00b0 Sebasti\u00e3o Domingos Teixeira Correa \u2013 Muria\u00e9 Corre Comigo\/Muria\u00e9<\/li>\n<li>2\u00b0 Sebasti\u00e3o de Deus \u2013 Bicas<\/li>\n<li>3\u00b0 Ant\u00f4nio Jos\u00e9 da Cunha \u2013 Academia Center Fit\/Muria\u00e9<\/li>\n<\/ul>\n<figure id=\"attachment_5918\" aria-describedby=\"caption-attachment-5918\" style=\"width: 750px\" class=\"wp-caption aligncenter\"><a href=\"http:\/\/www.polisrecreio.com.br\/site\/wp-content\/uploads\/2017\/06\/corrida9.jpg\"><img loading=\"lazy\" class=\"size-full wp-image-5918\" src=\"http:\/\/www.polisrecreio.com.br\/site\/wp-content\/uploads\/2017\/06\/corrida9.jpg\" alt=\"Prefeito e o gestora do Centro Cultural, Daniela, entregando pr\u00eamios da categoria acima de 55 anos.\" width=\"750\" height=\"563\" srcset=\"https:\/\/www.polisrecreio.com.br\/site\/wp-content\/uploads\/2017\/06\/corrida9.jpg 750w, https:\/\/www.polisrecreio.com.br\/site\/wp-content\/uploads\/2017\/06\/corrida9-300x225.jpg 300w\" sizes=\"(max-width: 750px) 100vw, 750px\" \/><\/a><figcaption id=\"caption-attachment-5918\" class=\"wp-caption-text\">Prefeito e o gestora do Centro Cultural, Daniela, entregando pr\u00eamios da categoria acima de 56 anos.<\/figcaption><\/figure>\n<p>Feminino<\/p>\n<ul>\n<li>1\u00b0 Maria Jos\u00e9 Melo Lacerda \u2013 SAAE<\/li>\n<\/ul>\n<figure id=\"attachment_5919\" aria-describedby=\"caption-attachment-5919\" style=\"width: 750px\" class=\"wp-caption aligncenter\"><a href=\"http:\/\/www.polisrecreio.com.br\/site\/wp-content\/uploads\/2017\/06\/corrida8.jpg\"><img loading=\"lazy\" class=\"size-full wp-image-5919\" src=\"http:\/\/www.polisrecreio.com.br\/site\/wp-content\/uploads\/2017\/06\/corrida8.jpg\" alt=\"Prefeito e o vereador Pororoca entregando pr\u00eamios da categoria acima de 56 anos.\" width=\"750\" height=\"563\" srcset=\"https:\/\/www.polisrecreio.com.br\/site\/wp-content\/uploads\/2017\/06\/corrida8.jpg 750w, https:\/\/www.polisrecreio.com.br\/site\/wp-content\/uploads\/2017\/06\/corrida8-300x225.jpg 300w\" sizes=\"(max-width: 750px) 100vw, 750px\" \/><\/a><figcaption id=\"caption-attachment-5919\" class=\"wp-caption-text\">Prefeito e o vereador Pororoca entregando pr\u00eamios da categoria acima de 56 anos.<\/figcaption><\/figure>\n<p><strong>Trajeto Concei\u00e7\u00e3o-Recreio \u2013 4,8 km<\/strong><\/p>\n<p>Categoria 17 a 40 anos e campe\u00f5es no Geral<\/p>\n<p>Pr\u00eamios: R$ 400 (1\u00ba) \/ R$ 200 (2\u00ba) \/ R$ 100 (3\u00ba)<\/p>\n<p>Masculino<\/p>\n<ul>\n<li>1\u00b0 Fl\u00e1vio Carvalho Stumpf \u2013 Em Forma Academia\/Juiz de Fora \u2013 13\u2019 40\u2019\u2019<\/li>\n<li>2\u00b0 Saulo Martins da Silva \u2013 Academia Center Fit\/Muria\u00e9<\/li>\n<li>3\u00b0 Anderson Henrique Silva Cunha \u2013 Muria\u00e9<\/li>\n<\/ul>\n<figure id=\"attachment_5921\" aria-describedby=\"caption-attachment-5921\" style=\"width: 750px\" class=\"wp-caption aligncenter\"><a href=\"http:\/\/www.polisrecreio.com.br\/site\/wp-content\/uploads\/2017\/06\/corrida2.jpg\"><img loading=\"lazy\" class=\"size-full wp-image-5921\" src=\"http:\/\/www.polisrecreio.com.br\/site\/wp-content\/uploads\/2017\/06\/corrida2.jpg\" alt=\"Prefeito Z\u00e9 Maria, Pedro Dorigo e o secret\u00e1rio de Esportes entregando pr\u00eamios da categoria 17 a 40 anos e campe\u00f5es no geral.\" width=\"750\" height=\"563\" srcset=\"https:\/\/www.polisrecreio.com.br\/site\/wp-content\/uploads\/2017\/06\/corrida2.jpg 750w, https:\/\/www.polisrecreio.com.br\/site\/wp-content\/uploads\/2017\/06\/corrida2-300x225.jpg 300w\" sizes=\"(max-width: 750px) 100vw, 750px\" \/><\/a><figcaption id=\"caption-attachment-5921\" class=\"wp-caption-text\">Leo Medeiros, Pedro Dorigo e Z\u00e9 Maria Barros entregando pr\u00eamios da categoria 17 a 40 anos e campe\u00f5es no geral.<\/figcaption><\/figure>\n<p>Feminino<\/p>\n<ul>\n<li>1\u00b0 Aline da Silva Braga \u2013 Em Forma Academia\/Juiz de Fora \u2013 19\u2019 19\u2019\u2019<\/li>\n<li>2\u00b0 Gerlane Alves Barbosa \u2013 Marata\u00edzes\/ES<\/li>\n<li>3\u00b0 Elaine Cristina Anast\u00e1cio \u2013 Academia Perfomance\/Muria\u00e9<\/li>\n<\/ul>\n<figure id=\"attachment_5920\" aria-describedby=\"caption-attachment-5920\" style=\"width: 750px\" class=\"wp-caption aligncenter\"><a href=\"http:\/\/www.polisrecreio.com.br\/site\/wp-content\/uploads\/2017\/06\/corrida3.jpg\"><img loading=\"lazy\" class=\"size-full wp-image-5920\" src=\"http:\/\/www.polisrecreio.com.br\/site\/wp-content\/uploads\/2017\/06\/corrida3.jpg\" alt=\"Leo Medeiros, Pedro Dorigo e Z\u00e9 Maria Barros entregando pr\u00eamios da categoria 17 a 40 anos e campe\u00f5es no ge\" width=\"750\" height=\"563\" srcset=\"https:\/\/www.polisrecreio.com.br\/site\/wp-content\/uploads\/2017\/06\/corrida3.jpg 750w, https:\/\/www.polisrecreio.com.br\/site\/wp-content\/uploads\/2017\/06\/corrida3-300x225.jpg 300w\" sizes=\"(max-width: 750px) 100vw, 750px\" \/><\/a><figcaption id=\"caption-attachment-5920\" class=\"wp-caption-text\">Z\u00e9 Maria Barros, Pedro Dorigo e Leo Medeiros\u00a0entregando pr\u00eamios da categoria 17 a 40 anos e campe\u00f5es no geral.<\/figcaption><\/figure>\n<p>Categoria 41 a 55 anos<\/p>\n<p>Masculino<\/p>\n<ul>\n<li>1\u00b0 Nilton C\u00e9sar Cunha \u2013 Muria\u00e9 Corre Comigo\/Muria\u00e9<\/li>\n<li>2\u00b0 C\u00e9sar Constant da Silva \u2013 R\u00e1dio Feliz de P\u00e1dua\/Pirapetinga<\/li>\n<li>3\u00b0 Jos\u00e9 Eduardo Dias \u2013 Vem Correr JF\/Leopoldina<\/li>\n<\/ul>\n<figure id=\"attachment_5922\" aria-describedby=\"caption-attachment-5922\" style=\"width: 750px\" class=\"wp-caption aligncenter\"><a href=\"http:\/\/www.polisrecreio.com.br\/site\/wp-content\/uploads\/2017\/06\/corrida5.jpg\"><img loading=\"lazy\" class=\"size-full wp-image-5922\" src=\"http:\/\/www.polisrecreio.com.br\/site\/wp-content\/uploads\/2017\/06\/corrida5.jpg\" alt=\"Prefeito e secret\u00e1rio Jo\u00e3o Guilherme entregando pr\u00eamios da categoria 41 a 55 anos.\" width=\"750\" height=\"563\" srcset=\"https:\/\/www.polisrecreio.com.br\/site\/wp-content\/uploads\/2017\/06\/corrida5.jpg 750w, https:\/\/www.polisrecreio.com.br\/site\/wp-content\/uploads\/2017\/06\/corrida5-300x225.jpg 300w\" sizes=\"(max-width: 750px) 100vw, 750px\" \/><\/a><figcaption id=\"caption-attachment-5922\" class=\"wp-caption-text\">Prefeito e secret\u00e1rio Jo\u00e3o Guilherme entregando pr\u00eamios da categoria 41 a 55 anos.<\/figcaption><\/figure>\n<p>Feminino<\/p>\n<ul>\n<li>1\u00b0 Silvane Aparecida da Silva Fonseca \u2013 Muria\u00e9 Corre Comigo\/Muria\u00e9<\/li>\n<li>2\u00b0 Maria Aparecida de Pereira Carneiro \u2013 Performance Academia\/Muria\u00e9<\/li>\n<li>3\u00b0 Simone Martins Gomes Muniz \u2013 Performance Academia\/Muria\u00e9<\/li>\n<\/ul>\n<figure id=\"attachment_5923\" aria-describedby=\"caption-attachment-5923\" style=\"width: 750px\" class=\"wp-caption aligncenter\"><a href=\"http:\/\/www.polisrecreio.com.br\/site\/wp-content\/uploads\/2017\/06\/corrida4.jpg\"><img loading=\"lazy\" class=\"size-full wp-image-5923\" src=\"http:\/\/www.polisrecreio.com.br\/site\/wp-content\/uploads\/2017\/06\/corrida4.jpg\" alt=\"Prefeito e secret\u00e1rio Jo\u00e3o Guilherme entregando pr\u00eamios da categoria 41 a 55 anos.\" width=\"750\" height=\"563\" srcset=\"https:\/\/www.polisrecreio.com.br\/site\/wp-content\/uploads\/2017\/06\/corrida4.jpg 750w, https:\/\/www.polisrecreio.com.br\/site\/wp-content\/uploads\/2017\/06\/corrida4-300x225.jpg 300w\" sizes=\"(max-width: 750px) 100vw, 750px\" \/><\/a><figcaption id=\"caption-attachment-5923\" class=\"wp-caption-text\">Prefeito e secret\u00e1rio Jo\u00e3o Guilherme entregando pr\u00eamios da categoria 41 a 55 anos.<\/figcaption><\/figure>\n<p>Melhor Recreiense no Geral<\/p>\n<p>Pr\u00eamio: R$ 100 (1\u00ba) \/ Caixa de som USB (2\u00ba) \/ R$ 50 (3\u00ba)<\/p>\n<p>Masculino<\/p>\n<ul>\n<li>1\u00b0Ivan C\u00e2ndido de Oliveira \u2013 18\u2019 50\u2019\u2019 \u2013 SAAE<\/li>\n<li>2\u00b0 Geovane de Gouvea Ferreira \u2013 Academia Flex Gym\/Recreio<\/li>\n<li>3\u00b0 Lucas de Paula Francisco \u2013 Ideal Esporte Clube<\/li>\n<\/ul>\n<figure id=\"attachment_5924\" aria-describedby=\"caption-attachment-5924\" style=\"width: 750px\" class=\"wp-caption aligncenter\"><a href=\"http:\/\/www.polisrecreio.com.br\/site\/wp-content\/uploads\/2017\/06\/corrida7.jpg\"><img loading=\"lazy\" class=\"size-full wp-image-5924\" src=\"http:\/\/www.polisrecreio.com.br\/site\/wp-content\/uploads\/2017\/06\/corrida7.jpg\" alt=\"Prefeito e diretor do SAAE, Dutinha, entregando pr\u00eamios aos melhores de Recreio.\" width=\"750\" height=\"563\" srcset=\"https:\/\/www.polisrecreio.com.br\/site\/wp-content\/uploads\/2017\/06\/corrida7.jpg 750w, https:\/\/www.polisrecreio.com.br\/site\/wp-content\/uploads\/2017\/06\/corrida7-300x225.jpg 300w\" sizes=\"(max-width: 750px) 100vw, 750px\" \/><\/a><figcaption id=\"caption-attachment-5924\" class=\"wp-caption-text\">Prefeito e diretor do SAAE, Dutinha, entregando pr\u00eamios aos melhores de Recreio.<\/figcaption><\/figure>\n<p>Feminino<\/p>\n<ul>\n<li>1\u00b0 Adriana de Gouvea Ferreira da Silva-24\u2019 55\u2019\u2019 \u2013 Academia Flex Gym\/Recreio<\/li>\n<li>2\u00b0 Taiana de Gouvea Ferreira \u2013 Academia Flex Gym\/Recreio<\/li>\n<li>3\u00b0 Maria Eduarda Lacerda Pimentel \u2013 Academia Flex Gym\/Recreio<\/li>\n<\/ul>\n<figure id=\"attachment_5925\" aria-describedby=\"caption-attachment-5925\" style=\"width: 750px\" class=\"wp-caption aligncenter\"><a href=\"http:\/\/www.polisrecreio.com.br\/site\/wp-content\/uploads\/2017\/06\/corrida6.jpg\"><img loading=\"lazy\" class=\"size-full wp-image-5925\" src=\"http:\/\/www.polisrecreio.com.br\/site\/wp-content\/uploads\/2017\/06\/corrida6.jpg\" alt=\"Prefeito e o presidente da C\u00e2mara, Paulinho, entregando pr\u00eamios aos melhores de Recreio.\" width=\"750\" height=\"563\" srcset=\"https:\/\/www.polisrecreio.com.br\/site\/wp-content\/uploads\/2017\/06\/corrida6.jpg 750w, https:\/\/www.polisrecreio.com.br\/site\/wp-content\/uploads\/2017\/06\/corrida6-300x225.jpg 300w\" sizes=\"(max-width: 750px) 100vw, 750px\" \/><\/a><figcaption id=\"caption-attachment-5925\" class=\"wp-caption-text\">Prefeito e o presidente da C\u00e2mara, Paulinho, entregando pr\u00eamios aos melhores de Recreio.<\/figcaption><\/figure>\n<p>Veja mais imagens da 32\u00aa Corrida de Santo Higino<\/p>\n<figure id=\"attachment_5926\" aria-describedby=\"caption-attachment-5926\" style=\"width: 750px\" class=\"wp-caption aligncenter\"><a href=\"http:\/\/www.polisrecreio.com.br\/site\/wp-content\/uploads\/2017\/06\/corrida1.jpg\"><img loading=\"lazy\" class=\"size-full wp-image-5926\" src=\"http:\/\/www.polisrecreio.com.br\/site\/wp-content\/uploads\/2017\/06\/corrida1.jpg\" alt=\"Pedro Dorigo sendo homenageado.\" width=\"750\" height=\"563\" srcset=\"https:\/\/www.polisrecreio.com.br\/site\/wp-content\/uploads\/2017\/06\/corrida1.jpg 750w, https:\/\/www.polisrecreio.com.br\/site\/wp-content\/uploads\/2017\/06\/corrida1-300x225.jpg 300w\" sizes=\"(max-width: 750px) 100vw, 750px\" \/><\/a><figcaption id=\"caption-attachment-5926\" class=\"wp-caption-text\">Pedro Dorigo sendo homenageado.<\/figcaption><\/figure>\n<figure id=\"attachment_5927\" aria-describedby=\"caption-attachment-5927\" style=\"width: 750px\" class=\"wp-caption aligncenter\"><a href=\"http:\/\/www.polisrecreio.com.br\/site\/wp-content\/uploads\/2017\/06\/corrida28.jpg\"><img loading=\"lazy\" class=\"size-full wp-image-5927\" src=\"http:\/\/www.polisrecreio.com.br\/site\/wp-content\/uploads\/2017\/06\/corrida28.jpg\" alt=\"Pedro Dorigo falando ao p\u00fablico.\" width=\"750\" height=\"563\" srcset=\"https:\/\/www.polisrecreio.com.br\/site\/wp-content\/uploads\/2017\/06\/corrida28.jpg 750w, https:\/\/www.polisrecreio.com.br\/site\/wp-content\/uploads\/2017\/06\/corrida28-300x225.jpg 300w\" sizes=\"(max-width: 750px) 100vw, 750px\" \/><\/a><figcaption id=\"caption-attachment-5927\" class=\"wp-caption-text\">Pedro Dorigo falando ao p\u00fablico.<\/figcaption><\/figure>\n<figure id=\"attachment_5928\" aria-describedby=\"caption-attachment-5928\" style=\"width: 750px\" class=\"wp-caption aligncenter\"><a href=\"http:\/\/www.polisrecreio.com.br\/site\/wp-content\/uploads\/2017\/06\/corrida29.jpg\"><img loading=\"lazy\" class=\"size-full wp-image-5928\" src=\"http:\/\/www.polisrecreio.com.br\/site\/wp-content\/uploads\/2017\/06\/corrida29.jpg\" alt=\"Prefeito Z\u00e9 Maria Barros falando ao p\u00fablico.\" width=\"750\" height=\"563\" srcset=\"https:\/\/www.polisrecreio.com.br\/site\/wp-content\/uploads\/2017\/06\/corrida29.jpg 750w, https:\/\/www.polisrecreio.com.br\/site\/wp-content\/uploads\/2017\/06\/corrida29-300x225.jpg 300w\" sizes=\"(max-width: 750px) 100vw, 750px\" \/><\/a><figcaption id=\"caption-attachment-5928\" class=\"wp-caption-text\">Prefeito Z\u00e9 Maria Barros falando ao p\u00fablico.<\/figcaption><\/figure>\n<figure id=\"attachment_5929\" aria-describedby=\"caption-attachment-5929\" style=\"width: 750px\" class=\"wp-caption aligncenter\"><a href=\"http:\/\/www.polisrecreio.com.br\/site\/wp-content\/uploads\/2017\/06\/corrida27.jpg\"><img loading=\"lazy\" class=\"size-full wp-image-5929\" src=\"http:\/\/www.polisrecreio.com.br\/site\/wp-content\/uploads\/2017\/06\/corrida27.jpg\" alt=\"Organizadores e amigos na Santo Higino.\" width=\"750\" height=\"563\" srcset=\"https:\/\/www.polisrecreio.com.br\/site\/wp-content\/uploads\/2017\/06\/corrida27.jpg 750w, https:\/\/www.polisrecreio.com.br\/site\/wp-content\/uploads\/2017\/06\/corrida27-300x225.jpg 300w\" sizes=\"(max-width: 750px) 100vw, 750px\" \/><\/a><figcaption id=\"caption-attachment-5929\" class=\"wp-caption-text\">Organizadores e amigos na Santo Higino.<\/figcaption><\/figure>\n<figure id=\"attachment_5930\" aria-describedby=\"caption-attachment-5930\" style=\"width: 750px\" class=\"wp-caption aligncenter\"><a href=\"http:\/\/www.polisrecreio.com.br\/site\/wp-content\/uploads\/2017\/06\/corrida19.jpg\"><img loading=\"lazy\" class=\"size-full wp-image-5930\" src=\"http:\/\/www.polisrecreio.com.br\/site\/wp-content\/uploads\/2017\/06\/corrida19.jpg\" alt=\"Equipe do SAAE de Recreio.\" width=\"750\" height=\"563\" srcset=\"https:\/\/www.polisrecreio.com.br\/site\/wp-content\/uploads\/2017\/06\/corrida19.jpg 750w, https:\/\/www.polisrecreio.com.br\/site\/wp-content\/uploads\/2017\/06\/corrida19-300x225.jpg 300w\" sizes=\"(max-width: 750px) 100vw, 750px\" \/><\/a><figcaption id=\"caption-attachment-5930\" class=\"wp-caption-text\">Equipe do SAAE de Recreio.<\/figcaption><\/figure>\n<figure id=\"attachment_5931\" aria-describedby=\"caption-attachment-5931\" style=\"width: 750px\" class=\"wp-caption aligncenter\"><a href=\"http:\/\/www.polisrecreio.com.br\/site\/wp-content\/uploads\/2017\/06\/corrida18.jpg\"><img loading=\"lazy\" class=\"size-full wp-image-5931\" src=\"http:\/\/www.polisrecreio.com.br\/site\/wp-content\/uploads\/2017\/06\/corrida18.jpg\" alt=\"Vista do palco.\" width=\"750\" height=\"563\" srcset=\"https:\/\/www.polisrecreio.com.br\/site\/wp-content\/uploads\/2017\/06\/corrida18.jpg 750w, https:\/\/www.polisrecreio.com.br\/site\/wp-content\/uploads\/2017\/06\/corrida18-300x225.jpg 300w\" sizes=\"(max-width: 750px) 100vw, 750px\" \/><\/a><figcaption id=\"caption-attachment-5931\" class=\"wp-caption-text\">Vista do palco.<\/figcaption><\/figure>\n<figure id=\"attachment_5932\" aria-describedby=\"caption-attachment-5932\" style=\"width: 750px\" class=\"wp-caption aligncenter\"><a href=\"http:\/\/www.polisrecreio.com.br\/site\/wp-content\/uploads\/2017\/06\/corrida20.jpg\"><img loading=\"lazy\" class=\"size-full wp-image-5932\" src=\"http:\/\/www.polisrecreio.com.br\/site\/wp-content\/uploads\/2017\/06\/corrida20.jpg\" alt=\"Garotada correndo.\" width=\"750\" height=\"563\" srcset=\"https:\/\/www.polisrecreio.com.br\/site\/wp-content\/uploads\/2017\/06\/corrida20.jpg 750w, https:\/\/www.polisrecreio.com.br\/site\/wp-content\/uploads\/2017\/06\/corrida20-300x225.jpg 300w\" sizes=\"(max-width: 750px) 100vw, 750px\" \/><\/a><figcaption id=\"caption-attachment-5932\" class=\"wp-caption-text\">Garotada correndo.<\/figcaption><\/figure>\n<figure id=\"attachment_5933\" aria-describedby=\"caption-attachment-5933\" style=\"width: 750px\" class=\"wp-caption aligncenter\"><a href=\"http:\/\/www.polisrecreio.com.br\/site\/wp-content\/uploads\/2017\/06\/corrida21.jpg\"><img loading=\"lazy\" class=\"size-full wp-image-5933\" src=\"http:\/\/www.polisrecreio.com.br\/site\/wp-content\/uploads\/2017\/06\/corrida21.jpg\" alt=\"Competi\u00e7\u00e3o da garotada.\" width=\"750\" height=\"563\" srcset=\"https:\/\/www.polisrecreio.com.br\/site\/wp-content\/uploads\/2017\/06\/corrida21.jpg 750w, https:\/\/www.polisrecreio.com.br\/site\/wp-content\/uploads\/2017\/06\/corrida21-300x225.jpg 300w\" sizes=\"(max-width: 750px) 100vw, 750px\" \/><\/a><figcaption id=\"caption-attachment-5933\" class=\"wp-caption-text\">Competi\u00e7\u00e3o da garotada.<\/figcaption><\/figure>\n<figure id=\"attachment_5934\" aria-describedby=\"caption-attachment-5934\" style=\"width: 750px\" class=\"wp-caption aligncenter\"><a href=\"http:\/\/www.polisrecreio.com.br\/site\/wp-content\/uploads\/2017\/06\/corrida22.jpg\"><img loading=\"lazy\" class=\"size-full wp-image-5934\" src=\"http:\/\/www.polisrecreio.com.br\/site\/wp-content\/uploads\/2017\/06\/corrida22.jpg\" alt=\"Largada em Concei\u00e7\u00e3o da Boa Vista.\" width=\"750\" height=\"563\" srcset=\"https:\/\/www.polisrecreio.com.br\/site\/wp-content\/uploads\/2017\/06\/corrida22.jpg 750w, https:\/\/www.polisrecreio.com.br\/site\/wp-content\/uploads\/2017\/06\/corrida22-300x225.jpg 300w\" sizes=\"(max-width: 750px) 100vw, 750px\" \/><\/a><figcaption id=\"caption-attachment-5934\" class=\"wp-caption-text\">Largada em Concei\u00e7\u00e3o da Boa Vista.<\/figcaption><\/figure>\n<figure id=\"attachment_5935\" aria-describedby=\"caption-attachment-5935\" style=\"width: 750px\" class=\"wp-caption aligncenter\"><a href=\"http:\/\/www.polisrecreio.com.br\/site\/wp-content\/uploads\/2017\/06\/corrida24.jpg\"><img loading=\"lazy\" class=\"size-full wp-image-5935\" src=\"http:\/\/www.polisrecreio.com.br\/site\/wp-content\/uploads\/2017\/06\/corrida24.jpg\" alt=\"Chegada das melhores de Recreio.\" width=\"750\" height=\"563\" srcset=\"https:\/\/www.polisrecreio.com.br\/site\/wp-content\/uploads\/2017\/06\/corrida24.jpg 750w, https:\/\/www.polisrecreio.com.br\/site\/wp-content\/uploads\/2017\/06\/corrida24-300x225.jpg 300w\" sizes=\"(max-width: 750px) 100vw, 750px\" \/><\/a><figcaption id=\"caption-attachment-5935\" class=\"wp-caption-text\">Chegada das melhores de Recreio.<\/figcaption><\/figure>\n<figure id=\"attachment_5936\" aria-describedby=\"caption-attachment-5936\" style=\"width: 750px\" class=\"wp-caption aligncenter\"><a href=\"http:\/\/www.polisrecreio.com.br\/site\/wp-content\/uploads\/2017\/06\/corrida25.jpg\"><img loading=\"lazy\" class=\"size-full wp-image-5936\" src=\"http:\/\/www.polisrecreio.com.br\/site\/wp-content\/uploads\/2017\/06\/corrida25.jpg\" alt=\"Atleta chegando de costas.\" width=\"750\" height=\"563\" srcset=\"https:\/\/www.polisrecreio.com.br\/site\/wp-content\/uploads\/2017\/06\/corrida25.jpg 750w, https:\/\/www.polisrecreio.com.br\/site\/wp-content\/uploads\/2017\/06\/corrida25-300x225.jpg 300w\" sizes=\"(max-width: 750px) 100vw, 750px\" \/><\/a><figcaption id=\"caption-attachment-5936\" class=\"wp-caption-text\">Atleta chegando de costas.<\/figcaption><\/figure>\n<figure id=\"attachment_5937\" aria-describedby=\"caption-attachment-5937\" style=\"width: 750px\" class=\"wp-caption aligncenter\"><a href=\"http:\/\/www.polisrecreio.com.br\/site\/wp-content\/uploads\/2017\/06\/corrida17.jpg\"><img loading=\"lazy\" class=\"size-full wp-image-5937\" src=\"http:\/\/www.polisrecreio.com.br\/site\/wp-content\/uploads\/2017\/06\/corrida17.jpg\" alt=\"P\u00fablico na chegada.\" width=\"750\" height=\"563\" srcset=\"https:\/\/www.polisrecreio.com.br\/site\/wp-content\/uploads\/2017\/06\/corrida17.jpg 750w, https:\/\/www.polisrecreio.com.br\/site\/wp-content\/uploads\/2017\/06\/corrida17-300x225.jpg 300w\" sizes=\"(max-width: 750px) 100vw, 750px\" \/><\/a><figcaption id=\"caption-attachment-5937\" class=\"wp-caption-text\">P\u00fablico na chegada.<\/figcaption><\/figure>\n<figure id=\"attachment_5938\" aria-describedby=\"caption-attachment-5938\" style=\"width: 750px\" class=\"wp-caption aligncenter\"><a href=\"http:\/\/www.polisrecreio.com.br\/site\/wp-content\/uploads\/2017\/06\/corrida23.jpg\"><img loading=\"lazy\" class=\"size-full wp-image-5938\" src=\"http:\/\/www.polisrecreio.com.br\/site\/wp-content\/uploads\/2017\/06\/corrida23.jpg\" alt=\"Fl\u00e1vio Carvalho Stumpf , novo recordista da Santo Higino.\" width=\"750\" height=\"563\" srcset=\"https:\/\/www.polisrecreio.com.br\/site\/wp-content\/uploads\/2017\/06\/corrida23.jpg 750w, https:\/\/www.polisrecreio.com.br\/site\/wp-content\/uploads\/2017\/06\/corrida23-300x225.jpg 300w\" sizes=\"(max-width: 750px) 100vw, 750px\" \/><\/a><figcaption id=\"caption-attachment-5938\" class=\"wp-caption-text\">Fl\u00e1vio Carvalho Stumpf , novo recordista da Santo Higino.<\/figcaption><\/figure>\n","protected":false},"excerpt":{"rendered":"<p>A 32\u00aa edi\u00e7\u00e3o da Corrida de Santo Higino \u201cTrof\u00e9u Pedro Dorigo\u201d realizada em Recreio no \u00faltimo s\u00e1bado (17) entrou para a hist\u00f3ria do tradicional evento esportivo. A marca do evento esportivo foi a organiza\u00e7\u00e3o. Houve tamb\u00e9m homenagens e quebra de recorde.<\/p>\n","protected":false},"author":3,"featured_media":5910,"comment_status":"open","ping_status":"open","sticky":false,"template":"","format":"standard","meta":[],"categories":[4],"tags":[],"yoast_head":"<!-- This site is optimized with the Yoast SEO plugin v15.6.2 - https:\/\/yoast.com\/wordpress\/plugins\/seo\/ -->\n<meta name=\"robots\" content=\"index, follow, max-snippet:-1, max-image-preview:large, max-video-preview:-1\" \/>\n<link rel=\"canonical\" href=\"http:\/\/www.polisrecreio.com.br\/site\/2017\/06\/19\/32a-corrida-de-santo-higino-uma-edicao-historica\/\" \/>\n<meta property=\"og:locale\" content=\"pt_BR\" \/>\n<meta property=\"og:type\" content=\"article\" \/>\n<meta property=\"og:title\" content=\"32\u00aa Corrida de Santo Higino: uma edi\u00e7\u00e3o hist\u00f3rica - P\u00f3lis Recreio\" \/>\n<meta property=\"og:description\" content=\"A 32\u00aa edi\u00e7\u00e3o da Corrida de Santo Higino \u201cTrof\u00e9u Pedro Dorigo\u201d realizada em Recreio no \u00faltimo s\u00e1bado (17) entrou para a hist\u00f3ria do tradicional evento esportivo. A marca do evento esportivo foi a organiza\u00e7\u00e3o. Houve tamb\u00e9m homenagens e quebra de recorde.\" \/>\n<meta property=\"og:url\" content=\"http:\/\/www.polisrecreio.com.br\/site\/2017\/06\/19\/32a-corrida-de-santo-higino-uma-edicao-historica\/\" \/>\n<meta property=\"og:site_name\" content=\"P\u00f3lis Recreio\" \/>\n<meta property=\"article:publisher\" content=\"https:\/\/www.facebook.com\/Site-P%c3%b3lis-Recreio-MG-181941708571019\/\" \/>\n<meta property=\"article:published_time\" content=\"2017-06-19T17:45:54+00:00\" \/>\n<meta property=\"og:image\" content=\"https:\/\/www.polisrecreio.com.br\/site\/wp-content\/uploads\/2017\/06\/corrida16.jpg\" \/>\n\t<meta property=\"og:image:width\" content=\"750\" \/>\n\t<meta property=\"og:image:height\" content=\"501\" \/>\n<meta name=\"twitter:card\" content=\"summary_large_image\" \/>\n<meta name=\"twitter:creator\" content=\"@PolisRecreio\" \/>\n<meta name=\"twitter:site\" content=\"@PolisRecreio\" \/>\n<meta name=\"twitter:label1\" content=\"Est. reading time\">\n\t<meta name=\"twitter:data1\" content=\"6 minutos\">\n<script type=\"application\/ld+json\" class=\"yoast-schema-graph\">{\"@context\":\"https:\/\/schema.org\",\"@graph\":[{\"@type\":\"WebSite\",\"@id\":\"https:\/\/www.polisrecreio.com.br\/site\/#website\",\"url\":\"https:\/\/www.polisrecreio.com.br\/site\/\",\"name\":\"P\\u00f3lis Recreio\",\"description\":\"\",\"potentialAction\":[{\"@type\":\"SearchAction\",\"target\":\"https:\/\/www.polisrecreio.com.br\/site\/?s={search_term_string}\",\"query-input\":\"required name=search_term_string\"}],\"inLanguage\":\"pt-BR\"},{\"@type\":\"ImageObject\",\"@id\":\"http:\/\/www.polisrecreio.com.br\/site\/2017\/06\/19\/32a-corrida-de-santo-higino-uma-edicao-historica\/#primaryimage\",\"inLanguage\":\"pt-BR\",\"url\":\"https:\/\/www.polisrecreio.com.br\/site\/wp-content\/uploads\/2017\/06\/corrida16.jpg\",\"width\":750,\"height\":501,\"caption\":\"Atletas na largada em Concei\\u00e7\\u00e3o da Boa Vista.\"},{\"@type\":\"WebPage\",\"@id\":\"http:\/\/www.polisrecreio.com.br\/site\/2017\/06\/19\/32a-corrida-de-santo-higino-uma-edicao-historica\/#webpage\",\"url\":\"http:\/\/www.polisrecreio.com.br\/site\/2017\/06\/19\/32a-corrida-de-santo-higino-uma-edicao-historica\/\",\"name\":\"32\\u00aa Corrida de Santo Higino: uma edi\\u00e7\\u00e3o hist\\u00f3rica - P\\u00f3lis Recreio\",\"isPartOf\":{\"@id\":\"https:\/\/www.polisrecreio.com.br\/site\/#website\"},\"primaryImageOfPage\":{\"@id\":\"http:\/\/www.polisrecreio.com.br\/site\/2017\/06\/19\/32a-corrida-de-santo-higino-uma-edicao-historica\/#primaryimage\"},\"datePublished\":\"2017-06-19T17:45:54+00:00\",\"dateModified\":\"2017-06-19T17:45:54+00:00\",\"author\":{\"@id\":\"https:\/\/www.polisrecreio.com.br\/site\/#\/schema\/person\/3363c1c78e1e28e1329d97adb387638e\"},\"inLanguage\":\"pt-BR\",\"potentialAction\":[{\"@type\":\"ReadAction\",\"target\":[\"http:\/\/www.polisrecreio.com.br\/site\/2017\/06\/19\/32a-corrida-de-santo-higino-uma-edicao-historica\/\"]}]},{\"@type\":\"Person\",\"@id\":\"https:\/\/www.polisrecreio.com.br\/site\/#\/schema\/person\/3363c1c78e1e28e1329d97adb387638e\",\"name\":\"Leonardo Ribeiro\",\"image\":{\"@type\":\"ImageObject\",\"@id\":\"https:\/\/www.polisrecreio.com.br\/site\/#personlogo\",\"inLanguage\":\"pt-BR\",\"url\":\"https:\/\/secure.gravatar.com\/avatar\/6ba92a37d621e1a83e23710251178a12?s=96&d=mm&r=g\",\"caption\":\"Leonardo Ribeiro\"},\"sameAs\":[\"http:\/\/www.polisrecreio.com.br\"]}]}<\/script>\n<!-- \/ Yoast SEO plugin. -->","_links":{"self":[{"href":"https:\/\/www.polisrecreio.com.br\/site\/wp-json\/wp\/v2\/posts\/5909"}],"collection":[{"href":"https:\/\/www.polisrecreio.com.br\/site\/wp-json\/wp\/v2\/posts"}],"about":[{"href":"https:\/\/www.polisrecreio.com.br\/site\/wp-json\/wp\/v2\/types\/post"}],"author":[{"embeddable":true,"href":"https:\/\/www.polisrecreio.com.br\/site\/wp-json\/wp\/v2\/users\/3"}],"replies":[{"embeddable":true,"href":"https:\/\/www.polisrecreio.com.br\/site\/wp-json\/wp\/v2\/comments?post=5909"}],"version-history":[{"count":1,"href":"https:\/\/www.polisrecreio.com.br\/site\/wp-json\/wp\/v2\/posts\/5909\/revisions"}],"predecessor-version":[{"id":5939,"href":"https:\/\/www.polisrecreio.com.br\/site\/wp-json\/wp\/v2\/posts\/5909\/revisions\/5939"}],"wp:featuredmedia":[{"embeddable":true,"href":"https:\/\/www.polisrecreio.com.br\/site\/wp-json\/wp\/v2\/media\/5910"}],"wp:attachment":[{"href":"https:\/\/www.polisrecreio.com.br\/site\/wp-json\/wp\/v2\/media?parent=5909"}],"wp:term":[{"taxonomy":"category","embeddable":true,"href":"https:\/\/www.polisrecreio.com.br\/site\/wp-json\/wp\/v2\/categories?post=5909"},{"taxonomy":"post_tag","embeddable":true,"href":"https:\/\/www.polisrecreio.com.br\/site\/wp-json\/wp\/v2\/tags?post=5909"}],"curies":[{"name":"wp","href":"https:\/\/api.w.org\/{rel}","templated":true}]}}