{"id":5943,"date":"2017-06-19T22:54:04","date_gmt":"2017-06-20T01:54:04","guid":{"rendered":"http:\/\/www.polisrecreio.com.br\/site\/?p=5943"},"modified":"2017-06-19T22:58:14","modified_gmt":"2017-06-20T01:58:14","slug":"prefeito-de-recreio-consegue-autorizacao-da-camara-para-reparcelar-divida-de-mais-de-r-3-milhoes","status":"publish","type":"post","link":"https:\/\/www.polisrecreio.com.br\/site\/2017\/06\/19\/prefeito-de-recreio-consegue-autorizacao-da-camara-para-reparcelar-divida-de-mais-de-r-3-milhoes\/","title":{"rendered":"Prefeito de Recreio consegue autoriza\u00e7\u00e3o da C\u00e2mara para reparcelar d\u00edvida de mais de R$ 3 milh\u00f5es"},"content":{"rendered":"<p style=\"text-align: justify;\">O prefeito de Recreio, Z\u00e9 Maria Barros, finalmente conseguiu autoriza\u00e7\u00e3o da C\u00e2mara Municipal para reparcelar uma d\u00edvida de mais de R$ 3 milh\u00f5es da Prefeitura junto \u00e0 Fazenda Nacional. O projeto de lei 1.494\/2017 foi aprovado na sess\u00e3o desta segunda-feira (12) com um placar de 5X3.<\/p>\n<p style=\"text-align: justify;\"><!--more--><\/p>\n<figure id=\"attachment_5944\" aria-describedby=\"caption-attachment-5944\" style=\"width: 750px\" class=\"wp-caption aligncenter\"><a href=\"http:\/\/www.polisrecreio.com.br\/site\/wp-content\/uploads\/2017\/06\/camara.jpg\"><img loading=\"lazy\" class=\"size-full wp-image-5944\" src=\"http:\/\/www.polisrecreio.com.br\/site\/wp-content\/uploads\/2017\/06\/camara.jpg\" alt=\"Sess\u00e3o da C\u00e2mara Municipal.\" width=\"750\" height=\"563\" srcset=\"https:\/\/www.polisrecreio.com.br\/site\/wp-content\/uploads\/2017\/06\/camara.jpg 750w, https:\/\/www.polisrecreio.com.br\/site\/wp-content\/uploads\/2017\/06\/camara-300x225.jpg 300w\" sizes=\"(max-width: 750px) 100vw, 750px\" \/><\/a><figcaption id=\"caption-attachment-5944\" class=\"wp-caption-text\">Sess\u00e3o da C\u00e2mara Municipal.<\/figcaption><\/figure>\n<p style=\"text-align: justify;\">O d\u00e9bito refere-se a prazos, valores e condi\u00e7\u00f5es estipuladas pela Medida Provis\u00f3ria n\u00ba 778, de 16 de maio de 2017, que \u201cDisp\u00f5e sobre o parcelamento de d\u00e9bitos junto \u00e0 Fazenda Nacional relativos \u00e0 contribui\u00e7\u00f5es previdenci\u00e1rias de responsabilidade dos Estados, do Distrito Federal e dos Munic\u00edpios\u201d. Segundo o PL o valor da d\u00edvida de Recreio \u00e9 de R$ 3.594.700, referente aos parcelamentos de n\u00ba 611616670, 618552367 e 620486082.<\/p>\n<p style=\"text-align: justify;\">Votaram a favor do projeto os vereadores Chiquinho, Pororoca, Fabr\u00edsio \u201cP\u00e3o Doce, Marcel e Jovane. Contra foram Beto, Leninha e Valma. O vereador Beto exp\u00f4s sua posi\u00e7\u00e3o contr\u00e1ria ao projeto, pois segundo ele faltam informa\u00e7\u00f5es sobre estes parcelamentos, opini\u00e3o seguida pelas vereadoras.<\/p>\n<p style=\"text-align: justify;\">O projeto de lei que poderia ter sido votado j\u00e1 na \u00faltima segunda-feira (12) segue para san\u00e7\u00e3o do prefeito Z\u00e9 Maria Barros.<\/p>\n<p><strong>Tr\u00eas projetos ficaram para quarta-feira<\/strong><\/p>\n<p style=\"text-align: justify;\">Outros tr\u00eas projetos de lei de autoria do executivo ficaram para ser votados na pr\u00f3xima quarta-feira (21). Os vereadores Chiquinho e Pororoca pediram vista para analisarem melhor os projetos, 1.495\/2017, \u201cque pede autoriza\u00e7\u00e3o para abertura de cr\u00e9dito adicional especial no valor de R$ 60.605,39, junto ao or\u00e7amento do SAAE para cobertura de despesas com pagamento de parcelamento de contribui\u00e7\u00f5es previdenci\u00e1rias junto \u00e0 Receita Federal\u201d; o 1.498\/2017, \u201cque pede autoriza\u00e7\u00e3o para abertura de cr\u00e9dito adicional especial no valor de R$ 1.500 destinado \u00e0 realiza\u00e7\u00e3o de despesas com o Fundo Municipal de Defesa Civil\u201d; e o 1.497\/2017, \u201cque pede autoriza\u00e7\u00e3o para reparcelar d\u00e9bitos junto \u00e0 Fazenda Nacional relativos \u00e0 multa por n\u00e3o informa\u00e7\u00e3o da Declara\u00e7\u00e3o de D\u00e9bitos e Cr\u00e9ditos Tribut\u00e1rios Federais referentes aos exerc\u00edcios de 2014, 2015, 2016 e 2017\u201d. A sess\u00e3o est\u00e1 marcada para acontecer as 19h.<\/p>\n","protected":false},"excerpt":{"rendered":"<p>O prefeito de Recreio, Z\u00e9 Maria Barros, finalmente conseguiu autoriza\u00e7\u00e3o da C\u00e2mara Municipal para reparcelar uma d\u00edvida de mais de R$ 3 milh\u00f5es da Prefeitura junto \u00e0 Fazenda Nacional. O projeto de lei 1.494\/2017 foi aprovado na sess\u00e3o desta segunda-feira (12) com um placar de 5X3.<\/p>\n","protected":false},"author":3,"featured_media":0,"comment_status":"open","ping_status":"open","sticky":false,"template":"","format":"standard","meta":[],"categories":[6],"tags":[],"yoast_head":"<!-- This site is optimized with the Yoast SEO plugin v15.6.2 - https:\/\/yoast.com\/wordpress\/plugins\/seo\/ -->\n<meta name=\"robots\" content=\"index, follow, max-snippet:-1, max-image-preview:large, max-video-preview:-1\" \/>\n<link rel=\"canonical\" href=\"https:\/\/www.polisrecreio.com.br\/site\/2017\/06\/19\/prefeito-de-recreio-consegue-autorizacao-da-camara-para-reparcelar-divida-de-mais-de-r-3-milhoes\/\" \/>\n<meta property=\"og:locale\" content=\"pt_BR\" \/>\n<meta property=\"og:type\" content=\"article\" \/>\n<meta property=\"og:title\" content=\"Prefeito de Recreio consegue autoriza\u00e7\u00e3o da C\u00e2mara para reparcelar d\u00edvida de mais de R$ 3 milh\u00f5es - P\u00f3lis Recreio\" \/>\n<meta property=\"og:description\" content=\"O prefeito de Recreio, Z\u00e9 Maria Barros, finalmente conseguiu autoriza\u00e7\u00e3o da C\u00e2mara Municipal para reparcelar uma d\u00edvida de mais de R$ 3 milh\u00f5es da Prefeitura junto \u00e0 Fazenda Nacional. O projeto de lei 1.494\/2017 foi aprovado na sess\u00e3o desta segunda-feira (12) com um placar de 5X3.\" \/>\n<meta property=\"og:url\" content=\"https:\/\/www.polisrecreio.com.br\/site\/2017\/06\/19\/prefeito-de-recreio-consegue-autorizacao-da-camara-para-reparcelar-divida-de-mais-de-r-3-milhoes\/\" \/>\n<meta property=\"og:site_name\" content=\"P\u00f3lis Recreio\" \/>\n<meta property=\"article:publisher\" content=\"https:\/\/www.facebook.com\/Site-P%c3%b3lis-Recreio-MG-181941708571019\/\" \/>\n<meta property=\"article:published_time\" content=\"2017-06-20T01:54:04+00:00\" \/>\n<meta property=\"article:modified_time\" content=\"2017-06-20T01:58:14+00:00\" \/>\n<meta property=\"og:image\" content=\"http:\/\/www.polisrecreio.com.br\/site\/wp-content\/uploads\/2017\/06\/camara.jpg\" \/>\n<meta name=\"twitter:card\" content=\"summary_large_image\" \/>\n<meta name=\"twitter:creator\" content=\"@PolisRecreio\" \/>\n<meta name=\"twitter:site\" content=\"@PolisRecreio\" \/>\n<meta name=\"twitter:label1\" content=\"Est. reading time\">\n\t<meta name=\"twitter:data1\" content=\"2 minutos\">\n<script type=\"application\/ld+json\" class=\"yoast-schema-graph\">{\"@context\":\"https:\/\/schema.org\",\"@graph\":[{\"@type\":\"WebSite\",\"@id\":\"https:\/\/www.polisrecreio.com.br\/site\/#website\",\"url\":\"https:\/\/www.polisrecreio.com.br\/site\/\",\"name\":\"P\\u00f3lis Recreio\",\"description\":\"\",\"potentialAction\":[{\"@type\":\"SearchAction\",\"target\":\"https:\/\/www.polisrecreio.com.br\/site\/?s={search_term_string}\",\"query-input\":\"required name=search_term_string\"}],\"inLanguage\":\"pt-BR\"},{\"@type\":\"ImageObject\",\"@id\":\"https:\/\/www.polisrecreio.com.br\/site\/2017\/06\/19\/prefeito-de-recreio-consegue-autorizacao-da-camara-para-reparcelar-divida-de-mais-de-r-3-milhoes\/#primaryimage\",\"inLanguage\":\"pt-BR\",\"url\":\"http:\/\/www.polisrecreio.com.br\/site\/wp-content\/uploads\/2017\/06\/camara.jpg\"},{\"@type\":\"WebPage\",\"@id\":\"https:\/\/www.polisrecreio.com.br\/site\/2017\/06\/19\/prefeito-de-recreio-consegue-autorizacao-da-camara-para-reparcelar-divida-de-mais-de-r-3-milhoes\/#webpage\",\"url\":\"https:\/\/www.polisrecreio.com.br\/site\/2017\/06\/19\/prefeito-de-recreio-consegue-autorizacao-da-camara-para-reparcelar-divida-de-mais-de-r-3-milhoes\/\",\"name\":\"Prefeito de Recreio consegue autoriza\\u00e7\\u00e3o da C\\u00e2mara para reparcelar d\\u00edvida de mais de R$ 3 milh\\u00f5es - P\\u00f3lis Recreio\",\"isPartOf\":{\"@id\":\"https:\/\/www.polisrecreio.com.br\/site\/#website\"},\"primaryImageOfPage\":{\"@id\":\"https:\/\/www.polisrecreio.com.br\/site\/2017\/06\/19\/prefeito-de-recreio-consegue-autorizacao-da-camara-para-reparcelar-divida-de-mais-de-r-3-milhoes\/#primaryimage\"},\"datePublished\":\"2017-06-20T01:54:04+00:00\",\"dateModified\":\"2017-06-20T01:58:14+00:00\",\"author\":{\"@id\":\"https:\/\/www.polisrecreio.com.br\/site\/#\/schema\/person\/3363c1c78e1e28e1329d97adb387638e\"},\"inLanguage\":\"pt-BR\",\"potentialAction\":[{\"@type\":\"ReadAction\",\"target\":[\"https:\/\/www.polisrecreio.com.br\/site\/2017\/06\/19\/prefeito-de-recreio-consegue-autorizacao-da-camara-para-reparcelar-divida-de-mais-de-r-3-milhoes\/\"]}]},{\"@type\":\"Person\",\"@id\":\"https:\/\/www.polisrecreio.com.br\/site\/#\/schema\/person\/3363c1c78e1e28e1329d97adb387638e\",\"name\":\"Leonardo Ribeiro\",\"image\":{\"@type\":\"ImageObject\",\"@id\":\"https:\/\/www.polisrecreio.com.br\/site\/#personlogo\",\"inLanguage\":\"pt-BR\",\"url\":\"https:\/\/secure.gravatar.com\/avatar\/6ba92a37d621e1a83e23710251178a12?s=96&d=mm&r=g\",\"caption\":\"Leonardo Ribeiro\"},\"sameAs\":[\"http:\/\/www.polisrecreio.com.br\"]}]}<\/script>\n<!-- \/ Yoast SEO plugin. -->","_links":{"self":[{"href":"https:\/\/www.polisrecreio.com.br\/site\/wp-json\/wp\/v2\/posts\/5943"}],"collection":[{"href":"https:\/\/www.polisrecreio.com.br\/site\/wp-json\/wp\/v2\/posts"}],"about":[{"href":"https:\/\/www.polisrecreio.com.br\/site\/wp-json\/wp\/v2\/types\/post"}],"author":[{"embeddable":true,"href":"https:\/\/www.polisrecreio.com.br\/site\/wp-json\/wp\/v2\/users\/3"}],"replies":[{"embeddable":true,"href":"https:\/\/www.polisrecreio.com.br\/site\/wp-json\/wp\/v2\/comments?post=5943"}],"version-history":[{"count":3,"href":"https:\/\/www.polisrecreio.com.br\/site\/wp-json\/wp\/v2\/posts\/5943\/revisions"}],"predecessor-version":[{"id":5947,"href":"https:\/\/www.polisrecreio.com.br\/site\/wp-json\/wp\/v2\/posts\/5943\/revisions\/5947"}],"wp:attachment":[{"href":"https:\/\/www.polisrecreio.com.br\/site\/wp-json\/wp\/v2\/media?parent=5943"}],"wp:term":[{"taxonomy":"category","embeddable":true,"href":"https:\/\/www.polisrecreio.com.br\/site\/wp-json\/wp\/v2\/categories?post=5943"},{"taxonomy":"post_tag","embeddable":true,"href":"https:\/\/www.polisrecreio.com.br\/site\/wp-json\/wp\/v2\/tags?post=5943"}],"curies":[{"name":"wp","href":"https:\/\/api.w.org\/{rel}","templated":true}]}}