{"id":6464,"date":"2017-08-04T10:59:19","date_gmt":"2017-08-04T13:59:19","guid":{"rendered":"http:\/\/www.polisrecreio.com.br\/site\/?p=6464"},"modified":"2017-08-04T11:06:27","modified_gmt":"2017-08-04T14:06:27","slug":"reuniao-na-antiga-associacao-comercial-propoe-reativacao-da-instituicao","status":"publish","type":"post","link":"https:\/\/www.polisrecreio.com.br\/site\/2017\/08\/04\/reuniao-na-antiga-associacao-comercial-propoe-reativacao-da-instituicao\/","title":{"rendered":"Reuni\u00e3o na antiga Associa\u00e7\u00e3o Comercial prop\u00f5e reativa\u00e7\u00e3o da institui\u00e7\u00e3o"},"content":{"rendered":"<p style=\"text-align: justify;\">Na noite de ontem (3) cerca de 40 comerciantes e demais membros da sociedade participaram de uma reuni\u00e3o na antiga Associa\u00e7\u00e3o Comercial de Recreio com objetivo de resgatar a institui\u00e7\u00e3o extinta h\u00e1 v\u00e1rios anos.<\/p>\n<p style=\"text-align: justify;\"><!--more--><\/p>\n<figure id=\"attachment_6465\" aria-describedby=\"caption-attachment-6465\" style=\"width: 750px\" class=\"wp-caption aligncenter\"><a href=\"http:\/\/www.polisrecreio.com.br\/site\/wp-content\/uploads\/2017\/08\/DSC_0067.jpg\"><img loading=\"lazy\" class=\"size-full wp-image-6465\" src=\"http:\/\/www.polisrecreio.com.br\/site\/wp-content\/uploads\/2017\/08\/DSC_0067.jpg\" alt=\"Comerciantes e demais presentes.\" width=\"750\" height=\"500\" srcset=\"https:\/\/www.polisrecreio.com.br\/site\/wp-content\/uploads\/2017\/08\/DSC_0067.jpg 750w, https:\/\/www.polisrecreio.com.br\/site\/wp-content\/uploads\/2017\/08\/DSC_0067-300x200.jpg 300w\" sizes=\"(max-width: 750px) 100vw, 750px\" \/><\/a><figcaption id=\"caption-attachment-6465\" class=\"wp-caption-text\">Comerciantes e demais presentes.<\/figcaption><\/figure>\n<p style=\"text-align: justify;\">Idealizada pelo comerciante Maur\u00edcio Vieira o encontro contou com a participa\u00e7\u00e3o do ex-prefeito de Barbacena, Toninho Andrada, que tem pretens\u00f5es pol\u00edticas de buscar uma vaga como deputado estadual nas elei\u00e7\u00f5es de 2018. Junto com Toninho veio o ex-secret\u00e1rio econ\u00f4mico de Barbacena, Felipe Quinet Alvim, funcion\u00e1rio do SEBRAE, e palestrante da noite.<\/p>\n<p style=\"text-align: justify;\">A palestra foi com foco na possibilidade da reativa\u00e7\u00e3o da Associa\u00e7\u00e3o Comercial de Recreio. Felipe Quinet demonstrou a import\u00e2ncia de uma institui\u00e7\u00e3o como esta, as suas experi\u00eancias em projetos criados durante a sua gest\u00e3o como secret\u00e1rio em Barbacena e ainda deu\u00a0\u00eanfase ao nome de Toninho Andrada como pol\u00edtico. Mesmo com a falta de autoridades municipais, por n\u00e3o terem sido convidados oficialmente, tanto o prefeito Z\u00e9 Maria Barros como o presidente da C\u00e2mara Municipal, Paulinho Pintor, o palestrante disse pessoalmente ao Site P\u00f3lis que \u00e9 importante haver a interface entre uma Associa\u00e7\u00e3o e os poderes p\u00fablicos municipais.<\/p>\n<p style=\"text-align: justify;\">O prefeito e o presidente da C\u00e2mara Municipal, via telefone ao Site P\u00f3lis, lamentaram n\u00e3o terem recebido convite formal. Ambos informaram estar dispostos a ajudar no que for preciso para a reativa\u00e7\u00e3o da Associa\u00e7\u00e3o, assim como em qualquer assunto que for de interesse social para o Munic\u00edpio. A justificativa da organiza\u00e7\u00e3o para n\u00e3o ter convidado as autoridades municipais \u00e9 que passou um carro de som pelas ruas da cidade convidando.<\/p>\n<p style=\"text-align: justify;\">Ao final do encontro Maur\u00edcio Vieira disse estar muito satisfeito com a vinda de todos e ficou de entrar em contato com os lojistas\u00a0para uma futura reuni\u00e3o.<\/p>\n<figure id=\"attachment_6468\" aria-describedby=\"caption-attachment-6468\" style=\"width: 750px\" class=\"wp-caption aligncenter\"><a href=\"http:\/\/www.polisrecreio.com.br\/site\/wp-content\/uploads\/2017\/08\/DSC_0072.jpg\"><img loading=\"lazy\" class=\"size-full wp-image-6468\" src=\"http:\/\/www.polisrecreio.com.br\/site\/wp-content\/uploads\/2017\/08\/DSC_0072.jpg\" alt=\"Palestrante da reuni\u00e3o.\" width=\"750\" height=\"500\" srcset=\"https:\/\/www.polisrecreio.com.br\/site\/wp-content\/uploads\/2017\/08\/DSC_0072.jpg 750w, https:\/\/www.polisrecreio.com.br\/site\/wp-content\/uploads\/2017\/08\/DSC_0072-300x200.jpg 300w\" sizes=\"(max-width: 750px) 100vw, 750px\" \/><\/a><figcaption id=\"caption-attachment-6468\" class=\"wp-caption-text\">Palestrante da reuni\u00e3o.<\/figcaption><\/figure>\n<figure id=\"attachment_6467\" aria-describedby=\"caption-attachment-6467\" style=\"width: 750px\" class=\"wp-caption aligncenter\"><a href=\"http:\/\/www.polisrecreio.com.br\/site\/wp-content\/uploads\/2017\/08\/DSC_0066.jpg\"><img loading=\"lazy\" class=\"size-full wp-image-6467\" src=\"http:\/\/www.polisrecreio.com.br\/site\/wp-content\/uploads\/2017\/08\/DSC_0066.jpg\" alt=\"Toninho Andrada falando na reuni\u00e3o.\" width=\"750\" height=\"500\" srcset=\"https:\/\/www.polisrecreio.com.br\/site\/wp-content\/uploads\/2017\/08\/DSC_0066.jpg 750w, https:\/\/www.polisrecreio.com.br\/site\/wp-content\/uploads\/2017\/08\/DSC_0066-300x200.jpg 300w\" sizes=\"(max-width: 750px) 100vw, 750px\" \/><\/a><figcaption id=\"caption-attachment-6467\" class=\"wp-caption-text\">Toninho Andrada falando na reuni\u00e3o.<\/figcaption><\/figure>\n<figure id=\"attachment_6466\" aria-describedby=\"caption-attachment-6466\" style=\"width: 750px\" class=\"wp-caption aligncenter\"><a href=\"http:\/\/www.polisrecreio.com.br\/site\/wp-content\/uploads\/2017\/08\/DSC_0062.jpg\"><img loading=\"lazy\" class=\"size-full wp-image-6466\" src=\"http:\/\/www.polisrecreio.com.br\/site\/wp-content\/uploads\/2017\/08\/DSC_0062.jpg\" alt=\"Maur\u00edcio Vieira falando na reuni\u00e3o.\" width=\"750\" height=\"500\" srcset=\"https:\/\/www.polisrecreio.com.br\/site\/wp-content\/uploads\/2017\/08\/DSC_0062.jpg 750w, https:\/\/www.polisrecreio.com.br\/site\/wp-content\/uploads\/2017\/08\/DSC_0062-300x200.jpg 300w\" sizes=\"(max-width: 750px) 100vw, 750px\" \/><\/a><figcaption id=\"caption-attachment-6466\" class=\"wp-caption-text\">Maur\u00edcio Vieira falando na reuni\u00e3o.<\/figcaption><\/figure>\n<p style=\"text-align: justify;\">\n","protected":false},"excerpt":{"rendered":"<p>Na noite de ontem (3) cerca de 40 comerciantes e demais membros da sociedade participaram de uma reuni\u00e3o na antiga Associa\u00e7\u00e3o Comercial de Recreio com objetivo de resgatar a institui\u00e7\u00e3o extinta h\u00e1 v\u00e1rios anos.<\/p>\n","protected":false},"author":3,"featured_media":6465,"comment_status":"open","ping_status":"open","sticky":false,"template":"","format":"standard","meta":[],"categories":[6],"tags":[],"yoast_head":"<!-- This site is optimized with the Yoast SEO plugin v15.6.2 - https:\/\/yoast.com\/wordpress\/plugins\/seo\/ -->\n<meta name=\"robots\" content=\"index, follow, max-snippet:-1, max-image-preview:large, max-video-preview:-1\" \/>\n<link rel=\"canonical\" href=\"http:\/\/www.polisrecreio.com.br\/site\/2017\/08\/04\/reuniao-na-antiga-associacao-comercial-propoe-reativacao-da-instituicao\/\" \/>\n<meta property=\"og:locale\" content=\"pt_BR\" \/>\n<meta property=\"og:type\" content=\"article\" \/>\n<meta property=\"og:title\" content=\"Reuni\u00e3o na antiga Associa\u00e7\u00e3o Comercial prop\u00f5e reativa\u00e7\u00e3o da institui\u00e7\u00e3o - P\u00f3lis Recreio\" \/>\n<meta property=\"og:description\" content=\"Na noite de ontem (3) cerca de 40 comerciantes e demais membros da sociedade participaram de uma reuni\u00e3o na antiga Associa\u00e7\u00e3o Comercial de Recreio com objetivo de resgatar a institui\u00e7\u00e3o extinta h\u00e1 v\u00e1rios anos.\" \/>\n<meta property=\"og:url\" content=\"http:\/\/www.polisrecreio.com.br\/site\/2017\/08\/04\/reuniao-na-antiga-associacao-comercial-propoe-reativacao-da-instituicao\/\" \/>\n<meta property=\"og:site_name\" content=\"P\u00f3lis Recreio\" \/>\n<meta property=\"article:publisher\" content=\"https:\/\/www.facebook.com\/Site-P%c3%b3lis-Recreio-MG-181941708571019\/\" \/>\n<meta property=\"article:published_time\" content=\"2017-08-04T13:59:19+00:00\" \/>\n<meta property=\"article:modified_time\" content=\"2017-08-04T14:06:27+00:00\" \/>\n<meta property=\"og:image\" content=\"https:\/\/www.polisrecreio.com.br\/site\/wp-content\/uploads\/2017\/08\/DSC_0067.jpg\" \/>\n\t<meta property=\"og:image:width\" content=\"750\" \/>\n\t<meta property=\"og:image:height\" content=\"500\" \/>\n<meta name=\"twitter:card\" content=\"summary_large_image\" \/>\n<meta name=\"twitter:creator\" content=\"@PolisRecreio\" \/>\n<meta name=\"twitter:site\" content=\"@PolisRecreio\" \/>\n<meta name=\"twitter:label1\" content=\"Est. reading time\">\n\t<meta name=\"twitter:data1\" content=\"2 minutos\">\n<script type=\"application\/ld+json\" class=\"yoast-schema-graph\">{\"@context\":\"https:\/\/schema.org\",\"@graph\":[{\"@type\":\"WebSite\",\"@id\":\"https:\/\/www.polisrecreio.com.br\/site\/#website\",\"url\":\"https:\/\/www.polisrecreio.com.br\/site\/\",\"name\":\"P\\u00f3lis Recreio\",\"description\":\"\",\"potentialAction\":[{\"@type\":\"SearchAction\",\"target\":\"https:\/\/www.polisrecreio.com.br\/site\/?s={search_term_string}\",\"query-input\":\"required name=search_term_string\"}],\"inLanguage\":\"pt-BR\"},{\"@type\":\"ImageObject\",\"@id\":\"http:\/\/www.polisrecreio.com.br\/site\/2017\/08\/04\/reuniao-na-antiga-associacao-comercial-propoe-reativacao-da-instituicao\/#primaryimage\",\"inLanguage\":\"pt-BR\",\"url\":\"https:\/\/www.polisrecreio.com.br\/site\/wp-content\/uploads\/2017\/08\/DSC_0067.jpg\",\"width\":750,\"height\":500,\"caption\":\"Comerciantes e demais presentes.\"},{\"@type\":\"WebPage\",\"@id\":\"http:\/\/www.polisrecreio.com.br\/site\/2017\/08\/04\/reuniao-na-antiga-associacao-comercial-propoe-reativacao-da-instituicao\/#webpage\",\"url\":\"http:\/\/www.polisrecreio.com.br\/site\/2017\/08\/04\/reuniao-na-antiga-associacao-comercial-propoe-reativacao-da-instituicao\/\",\"name\":\"Reuni\\u00e3o na antiga Associa\\u00e7\\u00e3o Comercial prop\\u00f5e reativa\\u00e7\\u00e3o da institui\\u00e7\\u00e3o - P\\u00f3lis Recreio\",\"isPartOf\":{\"@id\":\"https:\/\/www.polisrecreio.com.br\/site\/#website\"},\"primaryImageOfPage\":{\"@id\":\"http:\/\/www.polisrecreio.com.br\/site\/2017\/08\/04\/reuniao-na-antiga-associacao-comercial-propoe-reativacao-da-instituicao\/#primaryimage\"},\"datePublished\":\"2017-08-04T13:59:19+00:00\",\"dateModified\":\"2017-08-04T14:06:27+00:00\",\"author\":{\"@id\":\"https:\/\/www.polisrecreio.com.br\/site\/#\/schema\/person\/3363c1c78e1e28e1329d97adb387638e\"},\"inLanguage\":\"pt-BR\",\"potentialAction\":[{\"@type\":\"ReadAction\",\"target\":[\"http:\/\/www.polisrecreio.com.br\/site\/2017\/08\/04\/reuniao-na-antiga-associacao-comercial-propoe-reativacao-da-instituicao\/\"]}]},{\"@type\":\"Person\",\"@id\":\"https:\/\/www.polisrecreio.com.br\/site\/#\/schema\/person\/3363c1c78e1e28e1329d97adb387638e\",\"name\":\"Leonardo Ribeiro\",\"image\":{\"@type\":\"ImageObject\",\"@id\":\"https:\/\/www.polisrecreio.com.br\/site\/#personlogo\",\"inLanguage\":\"pt-BR\",\"url\":\"https:\/\/secure.gravatar.com\/avatar\/6ba92a37d621e1a83e23710251178a12?s=96&d=mm&r=g\",\"caption\":\"Leonardo Ribeiro\"},\"sameAs\":[\"http:\/\/www.polisrecreio.com.br\"]}]}<\/script>\n<!-- \/ Yoast SEO plugin. -->","_links":{"self":[{"href":"https:\/\/www.polisrecreio.com.br\/site\/wp-json\/wp\/v2\/posts\/6464"}],"collection":[{"href":"https:\/\/www.polisrecreio.com.br\/site\/wp-json\/wp\/v2\/posts"}],"about":[{"href":"https:\/\/www.polisrecreio.com.br\/site\/wp-json\/wp\/v2\/types\/post"}],"author":[{"embeddable":true,"href":"https:\/\/www.polisrecreio.com.br\/site\/wp-json\/wp\/v2\/users\/3"}],"replies":[{"embeddable":true,"href":"https:\/\/www.polisrecreio.com.br\/site\/wp-json\/wp\/v2\/comments?post=6464"}],"version-history":[{"count":4,"href":"https:\/\/www.polisrecreio.com.br\/site\/wp-json\/wp\/v2\/posts\/6464\/revisions"}],"predecessor-version":[{"id":6472,"href":"https:\/\/www.polisrecreio.com.br\/site\/wp-json\/wp\/v2\/posts\/6464\/revisions\/6472"}],"wp:featuredmedia":[{"embeddable":true,"href":"https:\/\/www.polisrecreio.com.br\/site\/wp-json\/wp\/v2\/media\/6465"}],"wp:attachment":[{"href":"https:\/\/www.polisrecreio.com.br\/site\/wp-json\/wp\/v2\/media?parent=6464"}],"wp:term":[{"taxonomy":"category","embeddable":true,"href":"https:\/\/www.polisrecreio.com.br\/site\/wp-json\/wp\/v2\/categories?post=6464"},{"taxonomy":"post_tag","embeddable":true,"href":"https:\/\/www.polisrecreio.com.br\/site\/wp-json\/wp\/v2\/tags?post=6464"}],"curies":[{"name":"wp","href":"https:\/\/api.w.org\/{rel}","templated":true}]}}