{"id":6474,"date":"2017-08-04T12:26:26","date_gmt":"2017-08-04T15:26:26","guid":{"rendered":"http:\/\/www.polisrecreio.com.br\/site\/?p=6474"},"modified":"2017-08-04T12:29:03","modified_gmt":"2017-08-04T15:29:03","slug":"prefeito-ze-maria-barros-lancara-cras-itinerante-em-conceicao-da-boa-vista","status":"publish","type":"post","link":"https:\/\/www.polisrecreio.com.br\/site\/2017\/08\/04\/prefeito-ze-maria-barros-lancara-cras-itinerante-em-conceicao-da-boa-vista\/","title":{"rendered":"Prefeito Z\u00e9 Maria Barros lan\u00e7ar\u00e1 CRAS Itinerante em Concei\u00e7\u00e3o da Boa Vista"},"content":{"rendered":"<p style=\"text-align: justify;\">Na pr\u00f3xima sexta-feira (11), \u00e0s 9h, o prefeito Z\u00e9 Maria Barros lan\u00e7ar\u00e1 um projeto pioneiro no distrito de Concei\u00e7\u00e3o da Boa Vista: CRAS Itinerante. Ser\u00e3o ofertados para a comunidade servi\u00e7os do Programa Bolsa Fam\u00edlia, atendimentos com psic\u00f3loga e assistente social, na Unidade B\u00e1sica de Sa\u00fade.<\/p>\n<p style=\"text-align: justify;\"><!--more--><\/p>\n<figure id=\"attachment_6264\" aria-describedby=\"caption-attachment-6264\" style=\"width: 750px\" class=\"wp-caption aligncenter\"><a href=\"http:\/\/www.polisrecreio.com.br\/site\/wp-content\/uploads\/2017\/07\/DSCN4346.jpg\"><img loading=\"lazy\" class=\"size-full wp-image-6264\" src=\"http:\/\/www.polisrecreio.com.br\/site\/wp-content\/uploads\/2017\/07\/DSCN4346.jpg\" alt=\"Prefeito de Recreio, Z\u00e9 Maria Barros.\" width=\"750\" height=\"520\" srcset=\"https:\/\/www.polisrecreio.com.br\/site\/wp-content\/uploads\/2017\/07\/DSCN4346.jpg 750w, https:\/\/www.polisrecreio.com.br\/site\/wp-content\/uploads\/2017\/07\/DSCN4346-300x208.jpg 300w\" sizes=\"(max-width: 750px) 100vw, 750px\" \/><\/a><figcaption id=\"caption-attachment-6264\" class=\"wp-caption-text\">Prefeito de Recreio, Z\u00e9 Maria Barros.<\/figcaption><\/figure>\n<p style=\"text-align: justify;\">Segundo informa\u00e7\u00f5es do secret\u00e1rio de Desenvolvimento Social, Diego Pena, a ideia do projeto \u00e9 oportunizar de 15 em 15 dias, a partir do lan\u00e7amento, os atendimentos de 7h \u00e0s 13h, na UBS do distrito. Ser\u00e3o disponibilizados atualiza\u00e7\u00f5es de informa\u00e7\u00f5es e demais assuntos pertinentes ao Programa Bolsa Fam\u00edlia; atendimentos para crian\u00e7as, jovens e adultos, com psic\u00f3loga e assistente social; e outras atividades de cunho social.<\/p>\n<p style=\"text-align: justify;\">O prefeito Z\u00e9 Maria Barros disse que o CRAS Itinerante ser\u00e1 uma experi\u00eancia inovadora na administra\u00e7\u00e3o de Recreio. &#8220;Esperamos a comunidade no dia do lan\u00e7amento e que todos tenham um bom aproveitamento dos servi\u00e7os que ser\u00e3o ofertados, concluiu&#8221;.<\/p>\n<p>&nbsp;<\/p>\n<p>&nbsp;<\/p>\n","protected":false},"excerpt":{"rendered":"<p>Na pr\u00f3xima sexta-feira (11), \u00e0s 9h, o prefeito Z\u00e9 Maria Barros lan\u00e7ar\u00e1 um projeto pioneiro no distrito de Concei\u00e7\u00e3o da Boa Vista: CRAS Itinerante. Ser\u00e3o ofertados para a comunidade servi\u00e7os do Programa Bolsa Fam\u00edlia, atendimentos com psic\u00f3loga e assistente social, na Unidade B\u00e1sica de Sa\u00fade.<\/p>\n","protected":false},"author":3,"featured_media":0,"comment_status":"open","ping_status":"open","sticky":false,"template":"","format":"standard","meta":[],"categories":[12],"tags":[],"yoast_head":"<!-- This site is optimized with the Yoast SEO plugin v15.6.2 - https:\/\/yoast.com\/wordpress\/plugins\/seo\/ -->\n<meta name=\"robots\" content=\"index, follow, max-snippet:-1, max-image-preview:large, max-video-preview:-1\" \/>\n<link rel=\"canonical\" href=\"http:\/\/www.polisrecreio.com.br\/site\/2017\/08\/04\/prefeito-ze-maria-barros-lancara-cras-itinerante-em-conceicao-da-boa-vista\/\" \/>\n<meta property=\"og:locale\" content=\"pt_BR\" \/>\n<meta property=\"og:type\" content=\"article\" \/>\n<meta property=\"og:title\" content=\"Prefeito Z\u00e9 Maria Barros lan\u00e7ar\u00e1 CRAS Itinerante em Concei\u00e7\u00e3o da Boa Vista - P\u00f3lis Recreio\" \/>\n<meta property=\"og:description\" content=\"Na pr\u00f3xima sexta-feira (11), \u00e0s 9h, o prefeito Z\u00e9 Maria Barros lan\u00e7ar\u00e1 um projeto pioneiro no distrito de Concei\u00e7\u00e3o da Boa Vista: CRAS Itinerante. Ser\u00e3o ofertados para a comunidade servi\u00e7os do Programa Bolsa Fam\u00edlia, atendimentos com psic\u00f3loga e assistente social, na Unidade B\u00e1sica de Sa\u00fade.\" \/>\n<meta property=\"og:url\" content=\"http:\/\/www.polisrecreio.com.br\/site\/2017\/08\/04\/prefeito-ze-maria-barros-lancara-cras-itinerante-em-conceicao-da-boa-vista\/\" \/>\n<meta property=\"og:site_name\" content=\"P\u00f3lis Recreio\" \/>\n<meta property=\"article:publisher\" content=\"https:\/\/www.facebook.com\/Site-P%c3%b3lis-Recreio-MG-181941708571019\/\" \/>\n<meta property=\"article:published_time\" content=\"2017-08-04T15:26:26+00:00\" \/>\n<meta property=\"article:modified_time\" content=\"2017-08-04T15:29:03+00:00\" \/>\n<meta property=\"og:image\" content=\"http:\/\/www.polisrecreio.com.br\/site\/wp-content\/uploads\/2017\/07\/DSCN4346.jpg\" \/>\n<meta name=\"twitter:card\" content=\"summary_large_image\" \/>\n<meta name=\"twitter:creator\" content=\"@PolisRecreio\" \/>\n<meta name=\"twitter:site\" content=\"@PolisRecreio\" \/>\n<meta name=\"twitter:label1\" content=\"Est. reading time\">\n\t<meta name=\"twitter:data1\" content=\"1 minuto\">\n<script type=\"application\/ld+json\" class=\"yoast-schema-graph\">{\"@context\":\"https:\/\/schema.org\",\"@graph\":[{\"@type\":\"WebSite\",\"@id\":\"https:\/\/www.polisrecreio.com.br\/site\/#website\",\"url\":\"https:\/\/www.polisrecreio.com.br\/site\/\",\"name\":\"P\\u00f3lis Recreio\",\"description\":\"\",\"potentialAction\":[{\"@type\":\"SearchAction\",\"target\":\"https:\/\/www.polisrecreio.com.br\/site\/?s={search_term_string}\",\"query-input\":\"required name=search_term_string\"}],\"inLanguage\":\"pt-BR\"},{\"@type\":\"ImageObject\",\"@id\":\"http:\/\/www.polisrecreio.com.br\/site\/2017\/08\/04\/prefeito-ze-maria-barros-lancara-cras-itinerante-em-conceicao-da-boa-vista\/#primaryimage\",\"inLanguage\":\"pt-BR\",\"url\":\"http:\/\/www.polisrecreio.com.br\/site\/wp-content\/uploads\/2017\/07\/DSCN4346.jpg\"},{\"@type\":\"WebPage\",\"@id\":\"http:\/\/www.polisrecreio.com.br\/site\/2017\/08\/04\/prefeito-ze-maria-barros-lancara-cras-itinerante-em-conceicao-da-boa-vista\/#webpage\",\"url\":\"http:\/\/www.polisrecreio.com.br\/site\/2017\/08\/04\/prefeito-ze-maria-barros-lancara-cras-itinerante-em-conceicao-da-boa-vista\/\",\"name\":\"Prefeito Z\\u00e9 Maria Barros lan\\u00e7ar\\u00e1 CRAS Itinerante em Concei\\u00e7\\u00e3o da Boa Vista - P\\u00f3lis Recreio\",\"isPartOf\":{\"@id\":\"https:\/\/www.polisrecreio.com.br\/site\/#website\"},\"primaryImageOfPage\":{\"@id\":\"http:\/\/www.polisrecreio.com.br\/site\/2017\/08\/04\/prefeito-ze-maria-barros-lancara-cras-itinerante-em-conceicao-da-boa-vista\/#primaryimage\"},\"datePublished\":\"2017-08-04T15:26:26+00:00\",\"dateModified\":\"2017-08-04T15:29:03+00:00\",\"author\":{\"@id\":\"https:\/\/www.polisrecreio.com.br\/site\/#\/schema\/person\/3363c1c78e1e28e1329d97adb387638e\"},\"inLanguage\":\"pt-BR\",\"potentialAction\":[{\"@type\":\"ReadAction\",\"target\":[\"http:\/\/www.polisrecreio.com.br\/site\/2017\/08\/04\/prefeito-ze-maria-barros-lancara-cras-itinerante-em-conceicao-da-boa-vista\/\"]}]},{\"@type\":\"Person\",\"@id\":\"https:\/\/www.polisrecreio.com.br\/site\/#\/schema\/person\/3363c1c78e1e28e1329d97adb387638e\",\"name\":\"Leonardo Ribeiro\",\"image\":{\"@type\":\"ImageObject\",\"@id\":\"https:\/\/www.polisrecreio.com.br\/site\/#personlogo\",\"inLanguage\":\"pt-BR\",\"url\":\"https:\/\/secure.gravatar.com\/avatar\/6ba92a37d621e1a83e23710251178a12?s=96&d=mm&r=g\",\"caption\":\"Leonardo Ribeiro\"},\"sameAs\":[\"http:\/\/www.polisrecreio.com.br\"]}]}<\/script>\n<!-- \/ Yoast SEO plugin. -->","_links":{"self":[{"href":"https:\/\/www.polisrecreio.com.br\/site\/wp-json\/wp\/v2\/posts\/6474"}],"collection":[{"href":"https:\/\/www.polisrecreio.com.br\/site\/wp-json\/wp\/v2\/posts"}],"about":[{"href":"https:\/\/www.polisrecreio.com.br\/site\/wp-json\/wp\/v2\/types\/post"}],"author":[{"embeddable":true,"href":"https:\/\/www.polisrecreio.com.br\/site\/wp-json\/wp\/v2\/users\/3"}],"replies":[{"embeddable":true,"href":"https:\/\/www.polisrecreio.com.br\/site\/wp-json\/wp\/v2\/comments?post=6474"}],"version-history":[{"count":5,"href":"https:\/\/www.polisrecreio.com.br\/site\/wp-json\/wp\/v2\/posts\/6474\/revisions"}],"predecessor-version":[{"id":6479,"href":"https:\/\/www.polisrecreio.com.br\/site\/wp-json\/wp\/v2\/posts\/6474\/revisions\/6479"}],"wp:attachment":[{"href":"https:\/\/www.polisrecreio.com.br\/site\/wp-json\/wp\/v2\/media?parent=6474"}],"wp:term":[{"taxonomy":"category","embeddable":true,"href":"https:\/\/www.polisrecreio.com.br\/site\/wp-json\/wp\/v2\/categories?post=6474"},{"taxonomy":"post_tag","embeddable":true,"href":"https:\/\/www.polisrecreio.com.br\/site\/wp-json\/wp\/v2\/tags?post=6474"}],"curies":[{"name":"wp","href":"https:\/\/api.w.org\/{rel}","templated":true}]}}