{"id":6480,"date":"2017-08-05T11:49:13","date_gmt":"2017-08-05T14:49:13","guid":{"rendered":"http:\/\/www.polisrecreio.com.br\/site\/?p=6480"},"modified":"2017-08-05T11:55:36","modified_gmt":"2017-08-05T14:55:36","slug":"corte-de-arvores-e-suspenso-em-recreio-por-tres-meses","status":"publish","type":"post","link":"https:\/\/www.polisrecreio.com.br\/site\/2017\/08\/05\/corte-de-arvores-e-suspenso-em-recreio-por-tres-meses\/","title":{"rendered":"Corte de \u00e1rvores \u00e9 suspenso em Recreio por tr\u00eas meses"},"content":{"rendered":"<p style=\"text-align: justify;\">O Conselho Municipal de Defesa do Meio Ambiente \u201cCODEMA\u201d decidiu suspender por um per\u00edodo de tr\u00eas meses o corte de \u00e1rvores em Recreio. As podas est\u00e3o mantidas e podem ser solicitadas na Prefeitura Municipal.<\/p>\n<p style=\"text-align: justify;\"><!--more--><\/p>\n<p style=\"text-align: justify;\"><a href=\"http:\/\/www.polisrecreio.com.br\/site\/wp-content\/uploads\/2017\/08\/8073ef2d09dd91914a9847df16786989.jpg\"><img loading=\"lazy\" class=\"aligncenter size-full wp-image-6481\" src=\"http:\/\/www.polisrecreio.com.br\/site\/wp-content\/uploads\/2017\/08\/8073ef2d09dd91914a9847df16786989.jpg\" alt=\"8073ef2d09dd91914a9847df16786989\" width=\"750\" height=\"556\" srcset=\"https:\/\/www.polisrecreio.com.br\/site\/wp-content\/uploads\/2017\/08\/8073ef2d09dd91914a9847df16786989.jpg 750w, https:\/\/www.polisrecreio.com.br\/site\/wp-content\/uploads\/2017\/08\/8073ef2d09dd91914a9847df16786989-300x222.jpg 300w\" sizes=\"(max-width: 750px) 100vw, 750px\" \/><\/a><\/p>\n<p style=\"text-align: justify;\">Segundo a nota emitida pelo CODEMA a decis\u00e3o de suspender a supress\u00e3o das esp\u00e9cies arb\u00f3reas aconteceu na reuni\u00e3o do Conselho do dia 18 de julho e acatada por todos os conselheiros. Em caso de apresenta\u00e7\u00e3o de laudo da defesa civil, corpo de bombeiros e\/ou apresentado planta aprovada e obra iniciada a contar a partir de 21 de julho, o corte poder\u00e1 ser liberado ap\u00f3s an\u00e1lise do Conselho.<\/p>\n<p style=\"text-align: justify;\">\u201cA justificativa para a suspens\u00e3o dos cortes foi com base nos in\u00fameros pedidos sem motivos justific\u00e1veis\u201d, informou o secret\u00e1rio de desenvolvimento Econ\u00f4mico e Sustent\u00e1vel de Recreio e presidente do CODEMA, Jo\u00e3o Guilherme Costa Ferreira.<\/p>\n","protected":false},"excerpt":{"rendered":"<p>O Conselho Municipal de Defesa do Meio Ambiente \u201cCODEMA\u201d decidiu suspender por um per\u00edodo de tr\u00eas meses o corte de \u00e1rvores em Recreio. As podas est\u00e3o mantidas e podem ser solicitadas na Prefeitura Municipal.<\/p>\n","protected":false},"author":3,"featured_media":6481,"comment_status":"open","ping_status":"open","sticky":false,"template":"","format":"standard","meta":[],"categories":[1],"tags":[],"yoast_head":"<!-- This site is optimized with the Yoast SEO plugin v15.6.2 - https:\/\/yoast.com\/wordpress\/plugins\/seo\/ -->\n<meta name=\"robots\" content=\"index, follow, max-snippet:-1, max-image-preview:large, max-video-preview:-1\" \/>\n<link rel=\"canonical\" href=\"https:\/\/www.polisrecreio.com.br\/site\/2017\/08\/05\/corte-de-arvores-e-suspenso-em-recreio-por-tres-meses\/\" \/>\n<meta property=\"og:locale\" content=\"pt_BR\" \/>\n<meta property=\"og:type\" content=\"article\" \/>\n<meta property=\"og:title\" content=\"Corte de \u00e1rvores \u00e9 suspenso em Recreio por tr\u00eas meses - P\u00f3lis Recreio\" \/>\n<meta property=\"og:description\" content=\"O Conselho Municipal de Defesa do Meio Ambiente \u201cCODEMA\u201d decidiu suspender por um per\u00edodo de tr\u00eas meses o corte de \u00e1rvores em Recreio. As podas est\u00e3o mantidas e podem ser solicitadas na Prefeitura Municipal.\" \/>\n<meta property=\"og:url\" content=\"https:\/\/www.polisrecreio.com.br\/site\/2017\/08\/05\/corte-de-arvores-e-suspenso-em-recreio-por-tres-meses\/\" \/>\n<meta property=\"og:site_name\" content=\"P\u00f3lis Recreio\" \/>\n<meta property=\"article:publisher\" content=\"https:\/\/www.facebook.com\/Site-P%c3%b3lis-Recreio-MG-181941708571019\/\" \/>\n<meta property=\"article:published_time\" content=\"2017-08-05T14:49:13+00:00\" \/>\n<meta property=\"article:modified_time\" content=\"2017-08-05T14:55:36+00:00\" \/>\n<meta property=\"og:image\" content=\"https:\/\/www.polisrecreio.com.br\/site\/wp-content\/uploads\/2017\/08\/8073ef2d09dd91914a9847df16786989.jpg\" \/>\n\t<meta property=\"og:image:width\" content=\"750\" \/>\n\t<meta property=\"og:image:height\" content=\"556\" \/>\n<meta name=\"twitter:card\" content=\"summary_large_image\" \/>\n<meta name=\"twitter:creator\" content=\"@PolisRecreio\" \/>\n<meta name=\"twitter:site\" content=\"@PolisRecreio\" \/>\n<meta name=\"twitter:label1\" content=\"Est. reading time\">\n\t<meta name=\"twitter:data1\" content=\"1 minuto\">\n<script type=\"application\/ld+json\" class=\"yoast-schema-graph\">{\"@context\":\"https:\/\/schema.org\",\"@graph\":[{\"@type\":\"WebSite\",\"@id\":\"https:\/\/www.polisrecreio.com.br\/site\/#website\",\"url\":\"https:\/\/www.polisrecreio.com.br\/site\/\",\"name\":\"P\\u00f3lis Recreio\",\"description\":\"\",\"potentialAction\":[{\"@type\":\"SearchAction\",\"target\":\"https:\/\/www.polisrecreio.com.br\/site\/?s={search_term_string}\",\"query-input\":\"required name=search_term_string\"}],\"inLanguage\":\"pt-BR\"},{\"@type\":\"ImageObject\",\"@id\":\"https:\/\/www.polisrecreio.com.br\/site\/2017\/08\/05\/corte-de-arvores-e-suspenso-em-recreio-por-tres-meses\/#primaryimage\",\"inLanguage\":\"pt-BR\",\"url\":\"https:\/\/www.polisrecreio.com.br\/site\/wp-content\/uploads\/2017\/08\/8073ef2d09dd91914a9847df16786989.jpg\",\"width\":750,\"height\":556},{\"@type\":\"WebPage\",\"@id\":\"https:\/\/www.polisrecreio.com.br\/site\/2017\/08\/05\/corte-de-arvores-e-suspenso-em-recreio-por-tres-meses\/#webpage\",\"url\":\"https:\/\/www.polisrecreio.com.br\/site\/2017\/08\/05\/corte-de-arvores-e-suspenso-em-recreio-por-tres-meses\/\",\"name\":\"Corte de \\u00e1rvores \\u00e9 suspenso em Recreio por tr\\u00eas meses - P\\u00f3lis Recreio\",\"isPartOf\":{\"@id\":\"https:\/\/www.polisrecreio.com.br\/site\/#website\"},\"primaryImageOfPage\":{\"@id\":\"https:\/\/www.polisrecreio.com.br\/site\/2017\/08\/05\/corte-de-arvores-e-suspenso-em-recreio-por-tres-meses\/#primaryimage\"},\"datePublished\":\"2017-08-05T14:49:13+00:00\",\"dateModified\":\"2017-08-05T14:55:36+00:00\",\"author\":{\"@id\":\"https:\/\/www.polisrecreio.com.br\/site\/#\/schema\/person\/3363c1c78e1e28e1329d97adb387638e\"},\"inLanguage\":\"pt-BR\",\"potentialAction\":[{\"@type\":\"ReadAction\",\"target\":[\"https:\/\/www.polisrecreio.com.br\/site\/2017\/08\/05\/corte-de-arvores-e-suspenso-em-recreio-por-tres-meses\/\"]}]},{\"@type\":\"Person\",\"@id\":\"https:\/\/www.polisrecreio.com.br\/site\/#\/schema\/person\/3363c1c78e1e28e1329d97adb387638e\",\"name\":\"Leonardo Ribeiro\",\"image\":{\"@type\":\"ImageObject\",\"@id\":\"https:\/\/www.polisrecreio.com.br\/site\/#personlogo\",\"inLanguage\":\"pt-BR\",\"url\":\"https:\/\/secure.gravatar.com\/avatar\/6ba92a37d621e1a83e23710251178a12?s=96&d=mm&r=g\",\"caption\":\"Leonardo Ribeiro\"},\"sameAs\":[\"http:\/\/www.polisrecreio.com.br\"]}]}<\/script>\n<!-- \/ Yoast SEO plugin. -->","_links":{"self":[{"href":"https:\/\/www.polisrecreio.com.br\/site\/wp-json\/wp\/v2\/posts\/6480"}],"collection":[{"href":"https:\/\/www.polisrecreio.com.br\/site\/wp-json\/wp\/v2\/posts"}],"about":[{"href":"https:\/\/www.polisrecreio.com.br\/site\/wp-json\/wp\/v2\/types\/post"}],"author":[{"embeddable":true,"href":"https:\/\/www.polisrecreio.com.br\/site\/wp-json\/wp\/v2\/users\/3"}],"replies":[{"embeddable":true,"href":"https:\/\/www.polisrecreio.com.br\/site\/wp-json\/wp\/v2\/comments?post=6480"}],"version-history":[{"count":8,"href":"https:\/\/www.polisrecreio.com.br\/site\/wp-json\/wp\/v2\/posts\/6480\/revisions"}],"predecessor-version":[{"id":6489,"href":"https:\/\/www.polisrecreio.com.br\/site\/wp-json\/wp\/v2\/posts\/6480\/revisions\/6489"}],"wp:featuredmedia":[{"embeddable":true,"href":"https:\/\/www.polisrecreio.com.br\/site\/wp-json\/wp\/v2\/media\/6481"}],"wp:attachment":[{"href":"https:\/\/www.polisrecreio.com.br\/site\/wp-json\/wp\/v2\/media?parent=6480"}],"wp:term":[{"taxonomy":"category","embeddable":true,"href":"https:\/\/www.polisrecreio.com.br\/site\/wp-json\/wp\/v2\/categories?post=6480"},{"taxonomy":"post_tag","embeddable":true,"href":"https:\/\/www.polisrecreio.com.br\/site\/wp-json\/wp\/v2\/tags?post=6480"}],"curies":[{"name":"wp","href":"https:\/\/api.w.org\/{rel}","templated":true}]}}