{"id":6496,"date":"2017-08-07T19:51:24","date_gmt":"2017-08-07T22:51:24","guid":{"rendered":"http:\/\/www.polisrecreio.com.br\/site\/?p=6496"},"modified":"2017-08-07T19:51:24","modified_gmt":"2017-08-07T22:51:24","slug":"domingo-dia-13-comeca-campeonato-de-futebol-em-angaturama","status":"publish","type":"post","link":"https:\/\/www.polisrecreio.com.br\/site\/2017\/08\/07\/domingo-dia-13-comeca-campeonato-de-futebol-em-angaturama\/","title":{"rendered":"Domingo, dia 13, come\u00e7a Campeonato de Futebol em Angaturama"},"content":{"rendered":"<p style=\"text-align: justify;\">No pr\u00f3ximo domingo (13), a partir das 14h, come\u00e7a mais um Campeonato de Futebol no distrito de Angaturama. A competi\u00e7\u00e3o ser\u00e1 promovida pela Prefeitura Municipal atrav\u00e9s da Secretaria Municipal de Esportes.<\/p>\n<p style=\"text-align: justify;\"><!--more--><\/p>\n<p style=\"text-align: justify;\"><a href=\"http:\/\/www.polisrecreio.com.br\/site\/wp-content\/uploads\/2017\/08\/cartaz-campeonato-de-Angaturama.jpg\"><img loading=\"lazy\" class=\"aligncenter size-full wp-image-6497\" src=\"http:\/\/www.polisrecreio.com.br\/site\/wp-content\/uploads\/2017\/08\/cartaz-campeonato-de-Angaturama.jpg\" alt=\"cartaz campeonato de Angaturama\" width=\"3504\" height=\"2903\" srcset=\"https:\/\/www.polisrecreio.com.br\/site\/wp-content\/uploads\/2017\/08\/cartaz-campeonato-de-Angaturama.jpg 3504w, https:\/\/www.polisrecreio.com.br\/site\/wp-content\/uploads\/2017\/08\/cartaz-campeonato-de-Angaturama-300x249.jpg 300w, https:\/\/www.polisrecreio.com.br\/site\/wp-content\/uploads\/2017\/08\/cartaz-campeonato-de-Angaturama-1024x848.jpg 1024w\" sizes=\"(max-width: 3504px) 100vw, 3504px\" \/><\/a><\/p>\n<p style=\"text-align: justify;\">Seis times estar\u00e3o disputando a competi\u00e7\u00e3o. As equipes levam o nome de grandes clubes do futebol brasileiro: Atl\u00e9tico Mineiro, Corinthians, Cruzeiro, Palmeiras, Santos e S\u00e3o Paulo. Quase 100 jogadores estar\u00e3o envolvidos.<\/p>\n<p style=\"text-align: justify;\">A primeira rodada ser\u00e1 domingo. Confira os jogos: 14h \u2013 Santos X Palmeiras; 16h \u2013 Atl\u00e9tico Mineiros X S\u00e3o Paulo. O grande campe\u00e3o da competi\u00e7\u00e3o levar\u00e1 o trof\u00e9u \u201cJos\u00e9 Rocha\u201d, em homenagem ao ex-goleiro do time do Angaturama.<\/p>\n<p style=\"text-align: justify;\">\u201cNossa cidade tem grande potencial em eventos esportivos, principalmente no futebol, e promov\u00ea-las tanto na cidade como tamb\u00e9m nos distritos \u00e9 uma das diretrizes de governo do prefeito Z\u00e9 Maria Barros\u201d, disse o secret\u00e1rio de Esportes, Leandro Ferreira Medeiros \u201cLeo Medeiros\u201d.<\/p>\n<p style=\"text-align: justify;\">O Campeonato em Angaturama contar\u00e1 com apoio da Loja Kibarato, Nossa Drogaria, Ronaldo Carnes &amp; Frios e da Agropecu\u00e1ria de Recreio.<\/p>\n","protected":false},"excerpt":{"rendered":"<p>No pr\u00f3ximo domingo (13), a partir das 14h, come\u00e7a mais um Campeonato de Futebol no distrito de Angaturama. A competi\u00e7\u00e3o ser\u00e1 promovida pela Prefeitura Municipal atrav\u00e9s da Secretaria Municipal de Esportes.<\/p>\n","protected":false},"author":3,"featured_media":6497,"comment_status":"open","ping_status":"open","sticky":false,"template":"","format":"standard","meta":[],"categories":[4],"tags":[],"yoast_head":"<!-- This site is optimized with the Yoast SEO plugin v15.6.2 - https:\/\/yoast.com\/wordpress\/plugins\/seo\/ -->\n<meta name=\"robots\" content=\"index, follow, max-snippet:-1, max-image-preview:large, max-video-preview:-1\" \/>\n<link rel=\"canonical\" href=\"http:\/\/www.polisrecreio.com.br\/site\/2017\/08\/07\/domingo-dia-13-comeca-campeonato-de-futebol-em-angaturama\/\" \/>\n<meta property=\"og:locale\" content=\"pt_BR\" \/>\n<meta property=\"og:type\" content=\"article\" \/>\n<meta property=\"og:title\" content=\"Domingo, dia 13, come\u00e7a Campeonato de Futebol em Angaturama - P\u00f3lis Recreio\" \/>\n<meta property=\"og:description\" content=\"No pr\u00f3ximo domingo (13), a partir das 14h, come\u00e7a mais um Campeonato de Futebol no distrito de Angaturama. A competi\u00e7\u00e3o ser\u00e1 promovida pela Prefeitura Municipal atrav\u00e9s da Secretaria Municipal de Esportes.\" \/>\n<meta property=\"og:url\" content=\"http:\/\/www.polisrecreio.com.br\/site\/2017\/08\/07\/domingo-dia-13-comeca-campeonato-de-futebol-em-angaturama\/\" \/>\n<meta property=\"og:site_name\" content=\"P\u00f3lis Recreio\" \/>\n<meta property=\"article:publisher\" content=\"https:\/\/www.facebook.com\/Site-P%c3%b3lis-Recreio-MG-181941708571019\/\" \/>\n<meta property=\"article:published_time\" content=\"2017-08-07T22:51:24+00:00\" \/>\n<meta property=\"og:image\" content=\"https:\/\/www.polisrecreio.com.br\/site\/wp-content\/uploads\/2017\/08\/cartaz-campeonato-de-Angaturama.jpg\" \/>\n\t<meta property=\"og:image:width\" content=\"3504\" \/>\n\t<meta property=\"og:image:height\" content=\"2903\" \/>\n<meta name=\"twitter:card\" content=\"summary_large_image\" \/>\n<meta name=\"twitter:creator\" content=\"@PolisRecreio\" \/>\n<meta name=\"twitter:site\" content=\"@PolisRecreio\" \/>\n<meta name=\"twitter:label1\" content=\"Est. reading time\">\n\t<meta name=\"twitter:data1\" content=\"1 minuto\">\n<script type=\"application\/ld+json\" class=\"yoast-schema-graph\">{\"@context\":\"https:\/\/schema.org\",\"@graph\":[{\"@type\":\"WebSite\",\"@id\":\"https:\/\/www.polisrecreio.com.br\/site\/#website\",\"url\":\"https:\/\/www.polisrecreio.com.br\/site\/\",\"name\":\"P\\u00f3lis Recreio\",\"description\":\"\",\"potentialAction\":[{\"@type\":\"SearchAction\",\"target\":\"https:\/\/www.polisrecreio.com.br\/site\/?s={search_term_string}\",\"query-input\":\"required name=search_term_string\"}],\"inLanguage\":\"pt-BR\"},{\"@type\":\"ImageObject\",\"@id\":\"http:\/\/www.polisrecreio.com.br\/site\/2017\/08\/07\/domingo-dia-13-comeca-campeonato-de-futebol-em-angaturama\/#primaryimage\",\"inLanguage\":\"pt-BR\",\"url\":\"https:\/\/www.polisrecreio.com.br\/site\/wp-content\/uploads\/2017\/08\/cartaz-campeonato-de-Angaturama.jpg\",\"width\":3504,\"height\":2903},{\"@type\":\"WebPage\",\"@id\":\"http:\/\/www.polisrecreio.com.br\/site\/2017\/08\/07\/domingo-dia-13-comeca-campeonato-de-futebol-em-angaturama\/#webpage\",\"url\":\"http:\/\/www.polisrecreio.com.br\/site\/2017\/08\/07\/domingo-dia-13-comeca-campeonato-de-futebol-em-angaturama\/\",\"name\":\"Domingo, dia 13, come\\u00e7a Campeonato de Futebol em Angaturama - P\\u00f3lis Recreio\",\"isPartOf\":{\"@id\":\"https:\/\/www.polisrecreio.com.br\/site\/#website\"},\"primaryImageOfPage\":{\"@id\":\"http:\/\/www.polisrecreio.com.br\/site\/2017\/08\/07\/domingo-dia-13-comeca-campeonato-de-futebol-em-angaturama\/#primaryimage\"},\"datePublished\":\"2017-08-07T22:51:24+00:00\",\"dateModified\":\"2017-08-07T22:51:24+00:00\",\"author\":{\"@id\":\"https:\/\/www.polisrecreio.com.br\/site\/#\/schema\/person\/3363c1c78e1e28e1329d97adb387638e\"},\"inLanguage\":\"pt-BR\",\"potentialAction\":[{\"@type\":\"ReadAction\",\"target\":[\"http:\/\/www.polisrecreio.com.br\/site\/2017\/08\/07\/domingo-dia-13-comeca-campeonato-de-futebol-em-angaturama\/\"]}]},{\"@type\":\"Person\",\"@id\":\"https:\/\/www.polisrecreio.com.br\/site\/#\/schema\/person\/3363c1c78e1e28e1329d97adb387638e\",\"name\":\"Leonardo Ribeiro\",\"image\":{\"@type\":\"ImageObject\",\"@id\":\"https:\/\/www.polisrecreio.com.br\/site\/#personlogo\",\"inLanguage\":\"pt-BR\",\"url\":\"https:\/\/secure.gravatar.com\/avatar\/6ba92a37d621e1a83e23710251178a12?s=96&d=mm&r=g\",\"caption\":\"Leonardo Ribeiro\"},\"sameAs\":[\"http:\/\/www.polisrecreio.com.br\"]}]}<\/script>\n<!-- \/ Yoast SEO plugin. -->","_links":{"self":[{"href":"https:\/\/www.polisrecreio.com.br\/site\/wp-json\/wp\/v2\/posts\/6496"}],"collection":[{"href":"https:\/\/www.polisrecreio.com.br\/site\/wp-json\/wp\/v2\/posts"}],"about":[{"href":"https:\/\/www.polisrecreio.com.br\/site\/wp-json\/wp\/v2\/types\/post"}],"author":[{"embeddable":true,"href":"https:\/\/www.polisrecreio.com.br\/site\/wp-json\/wp\/v2\/users\/3"}],"replies":[{"embeddable":true,"href":"https:\/\/www.polisrecreio.com.br\/site\/wp-json\/wp\/v2\/comments?post=6496"}],"version-history":[{"count":1,"href":"https:\/\/www.polisrecreio.com.br\/site\/wp-json\/wp\/v2\/posts\/6496\/revisions"}],"predecessor-version":[{"id":6498,"href":"https:\/\/www.polisrecreio.com.br\/site\/wp-json\/wp\/v2\/posts\/6496\/revisions\/6498"}],"wp:featuredmedia":[{"embeddable":true,"href":"https:\/\/www.polisrecreio.com.br\/site\/wp-json\/wp\/v2\/media\/6497"}],"wp:attachment":[{"href":"https:\/\/www.polisrecreio.com.br\/site\/wp-json\/wp\/v2\/media?parent=6496"}],"wp:term":[{"taxonomy":"category","embeddable":true,"href":"https:\/\/www.polisrecreio.com.br\/site\/wp-json\/wp\/v2\/categories?post=6496"},{"taxonomy":"post_tag","embeddable":true,"href":"https:\/\/www.polisrecreio.com.br\/site\/wp-json\/wp\/v2\/tags?post=6496"}],"curies":[{"name":"wp","href":"https:\/\/api.w.org\/{rel}","templated":true}]}}