{"id":6755,"date":"2017-09-02T16:55:19","date_gmt":"2017-09-02T19:55:19","guid":{"rendered":"http:\/\/www.polisrecreio.com.br\/site\/?p=6755"},"modified":"2017-09-02T16:56:26","modified_gmt":"2017-09-02T19:56:26","slug":"bandeiras-sao-hasteadas-em-comemoracao-a-semana-da-patria-em-recreio","status":"publish","type":"post","link":"https:\/\/www.polisrecreio.com.br\/site\/2017\/09\/02\/bandeiras-sao-hasteadas-em-comemoracao-a-semana-da-patria-em-recreio\/","title":{"rendered":"Bandeiras s\u00e3o hasteadas em comemora\u00e7\u00e3o a \u201cSemana da P\u00e1tria\u201d em Recreio"},"content":{"rendered":"<p style=\"text-align: justify;\">Em Recreio, o hasteamento das bandeiras do Brasil, de Minas Gerais e de Recreio, no Pa\u00e7o Municipal marcou o in\u00edcio das comemora\u00e7\u00f5es da \u201cSemana da P\u00e1tria\u201d. No dia 7 de setembro um desfile pelas ruas da cidade com participa\u00e7\u00e3o das escolas e de fanfarra encerrar\u00e1 as celebra\u00e7\u00f5es.<\/p>\n<p style=\"text-align: justify;\"><!--more--><\/p>\n<figure id=\"attachment_6756\" aria-describedby=\"caption-attachment-6756\" style=\"width: 750px\" class=\"wp-caption aligncenter\"><a href=\"http:\/\/www.polisrecreio.com.br\/site\/wp-content\/uploads\/2017\/09\/p\u00e1tria1.jpg\"><img loading=\"lazy\" class=\"size-full wp-image-6756\" src=\"http:\/\/www.polisrecreio.com.br\/site\/wp-content\/uploads\/2017\/09\/p\u00e1tria1.jpg\" alt=\"Sargento Marcus Vin\u00edcius, prefeito de Recreio e presidente da C\u00e2mara.\" width=\"750\" height=\"500\" srcset=\"https:\/\/www.polisrecreio.com.br\/site\/wp-content\/uploads\/2017\/09\/p\u00e1tria1.jpg 750w, https:\/\/www.polisrecreio.com.br\/site\/wp-content\/uploads\/2017\/09\/p\u00e1tria1-300x200.jpg 300w\" sizes=\"(max-width: 750px) 100vw, 750px\" \/><\/a><figcaption id=\"caption-attachment-6756\" class=\"wp-caption-text\">Sargento Marcus Vin\u00edcius, prefeito de Recreio e presidente da C\u00e2mara.<\/figcaption><\/figure>\n<p style=\"text-align: justify;\">A solenidade na sede do governo municipal contou com a presen\u00e7a de alunos das escolas: E.E Olavo Bilac, E.M Jo\u00e3o Damasceno Ferreira, E.M Professora Nice Damasceno de Almeida Muniz, C.E.M Crian\u00e7a Feliz e C.E Castelo das Letras. O prefeito Z\u00e9 Maria Barros, acompanhado da primeira-dama, Patr\u00edcia Surerus; a secret\u00e1ria de Educa\u00e7\u00e3o e Cultura, Maria Jos\u00e9 Lacerda \u201cZez\u00e9\u201d; o diretor do SAAE, Jos\u00e9 Augusto de Souza Filho \u201cDutinha\u201d; os diretores de escolas; o presidente da C\u00e2mara Municipal, Paulinho Pintor; o vereador Beto Xavier; o sargento da Pol\u00edcia Militar de Minas Gerais, Marcus Vin\u00edcius Geraldo, e demais, tamb\u00e9m participaram.<\/p>\n<p style=\"text-align: justify;\">Durante os pronunciamentos todos destacaram a import\u00e2ncia de celebrar a independ\u00eancia do Brasil e de resgatar as celebra\u00e7\u00f5es no Munic\u00edpio.<\/p>\n<p style=\"text-align: justify;\">Confira o cronograma da \u201cSemana da P\u00e1tria\u201d, organizada pela Secretaria Municipal de Educa\u00e7\u00e3o e Cultura:<\/p>\n<p style=\"text-align: justify;\">04\/09 \u2013 segunda-feira:<\/p>\n<p style=\"text-align: justify;\">8h: Momento c\u00edvico na E.E Olavo Bilac;<\/p>\n<p style=\"text-align: justify;\">13h: Momento c\u00edvico na C.E Castelo das Letras;<\/p>\n<p style=\"text-align: justify;\">05\/09 \u2013 ter\u00e7a-feira:<\/p>\n<p style=\"text-align: justify;\">8h: Momento c\u00edvico na E.E Presidente Carlos Luz;<\/p>\n<p style=\"text-align: justify;\">13h: Momento c\u00edvico na APAE;<\/p>\n<p style=\"text-align: justify;\">06\/09 \u2013 quarta-feira:<\/p>\n<p style=\"text-align: justify;\">8h: Momento c\u00edvico na C.E.M Crian\u00e7a Feliz;<\/p>\n<p style=\"text-align: justify;\">13h: Momento c\u00edvico na E.M Prof\u00aa Nice Damasceno de Almeida Muniz;<\/p>\n<p style=\"text-align: justify;\">07\/09 \u2013 quinta-feira:<\/p>\n<p style=\"text-align: justify;\">8h \u2013 desfile pelas ruas da cidade com concentra\u00e7\u00e3o na Rua Governo Valadares, ao lado da Padaria Kim, e encerramento na Pra\u00e7a dos Ferrovi\u00e1rios. Participa\u00e7\u00e3o da fanfarra da E.E Sebasti\u00e3o Medeiros, de Ribeiro Junqueira\/Leopoldina.<\/p>\n<figure id=\"attachment_6757\" aria-describedby=\"caption-attachment-6757\" style=\"width: 750px\" class=\"wp-caption aligncenter\"><a href=\"http:\/\/www.polisrecreio.com.br\/site\/wp-content\/uploads\/2017\/09\/p\u00e1tria2.jpg\"><img loading=\"lazy\" class=\"wp-image-6757 size-full\" src=\"http:\/\/www.polisrecreio.com.br\/site\/wp-content\/uploads\/2017\/09\/p\u00e1tria2.jpg\" alt=\"p\u00e1tria2\" width=\"750\" height=\"500\" srcset=\"https:\/\/www.polisrecreio.com.br\/site\/wp-content\/uploads\/2017\/09\/p\u00e1tria2.jpg 750w, https:\/\/www.polisrecreio.com.br\/site\/wp-content\/uploads\/2017\/09\/p\u00e1tria2-300x200.jpg 300w\" sizes=\"(max-width: 750px) 100vw, 750px\" \/><\/a><figcaption id=\"caption-attachment-6757\" class=\"wp-caption-text\">Hasteamentos das bandeiras.<\/figcaption><\/figure>\n<figure id=\"attachment_6758\" aria-describedby=\"caption-attachment-6758\" style=\"width: 750px\" class=\"wp-caption aligncenter\"><a href=\"http:\/\/www.polisrecreio.com.br\/site\/wp-content\/uploads\/2017\/09\/p\u00e1tria3.jpg\"><img loading=\"lazy\" class=\"wp-image-6758 size-full\" src=\"http:\/\/www.polisrecreio.com.br\/site\/wp-content\/uploads\/2017\/09\/p\u00e1tria3.jpg\" alt=\"p\u00e1tria3\" width=\"750\" height=\"500\" srcset=\"https:\/\/www.polisrecreio.com.br\/site\/wp-content\/uploads\/2017\/09\/p\u00e1tria3.jpg 750w, https:\/\/www.polisrecreio.com.br\/site\/wp-content\/uploads\/2017\/09\/p\u00e1tria3-300x200.jpg 300w\" sizes=\"(max-width: 750px) 100vw, 750px\" \/><\/a><figcaption id=\"caption-attachment-6758\" class=\"wp-caption-text\">Momento do Hino Nacional e Hino da Independ\u00eancia.<\/figcaption><\/figure>\n<figure id=\"attachment_6759\" aria-describedby=\"caption-attachment-6759\" style=\"width: 750px\" class=\"wp-caption aligncenter\"><a href=\"http:\/\/www.polisrecreio.com.br\/site\/wp-content\/uploads\/2017\/09\/p\u00e1tria4.jpg\"><img loading=\"lazy\" class=\"wp-image-6759 size-full\" src=\"http:\/\/www.polisrecreio.com.br\/site\/wp-content\/uploads\/2017\/09\/p\u00e1tria4.jpg\" alt=\"p\u00e1tria4\" width=\"750\" height=\"500\" srcset=\"https:\/\/www.polisrecreio.com.br\/site\/wp-content\/uploads\/2017\/09\/p\u00e1tria4.jpg 750w, https:\/\/www.polisrecreio.com.br\/site\/wp-content\/uploads\/2017\/09\/p\u00e1tria4-300x200.jpg 300w\" sizes=\"(max-width: 750px) 100vw, 750px\" \/><\/a><figcaption id=\"caption-attachment-6759\" class=\"wp-caption-text\">Abertura da &#8220;Semana da P\u00e1tria&#8221;.<\/figcaption><\/figure>\n<figure id=\"attachment_6760\" aria-describedby=\"caption-attachment-6760\" style=\"width: 750px\" class=\"wp-caption aligncenter\"><a href=\"http:\/\/www.polisrecreio.com.br\/site\/wp-content\/uploads\/2017\/09\/p\u00e1tria5.jpg\"><img loading=\"lazy\" class=\"wp-image-6760 size-full\" src=\"http:\/\/www.polisrecreio.com.br\/site\/wp-content\/uploads\/2017\/09\/p\u00e1tria5.jpg\" alt=\"p\u00e1tria5\" width=\"750\" height=\"500\" srcset=\"https:\/\/www.polisrecreio.com.br\/site\/wp-content\/uploads\/2017\/09\/p\u00e1tria5.jpg 750w, https:\/\/www.polisrecreio.com.br\/site\/wp-content\/uploads\/2017\/09\/p\u00e1tria5-300x200.jpg 300w\" sizes=\"(max-width: 750px) 100vw, 750px\" \/><\/a><figcaption id=\"caption-attachment-6760\" class=\"wp-caption-text\">Presidente da C\u00e2mara em pronunciamento.<\/figcaption><\/figure>\n<figure id=\"attachment_6761\" aria-describedby=\"caption-attachment-6761\" style=\"width: 750px\" class=\"wp-caption aligncenter\"><a href=\"http:\/\/www.polisrecreio.com.br\/site\/wp-content\/uploads\/2017\/09\/p\u00e1tria6.jpg\"><img loading=\"lazy\" class=\"wp-image-6761 size-full\" src=\"http:\/\/www.polisrecreio.com.br\/site\/wp-content\/uploads\/2017\/09\/p\u00e1tria6.jpg\" alt=\"p\u00e1tria6\" width=\"750\" height=\"500\" srcset=\"https:\/\/www.polisrecreio.com.br\/site\/wp-content\/uploads\/2017\/09\/p\u00e1tria6.jpg 750w, https:\/\/www.polisrecreio.com.br\/site\/wp-content\/uploads\/2017\/09\/p\u00e1tria6-300x200.jpg 300w\" sizes=\"(max-width: 750px) 100vw, 750px\" \/><\/a><figcaption id=\"caption-attachment-6761\" class=\"wp-caption-text\">Secret\u00e1ria de Educa\u00e7\u00e3o em pronunciamento.<\/figcaption><\/figure>\n<figure id=\"attachment_6762\" aria-describedby=\"caption-attachment-6762\" style=\"width: 750px\" class=\"wp-caption aligncenter\"><a href=\"http:\/\/www.polisrecreio.com.br\/site\/wp-content\/uploads\/2017\/09\/p\u00e1tria7.jpg\"><img loading=\"lazy\" class=\"wp-image-6762 size-full\" src=\"http:\/\/www.polisrecreio.com.br\/site\/wp-content\/uploads\/2017\/09\/p\u00e1tria7.jpg\" alt=\"p\u00e1tria7\" width=\"750\" height=\"500\" srcset=\"https:\/\/www.polisrecreio.com.br\/site\/wp-content\/uploads\/2017\/09\/p\u00e1tria7.jpg 750w, https:\/\/www.polisrecreio.com.br\/site\/wp-content\/uploads\/2017\/09\/p\u00e1tria7-300x200.jpg 300w\" sizes=\"(max-width: 750px) 100vw, 750px\" \/><\/a><figcaption id=\"caption-attachment-6762\" class=\"wp-caption-text\">Prefeito de Recreio em pronunciamento.<\/figcaption><\/figure>\n<figure id=\"attachment_6763\" aria-describedby=\"caption-attachment-6763\" style=\"width: 750px\" class=\"wp-caption aligncenter\"><a href=\"http:\/\/www.polisrecreio.com.br\/site\/wp-content\/uploads\/2017\/09\/p\u00e1tria8.jpg\"><img loading=\"lazy\" class=\"wp-image-6763 size-full\" src=\"http:\/\/www.polisrecreio.com.br\/site\/wp-content\/uploads\/2017\/09\/p\u00e1tria8.jpg\" alt=\"p\u00e1tria8\" width=\"750\" height=\"500\" srcset=\"https:\/\/www.polisrecreio.com.br\/site\/wp-content\/uploads\/2017\/09\/p\u00e1tria8.jpg 750w, https:\/\/www.polisrecreio.com.br\/site\/wp-content\/uploads\/2017\/09\/p\u00e1tria8-300x200.jpg 300w\" sizes=\"(max-width: 750px) 100vw, 750px\" \/><\/a><figcaption id=\"caption-attachment-6763\" class=\"wp-caption-text\">Autoridades presentes.<\/figcaption><\/figure>\n<figure id=\"attachment_6764\" aria-describedby=\"caption-attachment-6764\" style=\"width: 750px\" class=\"wp-caption aligncenter\"><a href=\"http:\/\/www.polisrecreio.com.br\/site\/wp-content\/uploads\/2017\/09\/p\u00e1tria9.jpg\"><img loading=\"lazy\" class=\"wp-image-6764 size-full\" src=\"http:\/\/www.polisrecreio.com.br\/site\/wp-content\/uploads\/2017\/09\/p\u00e1tria9.jpg\" alt=\"p\u00e1tria9\" width=\"750\" height=\"500\" srcset=\"https:\/\/www.polisrecreio.com.br\/site\/wp-content\/uploads\/2017\/09\/p\u00e1tria9.jpg 750w, https:\/\/www.polisrecreio.com.br\/site\/wp-content\/uploads\/2017\/09\/p\u00e1tria9-300x200.jpg 300w\" sizes=\"(max-width: 750px) 100vw, 750px\" \/><\/a><figcaption id=\"caption-attachment-6764\" class=\"wp-caption-text\">Alunos do C.E.M Crian\u00e7a Feliz.<\/figcaption><\/figure>\n<figure id=\"attachment_6765\" aria-describedby=\"caption-attachment-6765\" style=\"width: 750px\" class=\"wp-caption aligncenter\"><a href=\"http:\/\/www.polisrecreio.com.br\/site\/wp-content\/uploads\/2017\/09\/p\u00e1tria10.jpg\"><img loading=\"lazy\" class=\"wp-image-6765 size-full\" src=\"http:\/\/www.polisrecreio.com.br\/site\/wp-content\/uploads\/2017\/09\/p\u00e1tria10.jpg\" alt=\"p\u00e1tria10\" width=\"750\" height=\"500\" srcset=\"https:\/\/www.polisrecreio.com.br\/site\/wp-content\/uploads\/2017\/09\/p\u00e1tria10.jpg 750w, https:\/\/www.polisrecreio.com.br\/site\/wp-content\/uploads\/2017\/09\/p\u00e1tria10-300x200.jpg 300w\" sizes=\"(max-width: 750px) 100vw, 750px\" \/><\/a><figcaption id=\"caption-attachment-6765\" class=\"wp-caption-text\">Alunos da E.M Jo\u00e3o Damasceno Ferreira.<\/figcaption><\/figure>\n<figure id=\"attachment_6766\" aria-describedby=\"caption-attachment-6766\" style=\"width: 750px\" class=\"wp-caption aligncenter\"><a href=\"http:\/\/www.polisrecreio.com.br\/site\/wp-content\/uploads\/2017\/09\/p\u00e1tria11.jpg\"><img loading=\"lazy\" class=\"wp-image-6766 size-full\" src=\"http:\/\/www.polisrecreio.com.br\/site\/wp-content\/uploads\/2017\/09\/p\u00e1tria11.jpg\" alt=\"p\u00e1tria11\" width=\"750\" height=\"500\" srcset=\"https:\/\/www.polisrecreio.com.br\/site\/wp-content\/uploads\/2017\/09\/p\u00e1tria11.jpg 750w, https:\/\/www.polisrecreio.com.br\/site\/wp-content\/uploads\/2017\/09\/p\u00e1tria11-300x200.jpg 300w\" sizes=\"(max-width: 750px) 100vw, 750px\" \/><\/a><figcaption id=\"caption-attachment-6766\" class=\"wp-caption-text\">Alunos do C.E Castelo das Letras.<\/figcaption><\/figure>\n<figure id=\"attachment_6767\" aria-describedby=\"caption-attachment-6767\" style=\"width: 750px\" class=\"wp-caption aligncenter\"><a href=\"http:\/\/www.polisrecreio.com.br\/site\/wp-content\/uploads\/2017\/09\/p\u00e1tria12.jpg\"><img loading=\"lazy\" class=\"wp-image-6767 size-full\" src=\"http:\/\/www.polisrecreio.com.br\/site\/wp-content\/uploads\/2017\/09\/p\u00e1tria12.jpg\" alt=\"p\u00e1tria12\" width=\"750\" height=\"500\" srcset=\"https:\/\/www.polisrecreio.com.br\/site\/wp-content\/uploads\/2017\/09\/p\u00e1tria12.jpg 750w, https:\/\/www.polisrecreio.com.br\/site\/wp-content\/uploads\/2017\/09\/p\u00e1tria12-300x200.jpg 300w\" sizes=\"(max-width: 750px) 100vw, 750px\" \/><\/a><figcaption id=\"caption-attachment-6767\" class=\"wp-caption-text\">Alunos da E.M Professora Nice D. A. Muniz.<\/figcaption><\/figure>\n<figure id=\"attachment_6768\" aria-describedby=\"caption-attachment-6768\" style=\"width: 750px\" class=\"wp-caption aligncenter\"><a href=\"http:\/\/www.polisrecreio.com.br\/site\/wp-content\/uploads\/2017\/09\/p\u00e1tria13.jpg\"><img loading=\"lazy\" class=\"wp-image-6768 size-full\" src=\"http:\/\/www.polisrecreio.com.br\/site\/wp-content\/uploads\/2017\/09\/p\u00e1tria13.jpg\" alt=\"p\u00e1tria13\" width=\"750\" height=\"500\" srcset=\"https:\/\/www.polisrecreio.com.br\/site\/wp-content\/uploads\/2017\/09\/p\u00e1tria13.jpg 750w, https:\/\/www.polisrecreio.com.br\/site\/wp-content\/uploads\/2017\/09\/p\u00e1tria13-300x200.jpg 300w\" sizes=\"(max-width: 750px) 100vw, 750px\" \/><\/a><figcaption id=\"caption-attachment-6768\" class=\"wp-caption-text\">Alunos da E.E Olavo Bilac.<\/figcaption><\/figure>\n<figure id=\"attachment_6769\" aria-describedby=\"caption-attachment-6769\" style=\"width: 750px\" class=\"wp-caption aligncenter\"><a href=\"http:\/\/www.polisrecreio.com.br\/site\/wp-content\/uploads\/2017\/09\/p\u00e1tria14.jpg\"><img loading=\"lazy\" class=\"wp-image-6769 size-full\" src=\"http:\/\/www.polisrecreio.com.br\/site\/wp-content\/uploads\/2017\/09\/p\u00e1tria14.jpg\" alt=\"p\u00e1tria14\" width=\"750\" height=\"500\" srcset=\"https:\/\/www.polisrecreio.com.br\/site\/wp-content\/uploads\/2017\/09\/p\u00e1tria14.jpg 750w, https:\/\/www.polisrecreio.com.br\/site\/wp-content\/uploads\/2017\/09\/p\u00e1tria14-300x200.jpg 300w\" sizes=\"(max-width: 750px) 100vw, 750px\" \/><\/a><figcaption id=\"caption-attachment-6769\" class=\"wp-caption-text\">Prefeito e primeira-dama com a equipe da APAE.<\/figcaption><\/figure>\n<p style=\"text-align: justify;\"><a href=\"http:\/\/www.polisrecreio.com.br\/site\/wp-content\/uploads\/2017\/09\/p\u00e1tria15.jpg\"><img loading=\"lazy\" class=\"aligncenter size-large wp-image-6770\" src=\"http:\/\/www.polisrecreio.com.br\/site\/wp-content\/uploads\/2017\/09\/p\u00e1tria15.jpg\" alt=\"p\u00e1tria15\" width=\"650\" height=\"433\" srcset=\"https:\/\/www.polisrecreio.com.br\/site\/wp-content\/uploads\/2017\/09\/p\u00e1tria15.jpg 750w, https:\/\/www.polisrecreio.com.br\/site\/wp-content\/uploads\/2017\/09\/p\u00e1tria15-300x200.jpg 300w\" sizes=\"(max-width: 650px) 100vw, 650px\" \/><\/a> <a href=\"http:\/\/www.polisrecreio.com.br\/site\/wp-content\/uploads\/2017\/09\/p\u00e1tria16.jpg\"><img loading=\"lazy\" class=\"aligncenter size-large wp-image-6771\" src=\"http:\/\/www.polisrecreio.com.br\/site\/wp-content\/uploads\/2017\/09\/p\u00e1tria16.jpg\" alt=\"p\u00e1tria16\" width=\"650\" height=\"433\" srcset=\"https:\/\/www.polisrecreio.com.br\/site\/wp-content\/uploads\/2017\/09\/p\u00e1tria16.jpg 750w, https:\/\/www.polisrecreio.com.br\/site\/wp-content\/uploads\/2017\/09\/p\u00e1tria16-300x200.jpg 300w\" sizes=\"(max-width: 650px) 100vw, 650px\" \/><\/a><\/p>\n","protected":false},"excerpt":{"rendered":"<p>Em Recreio, o hasteamento das bandeiras do Brasil, de Minas Gerais e de Recreio, no Pa\u00e7o Municipal marcou o in\u00edcio das comemora\u00e7\u00f5es da \u201cSemana da P\u00e1tria\u201d. No dia 7 de setembro um desfile pelas ruas da cidade com participa\u00e7\u00e3o das escolas e de fanfarra encerrar\u00e1 as celebra\u00e7\u00f5es.<\/p>\n","protected":false},"author":3,"featured_media":6756,"comment_status":"open","ping_status":"open","sticky":false,"template":"","format":"standard","meta":[],"categories":[2],"tags":[],"yoast_head":"<!-- This site is optimized with the Yoast SEO plugin v15.6.2 - https:\/\/yoast.com\/wordpress\/plugins\/seo\/ -->\n<meta name=\"robots\" content=\"index, follow, max-snippet:-1, max-image-preview:large, max-video-preview:-1\" \/>\n<link rel=\"canonical\" href=\"http:\/\/www.polisrecreio.com.br\/site\/2017\/09\/02\/bandeiras-sao-hasteadas-em-comemoracao-a-semana-da-patria-em-recreio\/\" \/>\n<meta property=\"og:locale\" content=\"pt_BR\" \/>\n<meta property=\"og:type\" content=\"article\" \/>\n<meta property=\"og:title\" content=\"Bandeiras s\u00e3o hasteadas em comemora\u00e7\u00e3o a \u201cSemana da P\u00e1tria\u201d em Recreio - P\u00f3lis Recreio\" \/>\n<meta property=\"og:description\" content=\"Em Recreio, o hasteamento das bandeiras do Brasil, de Minas Gerais e de Recreio, no Pa\u00e7o Municipal marcou o in\u00edcio das comemora\u00e7\u00f5es da \u201cSemana da P\u00e1tria\u201d. No dia 7 de setembro um desfile pelas ruas da cidade com participa\u00e7\u00e3o das escolas e de fanfarra encerrar\u00e1 as celebra\u00e7\u00f5es.\" \/>\n<meta property=\"og:url\" content=\"http:\/\/www.polisrecreio.com.br\/site\/2017\/09\/02\/bandeiras-sao-hasteadas-em-comemoracao-a-semana-da-patria-em-recreio\/\" \/>\n<meta property=\"og:site_name\" content=\"P\u00f3lis Recreio\" \/>\n<meta property=\"article:publisher\" content=\"https:\/\/www.facebook.com\/Site-P%c3%b3lis-Recreio-MG-181941708571019\/\" \/>\n<meta property=\"article:published_time\" content=\"2017-09-02T19:55:19+00:00\" \/>\n<meta property=\"article:modified_time\" content=\"2017-09-02T19:56:26+00:00\" \/>\n<meta property=\"og:image\" content=\"https:\/\/www.polisrecreio.com.br\/site\/wp-content\/uploads\/2017\/09\/p\u00e1tria1.jpg\" \/>\n\t<meta property=\"og:image:width\" content=\"750\" \/>\n\t<meta property=\"og:image:height\" content=\"500\" \/>\n<meta name=\"twitter:card\" content=\"summary_large_image\" \/>\n<meta name=\"twitter:creator\" content=\"@PolisRecreio\" \/>\n<meta name=\"twitter:site\" content=\"@PolisRecreio\" \/>\n<meta name=\"twitter:label1\" content=\"Est. reading time\">\n\t<meta name=\"twitter:data1\" content=\"3 minutos\">\n<script type=\"application\/ld+json\" class=\"yoast-schema-graph\">{\"@context\":\"https:\/\/schema.org\",\"@graph\":[{\"@type\":\"WebSite\",\"@id\":\"https:\/\/www.polisrecreio.com.br\/site\/#website\",\"url\":\"https:\/\/www.polisrecreio.com.br\/site\/\",\"name\":\"P\\u00f3lis Recreio\",\"description\":\"\",\"potentialAction\":[{\"@type\":\"SearchAction\",\"target\":\"https:\/\/www.polisrecreio.com.br\/site\/?s={search_term_string}\",\"query-input\":\"required name=search_term_string\"}],\"inLanguage\":\"pt-BR\"},{\"@type\":\"ImageObject\",\"@id\":\"http:\/\/www.polisrecreio.com.br\/site\/2017\/09\/02\/bandeiras-sao-hasteadas-em-comemoracao-a-semana-da-patria-em-recreio\/#primaryimage\",\"inLanguage\":\"pt-BR\",\"url\":\"https:\/\/www.polisrecreio.com.br\/site\/wp-content\/uploads\/2017\/09\/p\\u00e1tria1.jpg\",\"width\":750,\"height\":500,\"caption\":\"Sargento Marcus Vin\\u00edcius, prefeito de Recreio e presidente da C\\u00e2mara.\"},{\"@type\":\"WebPage\",\"@id\":\"http:\/\/www.polisrecreio.com.br\/site\/2017\/09\/02\/bandeiras-sao-hasteadas-em-comemoracao-a-semana-da-patria-em-recreio\/#webpage\",\"url\":\"http:\/\/www.polisrecreio.com.br\/site\/2017\/09\/02\/bandeiras-sao-hasteadas-em-comemoracao-a-semana-da-patria-em-recreio\/\",\"name\":\"Bandeiras s\\u00e3o hasteadas em comemora\\u00e7\\u00e3o a \\u201cSemana da P\\u00e1tria\\u201d em Recreio - P\\u00f3lis Recreio\",\"isPartOf\":{\"@id\":\"https:\/\/www.polisrecreio.com.br\/site\/#website\"},\"primaryImageOfPage\":{\"@id\":\"http:\/\/www.polisrecreio.com.br\/site\/2017\/09\/02\/bandeiras-sao-hasteadas-em-comemoracao-a-semana-da-patria-em-recreio\/#primaryimage\"},\"datePublished\":\"2017-09-02T19:55:19+00:00\",\"dateModified\":\"2017-09-02T19:56:26+00:00\",\"author\":{\"@id\":\"https:\/\/www.polisrecreio.com.br\/site\/#\/schema\/person\/3363c1c78e1e28e1329d97adb387638e\"},\"inLanguage\":\"pt-BR\",\"potentialAction\":[{\"@type\":\"ReadAction\",\"target\":[\"http:\/\/www.polisrecreio.com.br\/site\/2017\/09\/02\/bandeiras-sao-hasteadas-em-comemoracao-a-semana-da-patria-em-recreio\/\"]}]},{\"@type\":\"Person\",\"@id\":\"https:\/\/www.polisrecreio.com.br\/site\/#\/schema\/person\/3363c1c78e1e28e1329d97adb387638e\",\"name\":\"Leonardo Ribeiro\",\"image\":{\"@type\":\"ImageObject\",\"@id\":\"https:\/\/www.polisrecreio.com.br\/site\/#personlogo\",\"inLanguage\":\"pt-BR\",\"url\":\"https:\/\/secure.gravatar.com\/avatar\/6ba92a37d621e1a83e23710251178a12?s=96&d=mm&r=g\",\"caption\":\"Leonardo Ribeiro\"},\"sameAs\":[\"http:\/\/www.polisrecreio.com.br\"]}]}<\/script>\n<!-- \/ Yoast SEO plugin. -->","_links":{"self":[{"href":"https:\/\/www.polisrecreio.com.br\/site\/wp-json\/wp\/v2\/posts\/6755"}],"collection":[{"href":"https:\/\/www.polisrecreio.com.br\/site\/wp-json\/wp\/v2\/posts"}],"about":[{"href":"https:\/\/www.polisrecreio.com.br\/site\/wp-json\/wp\/v2\/types\/post"}],"author":[{"embeddable":true,"href":"https:\/\/www.polisrecreio.com.br\/site\/wp-json\/wp\/v2\/users\/3"}],"replies":[{"embeddable":true,"href":"https:\/\/www.polisrecreio.com.br\/site\/wp-json\/wp\/v2\/comments?post=6755"}],"version-history":[{"count":2,"href":"https:\/\/www.polisrecreio.com.br\/site\/wp-json\/wp\/v2\/posts\/6755\/revisions"}],"predecessor-version":[{"id":6773,"href":"https:\/\/www.polisrecreio.com.br\/site\/wp-json\/wp\/v2\/posts\/6755\/revisions\/6773"}],"wp:featuredmedia":[{"embeddable":true,"href":"https:\/\/www.polisrecreio.com.br\/site\/wp-json\/wp\/v2\/media\/6756"}],"wp:attachment":[{"href":"https:\/\/www.polisrecreio.com.br\/site\/wp-json\/wp\/v2\/media?parent=6755"}],"wp:term":[{"taxonomy":"category","embeddable":true,"href":"https:\/\/www.polisrecreio.com.br\/site\/wp-json\/wp\/v2\/categories?post=6755"},{"taxonomy":"post_tag","embeddable":true,"href":"https:\/\/www.polisrecreio.com.br\/site\/wp-json\/wp\/v2\/tags?post=6755"}],"curies":[{"name":"wp","href":"https:\/\/api.w.org\/{rel}","templated":true}]}}