{"id":694,"date":"2015-02-24T16:33:24","date_gmt":"2015-02-24T19:33:24","guid":{"rendered":"http:\/\/www.polisrecreio.com.br\/site\/?p=694"},"modified":"2017-02-23T09:54:45","modified_gmt":"2017-02-23T12:54:45","slug":"lixo-domiciliar-so-voltara-a-ser-recolhido-no-sabado","status":"publish","type":"post","link":"https:\/\/www.polisrecreio.com.br\/site\/2015\/02\/24\/lixo-domiciliar-so-voltara-a-ser-recolhido-no-sabado\/","title":{"rendered":"Lixo domiciliar s\u00f3 voltar\u00e1 a ser recolhido no s\u00e1bado"},"content":{"rendered":"<p style=\"text-align: justify;\">Na manh\u00e3 de hoje v\u00e1rios recreienses colocaram nas cal\u00e7adas, grades e muros, os seus tambores, sacolas e demais dep\u00f3sitos de lixos domiciliares esperando a passagem do caminh\u00e3o de recolhimento, por\u00e9m em v\u00e1rios bairros a retirada n\u00e3o aconteceu e a informa\u00e7\u00e3o do setor respons\u00e1vel da Prefeitura Municipal \u00e9 que o servi\u00e7o s\u00f3 voltar\u00e1 ser realizado no s\u00e1bado.<\/p>\n<p style=\"text-align: justify;\"><!--more--><\/p>\n<p style=\"text-align: justify;\"><a href=\"http:\/\/www.polisrecreio.com.br\/site\/wp-content\/uploads\/2015\/12\/lixo-urbano.jpg\"><img loading=\"lazy\" class=\"aligncenter wp-image-695 size-full\" src=\"http:\/\/www.polisrecreio.com.br\/site\/wp-content\/uploads\/2015\/12\/lixo-urbano.jpg\" alt=\"lixo urbano\" width=\"800\" height=\"470\" srcset=\"https:\/\/www.polisrecreio.com.br\/site\/wp-content\/uploads\/2015\/12\/lixo-urbano.jpg 800w, https:\/\/www.polisrecreio.com.br\/site\/wp-content\/uploads\/2015\/12\/lixo-urbano-300x176.jpg 300w\" sizes=\"(max-width: 800px) 100vw, 800px\" \/><\/a><\/p>\n<p style=\"text-align: justify;\">Em contato com o assessor especial de desenvolvimento urbano, Jadir Sim\u00e3o, ele disse que hoje houve o recolhimento em alguns bairros com um caminh\u00e3o apenas, mas com o recesso natalino da Usina Uni\u00e3o Recicl\u00e1veis, localizada na BR-116, pra onde \u00e9 direcionado o lixo de Recreio, \u00e0s 11h desta quinta-feira (24) e o retorno s\u00f3 na segunda-feira (27), o assessor disse que n\u00e3o conseguiu completar o servi\u00e7o e por n\u00e3o haver dep\u00f3sito apropriado na cidade a op\u00e7\u00e3o foi recolher tudo no s\u00e1bado e deixar dentro dos caminh\u00f5es at\u00e9 segunda-feira.<\/p>\n<p style=\"text-align: justify;\">A medida n\u00e3o dever\u00e1 agradar aos recreienses, principalmente naquelas casas aonde est\u00e3o recebendo visitantes.<\/p>\n<p><strong>Recolhimento de entulho s\u00f3 dia 10<\/strong><\/p>\n<p style=\"text-align: justify;\">Outra medida tomada pela Prefeitura Municipal foi sobre o recolhimento de entulhos de obras, capinas e etc., o servi\u00e7o foi paralisado no in\u00edcio da semana do natal e s\u00f3 retornar\u00e1 dia 10 de janeiro.<\/p>\n","protected":false},"excerpt":{"rendered":"<p>Na manh\u00e3 de hoje v\u00e1rios recreienses colocaram nas cal\u00e7adas, grades e muros, os seus tambores, sacolas e demais dep\u00f3sitos de lixos domiciliares esperando a passagem do caminh\u00e3o de recolhimento, por\u00e9m em v\u00e1rios bairros a retirada n\u00e3o aconteceu e a informa\u00e7\u00e3o do setor respons\u00e1vel da Prefeitura Municipal \u00e9 que o servi\u00e7o s\u00f3 voltar\u00e1 ser realizado no [&hellip;]<\/p>\n","protected":false},"author":3,"featured_media":695,"comment_status":"closed","ping_status":"closed","sticky":false,"template":"","format":"standard","meta":[],"categories":[1],"tags":[],"yoast_head":"<!-- This site is optimized with the Yoast SEO plugin v15.6.2 - https:\/\/yoast.com\/wordpress\/plugins\/seo\/ -->\n<meta name=\"robots\" content=\"index, follow, max-snippet:-1, max-image-preview:large, max-video-preview:-1\" \/>\n<link rel=\"canonical\" href=\"https:\/\/www.polisrecreio.com.br\/site\/2015\/02\/24\/lixo-domiciliar-so-voltara-a-ser-recolhido-no-sabado\/\" \/>\n<meta property=\"og:locale\" content=\"pt_BR\" \/>\n<meta property=\"og:type\" content=\"article\" \/>\n<meta property=\"og:title\" content=\"Lixo domiciliar s\u00f3 voltar\u00e1 a ser recolhido no s\u00e1bado - P\u00f3lis Recreio\" \/>\n<meta property=\"og:description\" content=\"Na manh\u00e3 de hoje v\u00e1rios recreienses colocaram nas cal\u00e7adas, grades e muros, os seus tambores, sacolas e demais dep\u00f3sitos de lixos domiciliares esperando a passagem do caminh\u00e3o de recolhimento, por\u00e9m em v\u00e1rios bairros a retirada n\u00e3o aconteceu e a informa\u00e7\u00e3o do setor respons\u00e1vel da Prefeitura Municipal \u00e9 que o servi\u00e7o s\u00f3 voltar\u00e1 ser realizado no [&hellip;]\" \/>\n<meta property=\"og:url\" content=\"https:\/\/www.polisrecreio.com.br\/site\/2015\/02\/24\/lixo-domiciliar-so-voltara-a-ser-recolhido-no-sabado\/\" \/>\n<meta property=\"og:site_name\" content=\"P\u00f3lis Recreio\" \/>\n<meta property=\"article:publisher\" content=\"https:\/\/www.facebook.com\/Site-P%c3%b3lis-Recreio-MG-181941708571019\/\" \/>\n<meta property=\"article:published_time\" content=\"2015-02-24T19:33:24+00:00\" \/>\n<meta property=\"article:modified_time\" content=\"2017-02-23T12:54:45+00:00\" \/>\n<meta property=\"og:image\" content=\"https:\/\/www.polisrecreio.com.br\/site\/wp-content\/uploads\/2015\/12\/lixo-urbano.jpg\" \/>\n\t<meta property=\"og:image:width\" content=\"800\" \/>\n\t<meta property=\"og:image:height\" content=\"470\" \/>\n<meta name=\"twitter:card\" content=\"summary_large_image\" \/>\n<meta name=\"twitter:creator\" content=\"@PolisRecreio\" \/>\n<meta name=\"twitter:site\" content=\"@PolisRecreio\" \/>\n<meta name=\"twitter:label1\" content=\"Est. reading time\">\n\t<meta name=\"twitter:data1\" content=\"1 minuto\">\n<script type=\"application\/ld+json\" class=\"yoast-schema-graph\">{\"@context\":\"https:\/\/schema.org\",\"@graph\":[{\"@type\":\"WebSite\",\"@id\":\"https:\/\/www.polisrecreio.com.br\/site\/#website\",\"url\":\"https:\/\/www.polisrecreio.com.br\/site\/\",\"name\":\"P\\u00f3lis Recreio\",\"description\":\"\",\"potentialAction\":[{\"@type\":\"SearchAction\",\"target\":\"https:\/\/www.polisrecreio.com.br\/site\/?s={search_term_string}\",\"query-input\":\"required name=search_term_string\"}],\"inLanguage\":\"pt-BR\"},{\"@type\":\"ImageObject\",\"@id\":\"https:\/\/www.polisrecreio.com.br\/site\/2015\/02\/24\/lixo-domiciliar-so-voltara-a-ser-recolhido-no-sabado\/#primaryimage\",\"inLanguage\":\"pt-BR\",\"url\":\"https:\/\/www.polisrecreio.com.br\/site\/wp-content\/uploads\/2015\/12\/lixo-urbano.jpg\",\"width\":800,\"height\":470},{\"@type\":\"WebPage\",\"@id\":\"https:\/\/www.polisrecreio.com.br\/site\/2015\/02\/24\/lixo-domiciliar-so-voltara-a-ser-recolhido-no-sabado\/#webpage\",\"url\":\"https:\/\/www.polisrecreio.com.br\/site\/2015\/02\/24\/lixo-domiciliar-so-voltara-a-ser-recolhido-no-sabado\/\",\"name\":\"Lixo domiciliar s\\u00f3 voltar\\u00e1 a ser recolhido no s\\u00e1bado - P\\u00f3lis Recreio\",\"isPartOf\":{\"@id\":\"https:\/\/www.polisrecreio.com.br\/site\/#website\"},\"primaryImageOfPage\":{\"@id\":\"https:\/\/www.polisrecreio.com.br\/site\/2015\/02\/24\/lixo-domiciliar-so-voltara-a-ser-recolhido-no-sabado\/#primaryimage\"},\"datePublished\":\"2015-02-24T19:33:24+00:00\",\"dateModified\":\"2017-02-23T12:54:45+00:00\",\"author\":{\"@id\":\"https:\/\/www.polisrecreio.com.br\/site\/#\/schema\/person\/3363c1c78e1e28e1329d97adb387638e\"},\"inLanguage\":\"pt-BR\",\"potentialAction\":[{\"@type\":\"ReadAction\",\"target\":[\"https:\/\/www.polisrecreio.com.br\/site\/2015\/02\/24\/lixo-domiciliar-so-voltara-a-ser-recolhido-no-sabado\/\"]}]},{\"@type\":\"Person\",\"@id\":\"https:\/\/www.polisrecreio.com.br\/site\/#\/schema\/person\/3363c1c78e1e28e1329d97adb387638e\",\"name\":\"Leonardo Ribeiro\",\"image\":{\"@type\":\"ImageObject\",\"@id\":\"https:\/\/www.polisrecreio.com.br\/site\/#personlogo\",\"inLanguage\":\"pt-BR\",\"url\":\"https:\/\/secure.gravatar.com\/avatar\/6ba92a37d621e1a83e23710251178a12?s=96&d=mm&r=g\",\"caption\":\"Leonardo Ribeiro\"},\"sameAs\":[\"http:\/\/www.polisrecreio.com.br\"]}]}<\/script>\n<!-- \/ Yoast SEO plugin. -->","_links":{"self":[{"href":"https:\/\/www.polisrecreio.com.br\/site\/wp-json\/wp\/v2\/posts\/694"}],"collection":[{"href":"https:\/\/www.polisrecreio.com.br\/site\/wp-json\/wp\/v2\/posts"}],"about":[{"href":"https:\/\/www.polisrecreio.com.br\/site\/wp-json\/wp\/v2\/types\/post"}],"author":[{"embeddable":true,"href":"https:\/\/www.polisrecreio.com.br\/site\/wp-json\/wp\/v2\/users\/3"}],"replies":[{"embeddable":true,"href":"https:\/\/www.polisrecreio.com.br\/site\/wp-json\/wp\/v2\/comments?post=694"}],"version-history":[{"count":6,"href":"https:\/\/www.polisrecreio.com.br\/site\/wp-json\/wp\/v2\/posts\/694\/revisions"}],"predecessor-version":[{"id":4559,"href":"https:\/\/www.polisrecreio.com.br\/site\/wp-json\/wp\/v2\/posts\/694\/revisions\/4559"}],"wp:featuredmedia":[{"embeddable":true,"href":"https:\/\/www.polisrecreio.com.br\/site\/wp-json\/wp\/v2\/media\/695"}],"wp:attachment":[{"href":"https:\/\/www.polisrecreio.com.br\/site\/wp-json\/wp\/v2\/media?parent=694"}],"wp:term":[{"taxonomy":"category","embeddable":true,"href":"https:\/\/www.polisrecreio.com.br\/site\/wp-json\/wp\/v2\/categories?post=694"},{"taxonomy":"post_tag","embeddable":true,"href":"https:\/\/www.polisrecreio.com.br\/site\/wp-json\/wp\/v2\/tags?post=694"}],"curies":[{"name":"wp","href":"https:\/\/api.w.org\/{rel}","templated":true}]}}