{"id":6997,"date":"2017-09-22T08:45:14","date_gmt":"2017-09-22T11:45:14","guid":{"rendered":"http:\/\/www.polisrecreio.com.br\/site\/?p=6997"},"modified":"2017-09-22T08:51:24","modified_gmt":"2017-09-22T11:51:24","slug":"hss-arrecada-r-33-mil-com-festa-do-jubileu-de-prata","status":"publish","type":"post","link":"https:\/\/www.polisrecreio.com.br\/site\/2017\/09\/22\/hss-arrecada-r-33-mil-com-festa-do-jubileu-de-prata\/","title":{"rendered":"HSS arrecada R$ 33 mil com festa do Jubileu de Prata"},"content":{"rendered":"<p style=\"text-align: justify;\">A dire\u00e7\u00e3o do Hospital S\u00e3o Sebasti\u00e3o de Recreio, por meio do provedor Dr. Luiz Ronaldo dos Santos, anunciou o balancete da festa de 25 anos de funda\u00e7\u00e3o da entidade \u2013 Jubileu de Prata. A festa arrecadou R$ 33.182,49.<\/p>\n<p style=\"text-align: justify;\"><!--more--><\/p>\n<p style=\"text-align: justify;\"><a href=\"http:\/\/www.polisrecreio.com.br\/site\/wp-content\/uploads\/2017\/09\/20130711180900_719.jpg\"><img loading=\"lazy\" class=\"aligncenter size-full wp-image-6998\" src=\"http:\/\/www.polisrecreio.com.br\/site\/wp-content\/uploads\/2017\/09\/20130711180900_719.jpg\" alt=\"20130711180900_719\" width=\"750\" height=\"410\" srcset=\"https:\/\/www.polisrecreio.com.br\/site\/wp-content\/uploads\/2017\/09\/20130711180900_719.jpg 750w, https:\/\/www.polisrecreio.com.br\/site\/wp-content\/uploads\/2017\/09\/20130711180900_719-300x164.jpg 300w\" sizes=\"(max-width: 750px) 100vw, 750px\" \/><\/a><\/p>\n<p style=\"text-align: justify;\">O evento aconteceu no Social Country Clube entre os dias 8 e 10 de setembro, com shows diversos, leil\u00f5es, missa em a\u00e7\u00e3o de gra\u00e7as, futebol solid\u00e1rio no campo do Recreio e almo\u00e7o beneficente.<\/p>\n<p style=\"text-align: justify;\">Conforme o balancete divulgado a festa teve R$ 69.013 de receita, com R$ 35.830,51 de despesas e receita l\u00edquida de R$ R$ 33.182,49. A dire\u00e7\u00e3o informou que todas as notas referentes ao evento est\u00e3o dispon\u00edveis para confer\u00eancia na secretaria do HSS. Os valores arrecadados ser\u00e3o utilizados na manuten\u00e7\u00e3o dos servi\u00e7os da entidade.<\/p>\n<p style=\"text-align: justify;\">Por rede social o provedor Dr. Luiz Ronaldo agradeceu a todos que participaram de maneira direta ou indiretamente da festividade.<\/p>\n<p style=\"text-align: justify;\"><a href=\"http:\/\/www.polisrecreio.com.br\/site\/wp-content\/uploads\/2017\/09\/21687520_1079540098843634_5373836216305836688_n.jpg\"><img loading=\"lazy\" class=\"aligncenter size-full wp-image-7001\" src=\"http:\/\/www.polisrecreio.com.br\/site\/wp-content\/uploads\/2017\/09\/21687520_1079540098843634_5373836216305836688_n.jpg\" alt=\"21687520_1079540098843634_5373836216305836688_n\" width=\"750\" height=\"477\" srcset=\"https:\/\/www.polisrecreio.com.br\/site\/wp-content\/uploads\/2017\/09\/21687520_1079540098843634_5373836216305836688_n.jpg 750w, https:\/\/www.polisrecreio.com.br\/site\/wp-content\/uploads\/2017\/09\/21687520_1079540098843634_5373836216305836688_n-300x191.jpg 300w\" sizes=\"(max-width: 750px) 100vw, 750px\" \/><\/a><\/p>\n","protected":false},"excerpt":{"rendered":"<p>A dire\u00e7\u00e3o do Hospital S\u00e3o Sebasti\u00e3o de Recreio, por meio do provedor Dr. Luiz Ronaldo dos Santos, anunciou o balancete da festa de 25 anos de funda\u00e7\u00e3o da entidade \u2013 Jubileu de Prata. A festa arrecadou R$ 33.182,49.<\/p>\n","protected":false},"author":3,"featured_media":6998,"comment_status":"open","ping_status":"open","sticky":false,"template":"","format":"standard","meta":[],"categories":[7],"tags":[],"yoast_head":"<!-- This site is optimized with the Yoast SEO plugin v15.6.2 - https:\/\/yoast.com\/wordpress\/plugins\/seo\/ -->\n<meta name=\"robots\" content=\"index, follow, max-snippet:-1, max-image-preview:large, max-video-preview:-1\" \/>\n<link rel=\"canonical\" href=\"https:\/\/www.polisrecreio.com.br\/site\/2017\/09\/22\/hss-arrecada-r-33-mil-com-festa-do-jubileu-de-prata\/\" \/>\n<meta property=\"og:locale\" content=\"pt_BR\" \/>\n<meta property=\"og:type\" content=\"article\" \/>\n<meta property=\"og:title\" content=\"HSS arrecada R$ 33 mil com festa do Jubileu de Prata - P\u00f3lis Recreio\" \/>\n<meta property=\"og:description\" content=\"A dire\u00e7\u00e3o do Hospital S\u00e3o Sebasti\u00e3o de Recreio, por meio do provedor Dr. Luiz Ronaldo dos Santos, anunciou o balancete da festa de 25 anos de funda\u00e7\u00e3o da entidade \u2013 Jubileu de Prata. A festa arrecadou R$ 33.182,49.\" \/>\n<meta property=\"og:url\" content=\"https:\/\/www.polisrecreio.com.br\/site\/2017\/09\/22\/hss-arrecada-r-33-mil-com-festa-do-jubileu-de-prata\/\" \/>\n<meta property=\"og:site_name\" content=\"P\u00f3lis Recreio\" \/>\n<meta property=\"article:publisher\" content=\"https:\/\/www.facebook.com\/Site-P%c3%b3lis-Recreio-MG-181941708571019\/\" \/>\n<meta property=\"article:published_time\" content=\"2017-09-22T11:45:14+00:00\" \/>\n<meta property=\"article:modified_time\" content=\"2017-09-22T11:51:24+00:00\" \/>\n<meta property=\"og:image\" content=\"https:\/\/www.polisrecreio.com.br\/site\/wp-content\/uploads\/2017\/09\/20130711180900_719.jpg\" \/>\n\t<meta property=\"og:image:width\" content=\"750\" \/>\n\t<meta property=\"og:image:height\" content=\"410\" \/>\n<meta name=\"twitter:card\" content=\"summary_large_image\" \/>\n<meta name=\"twitter:creator\" content=\"@PolisRecreio\" \/>\n<meta name=\"twitter:site\" content=\"@PolisRecreio\" \/>\n<meta name=\"twitter:label1\" content=\"Est. reading time\">\n\t<meta name=\"twitter:data1\" content=\"1 minuto\">\n<script type=\"application\/ld+json\" class=\"yoast-schema-graph\">{\"@context\":\"https:\/\/schema.org\",\"@graph\":[{\"@type\":\"WebSite\",\"@id\":\"https:\/\/www.polisrecreio.com.br\/site\/#website\",\"url\":\"https:\/\/www.polisrecreio.com.br\/site\/\",\"name\":\"P\\u00f3lis Recreio\",\"description\":\"\",\"potentialAction\":[{\"@type\":\"SearchAction\",\"target\":\"https:\/\/www.polisrecreio.com.br\/site\/?s={search_term_string}\",\"query-input\":\"required name=search_term_string\"}],\"inLanguage\":\"pt-BR\"},{\"@type\":\"ImageObject\",\"@id\":\"https:\/\/www.polisrecreio.com.br\/site\/2017\/09\/22\/hss-arrecada-r-33-mil-com-festa-do-jubileu-de-prata\/#primaryimage\",\"inLanguage\":\"pt-BR\",\"url\":\"https:\/\/www.polisrecreio.com.br\/site\/wp-content\/uploads\/2017\/09\/20130711180900_719.jpg\",\"width\":750,\"height\":410},{\"@type\":\"WebPage\",\"@id\":\"https:\/\/www.polisrecreio.com.br\/site\/2017\/09\/22\/hss-arrecada-r-33-mil-com-festa-do-jubileu-de-prata\/#webpage\",\"url\":\"https:\/\/www.polisrecreio.com.br\/site\/2017\/09\/22\/hss-arrecada-r-33-mil-com-festa-do-jubileu-de-prata\/\",\"name\":\"HSS arrecada R$ 33 mil com festa do Jubileu de Prata - P\\u00f3lis Recreio\",\"isPartOf\":{\"@id\":\"https:\/\/www.polisrecreio.com.br\/site\/#website\"},\"primaryImageOfPage\":{\"@id\":\"https:\/\/www.polisrecreio.com.br\/site\/2017\/09\/22\/hss-arrecada-r-33-mil-com-festa-do-jubileu-de-prata\/#primaryimage\"},\"datePublished\":\"2017-09-22T11:45:14+00:00\",\"dateModified\":\"2017-09-22T11:51:24+00:00\",\"author\":{\"@id\":\"https:\/\/www.polisrecreio.com.br\/site\/#\/schema\/person\/3363c1c78e1e28e1329d97adb387638e\"},\"inLanguage\":\"pt-BR\",\"potentialAction\":[{\"@type\":\"ReadAction\",\"target\":[\"https:\/\/www.polisrecreio.com.br\/site\/2017\/09\/22\/hss-arrecada-r-33-mil-com-festa-do-jubileu-de-prata\/\"]}]},{\"@type\":\"Person\",\"@id\":\"https:\/\/www.polisrecreio.com.br\/site\/#\/schema\/person\/3363c1c78e1e28e1329d97adb387638e\",\"name\":\"Leonardo Ribeiro\",\"image\":{\"@type\":\"ImageObject\",\"@id\":\"https:\/\/www.polisrecreio.com.br\/site\/#personlogo\",\"inLanguage\":\"pt-BR\",\"url\":\"https:\/\/secure.gravatar.com\/avatar\/6ba92a37d621e1a83e23710251178a12?s=96&d=mm&r=g\",\"caption\":\"Leonardo Ribeiro\"},\"sameAs\":[\"http:\/\/www.polisrecreio.com.br\"]}]}<\/script>\n<!-- \/ Yoast SEO plugin. -->","_links":{"self":[{"href":"https:\/\/www.polisrecreio.com.br\/site\/wp-json\/wp\/v2\/posts\/6997"}],"collection":[{"href":"https:\/\/www.polisrecreio.com.br\/site\/wp-json\/wp\/v2\/posts"}],"about":[{"href":"https:\/\/www.polisrecreio.com.br\/site\/wp-json\/wp\/v2\/types\/post"}],"author":[{"embeddable":true,"href":"https:\/\/www.polisrecreio.com.br\/site\/wp-json\/wp\/v2\/users\/3"}],"replies":[{"embeddable":true,"href":"https:\/\/www.polisrecreio.com.br\/site\/wp-json\/wp\/v2\/comments?post=6997"}],"version-history":[{"count":5,"href":"https:\/\/www.polisrecreio.com.br\/site\/wp-json\/wp\/v2\/posts\/6997\/revisions"}],"predecessor-version":[{"id":7004,"href":"https:\/\/www.polisrecreio.com.br\/site\/wp-json\/wp\/v2\/posts\/6997\/revisions\/7004"}],"wp:featuredmedia":[{"embeddable":true,"href":"https:\/\/www.polisrecreio.com.br\/site\/wp-json\/wp\/v2\/media\/6998"}],"wp:attachment":[{"href":"https:\/\/www.polisrecreio.com.br\/site\/wp-json\/wp\/v2\/media?parent=6997"}],"wp:term":[{"taxonomy":"category","embeddable":true,"href":"https:\/\/www.polisrecreio.com.br\/site\/wp-json\/wp\/v2\/categories?post=6997"},{"taxonomy":"post_tag","embeddable":true,"href":"https:\/\/www.polisrecreio.com.br\/site\/wp-json\/wp\/v2\/tags?post=6997"}],"curies":[{"name":"wp","href":"https:\/\/api.w.org\/{rel}","templated":true}]}}