{"id":7008,"date":"2017-09-22T12:13:16","date_gmt":"2017-09-22T15:13:16","guid":{"rendered":"http:\/\/www.polisrecreio.com.br\/site\/?p=7008"},"modified":"2017-09-22T12:18:58","modified_gmt":"2017-09-22T15:18:58","slug":"presidente-da-camara-participa-da-escola-em-movimento-da-e-e-pres-carlos-luz","status":"publish","type":"post","link":"https:\/\/www.polisrecreio.com.br\/site\/2017\/09\/22\/presidente-da-camara-participa-da-escola-em-movimento-da-e-e-pres-carlos-luz\/","title":{"rendered":"Presidente da C\u00e2mara participa da &#8220;Escola em Movimento&#8221; da E.E Pres. Carlos Luz"},"content":{"rendered":"<p style=\"text-align: justify;\">Na semana da &#8220;Escola em Movimento&#8221; a E.E Presidente Carlos Luz, de Concei\u00e7\u00e3o da Boa Vista, recebeu o presidente da C\u00e2mara Municipal, vereador Paulinho Pintor, para uma atividade que envolveu arte, cultura,\u00a0trabalho em equipe e valoriza\u00e7\u00e3o do espa\u00e7o escolar.<\/p>\n<p style=\"text-align: justify;\"><!--more--><\/p>\n<figure id=\"attachment_7010\" aria-describedby=\"caption-attachment-7010\" style=\"width: 960px\" class=\"wp-caption aligncenter\"><a href=\"http:\/\/www.polisrecreio.com.br\/site\/wp-content\/uploads\/2017\/09\/21687655_1394715793979216_8544728661287037874_n.jpg\"><img loading=\"lazy\" class=\"size-full wp-image-7010\" src=\"http:\/\/www.polisrecreio.com.br\/site\/wp-content\/uploads\/2017\/09\/21687655_1394715793979216_8544728661287037874_n.jpg\" alt=\"Paulinho Pintor e os estudantes, com a tela ao fundo.\" width=\"960\" height=\"720\" srcset=\"https:\/\/www.polisrecreio.com.br\/site\/wp-content\/uploads\/2017\/09\/21687655_1394715793979216_8544728661287037874_n.jpg 960w, https:\/\/www.polisrecreio.com.br\/site\/wp-content\/uploads\/2017\/09\/21687655_1394715793979216_8544728661287037874_n-300x225.jpg 300w\" sizes=\"(max-width: 960px) 100vw, 960px\" \/><\/a><figcaption id=\"caption-attachment-7010\" class=\"wp-caption-text\">Paulinho Pintor e os estudantes, com a tela ao fundo.<\/figcaption><\/figure>\n<p style=\"text-align: justify;\">Durante a manh\u00e3 desta sexta-feira (22) os alunos, Ca\u00edque (8\u00ba ano), Adryan (6\u00ba ano), Jo\u00e3o Paulo (9\u00ba ano), Cau\u00e3 (6\u00ba ano), \u00cdgor (9\u00ba ano), Manoele (7\u00ba ano), Anita (7\u00ba ano) e Maria Lu\u00edza (6\u00ba ano), pintaram o muro da entrada da institui\u00e7\u00e3o com a tela do artista pernambucano, radicado nos Estados Unidos, Romero Britto, denominada &#8220;O Abra\u00e7o&#8221;. A atividade foi proposta pelo professor M\u00e1rnio Jatob\u00e1.<\/p>\n<p style=\"text-align: justify;\">Pelo Facebook o diretor do col\u00e9gio, V\u00edtor Lemos do Bem, e o professor M\u00e1rnio, agradeceram a participa\u00e7\u00e3o do vereador Paulinho Pintor e destacaram a import\u00e2ncia da valoriza\u00e7\u00e3o do espa\u00e7o escolar.<\/p>\n<figure id=\"attachment_7012\" aria-describedby=\"caption-attachment-7012\" style=\"width: 960px\" class=\"wp-caption aligncenter\"><a href=\"http:\/\/www.polisrecreio.com.br\/site\/wp-content\/uploads\/2017\/09\/21766879_1394711027313026_9125876666025824130_n.jpg\"><img loading=\"lazy\" class=\"wp-image-7012 size-full\" src=\"http:\/\/www.polisrecreio.com.br\/site\/wp-content\/uploads\/2017\/09\/21766879_1394711027313026_9125876666025824130_n.jpg\" alt=\"21766879_1394711027313026_9125876666025824130_n\" width=\"960\" height=\"720\" srcset=\"https:\/\/www.polisrecreio.com.br\/site\/wp-content\/uploads\/2017\/09\/21766879_1394711027313026_9125876666025824130_n.jpg 960w, https:\/\/www.polisrecreio.com.br\/site\/wp-content\/uploads\/2017\/09\/21766879_1394711027313026_9125876666025824130_n-300x225.jpg 300w\" sizes=\"(max-width: 960px) 100vw, 960px\" \/><\/a><figcaption id=\"caption-attachment-7012\" class=\"wp-caption-text\">Muro sendo pintado pelos estudantes.<\/figcaption><\/figure>\n<figure id=\"attachment_7013\" aria-describedby=\"caption-attachment-7013\" style=\"width: 960px\" class=\"wp-caption aligncenter\"><a href=\"http:\/\/www.polisrecreio.com.br\/site\/wp-content\/uploads\/2017\/09\/21767930_10214527710086948_1441473635389390672_n.jpg\"><img loading=\"lazy\" class=\"wp-image-7013 size-full\" src=\"http:\/\/www.polisrecreio.com.br\/site\/wp-content\/uploads\/2017\/09\/21767930_10214527710086948_1441473635389390672_n.jpg\" alt=\"21767930_10214527710086948_1441473635389390672_n\" width=\"960\" height=\"540\" srcset=\"https:\/\/www.polisrecreio.com.br\/site\/wp-content\/uploads\/2017\/09\/21767930_10214527710086948_1441473635389390672_n.jpg 960w, https:\/\/www.polisrecreio.com.br\/site\/wp-content\/uploads\/2017\/09\/21767930_10214527710086948_1441473635389390672_n-300x169.jpg 300w\" sizes=\"(max-width: 960px) 100vw, 960px\" \/><\/a><figcaption id=\"caption-attachment-7013\" class=\"wp-caption-text\">Professor M\u00e1rnio Jatob\u00e1 supervisionando.<\/figcaption><\/figure>\n<figure id=\"attachment_7011\" aria-describedby=\"caption-attachment-7011\" style=\"width: 960px\" class=\"wp-caption aligncenter\"><a href=\"http:\/\/www.polisrecreio.com.br\/site\/wp-content\/uploads\/2017\/09\/21687660_1394712940646168_8584369760855012506_n.jpg\"><img loading=\"lazy\" class=\"wp-image-7011 size-full\" src=\"http:\/\/www.polisrecreio.com.br\/site\/wp-content\/uploads\/2017\/09\/21687660_1394712940646168_8584369760855012506_n.jpg\" alt=\"21687660_1394712940646168_8584369760855012506_n\" width=\"960\" height=\"720\" srcset=\"https:\/\/www.polisrecreio.com.br\/site\/wp-content\/uploads\/2017\/09\/21687660_1394712940646168_8584369760855012506_n.jpg 960w, https:\/\/www.polisrecreio.com.br\/site\/wp-content\/uploads\/2017\/09\/21687660_1394712940646168_8584369760855012506_n-300x225.jpg 300w\" sizes=\"(max-width: 960px) 100vw, 960px\" \/><\/a><figcaption id=\"caption-attachment-7011\" class=\"wp-caption-text\">Paulinho Pintor pintando o muro com estudantes.<\/figcaption><\/figure>\n<figure id=\"attachment_7009\" aria-describedby=\"caption-attachment-7009\" style=\"width: 960px\" class=\"wp-caption aligncenter\"><a href=\"http:\/\/www.polisrecreio.com.br\/site\/wp-content\/uploads\/2017\/09\/21686076_1394715860645876_821295572005128076_n.jpg\"><img loading=\"lazy\" class=\"wp-image-7009 size-full\" src=\"http:\/\/www.polisrecreio.com.br\/site\/wp-content\/uploads\/2017\/09\/21686076_1394715860645876_821295572005128076_n.jpg\" alt=\"21686076_1394715860645876_821295572005128076_n\" width=\"960\" height=\"720\" srcset=\"https:\/\/www.polisrecreio.com.br\/site\/wp-content\/uploads\/2017\/09\/21686076_1394715860645876_821295572005128076_n.jpg 960w, https:\/\/www.polisrecreio.com.br\/site\/wp-content\/uploads\/2017\/09\/21686076_1394715860645876_821295572005128076_n-300x225.jpg 300w\" sizes=\"(max-width: 960px) 100vw, 960px\" \/><\/a><figcaption id=\"caption-attachment-7009\" class=\"wp-caption-text\">Diretor da escola, Paulinho Pintor e os estudantes.<\/figcaption><\/figure>\n","protected":false},"excerpt":{"rendered":"<p>Na semana da &#8220;Escola em Movimento&#8221; a E.E Presidente Carlos Luz, de Concei\u00e7\u00e3o da Boa Vista, recebeu o presidente da C\u00e2mara Municipal, vereador Paulinho Pintor, para uma atividade que envolveu arte, cultura,\u00a0trabalho em equipe e valoriza\u00e7\u00e3o do espa\u00e7o escolar.<\/p>\n","protected":false},"author":3,"featured_media":7010,"comment_status":"open","ping_status":"open","sticky":false,"template":"","format":"standard","meta":[],"categories":[9],"tags":[],"yoast_head":"<!-- This site is optimized with the Yoast SEO plugin v15.6.2 - https:\/\/yoast.com\/wordpress\/plugins\/seo\/ -->\n<meta name=\"robots\" content=\"index, follow, max-snippet:-1, max-image-preview:large, max-video-preview:-1\" \/>\n<link rel=\"canonical\" href=\"https:\/\/www.polisrecreio.com.br\/site\/2017\/09\/22\/presidente-da-camara-participa-da-escola-em-movimento-da-e-e-pres-carlos-luz\/\" \/>\n<meta property=\"og:locale\" content=\"pt_BR\" \/>\n<meta property=\"og:type\" content=\"article\" \/>\n<meta property=\"og:title\" content=\"Presidente da C\u00e2mara participa da &quot;Escola em Movimento&quot; da E.E Pres. Carlos Luz - P\u00f3lis Recreio\" \/>\n<meta property=\"og:description\" content=\"Na semana da &#8220;Escola em Movimento&#8221; a E.E Presidente Carlos Luz, de Concei\u00e7\u00e3o da Boa Vista, recebeu o presidente da C\u00e2mara Municipal, vereador Paulinho Pintor, para uma atividade que envolveu arte, cultura,\u00a0trabalho em equipe e valoriza\u00e7\u00e3o do espa\u00e7o escolar.\" \/>\n<meta property=\"og:url\" content=\"https:\/\/www.polisrecreio.com.br\/site\/2017\/09\/22\/presidente-da-camara-participa-da-escola-em-movimento-da-e-e-pres-carlos-luz\/\" \/>\n<meta property=\"og:site_name\" content=\"P\u00f3lis Recreio\" \/>\n<meta property=\"article:publisher\" content=\"https:\/\/www.facebook.com\/Site-P%c3%b3lis-Recreio-MG-181941708571019\/\" \/>\n<meta property=\"article:published_time\" content=\"2017-09-22T15:13:16+00:00\" \/>\n<meta property=\"article:modified_time\" content=\"2017-09-22T15:18:58+00:00\" \/>\n<meta property=\"og:image\" content=\"https:\/\/www.polisrecreio.com.br\/site\/wp-content\/uploads\/2017\/09\/21687655_1394715793979216_8544728661287037874_n.jpg\" \/>\n\t<meta property=\"og:image:width\" content=\"960\" \/>\n\t<meta property=\"og:image:height\" content=\"720\" \/>\n<meta name=\"twitter:card\" content=\"summary_large_image\" \/>\n<meta name=\"twitter:creator\" content=\"@PolisRecreio\" \/>\n<meta name=\"twitter:site\" content=\"@PolisRecreio\" \/>\n<meta name=\"twitter:label1\" content=\"Est. reading time\">\n\t<meta name=\"twitter:data1\" content=\"1 minuto\">\n<script type=\"application\/ld+json\" class=\"yoast-schema-graph\">{\"@context\":\"https:\/\/schema.org\",\"@graph\":[{\"@type\":\"WebSite\",\"@id\":\"https:\/\/www.polisrecreio.com.br\/site\/#website\",\"url\":\"https:\/\/www.polisrecreio.com.br\/site\/\",\"name\":\"P\\u00f3lis Recreio\",\"description\":\"\",\"potentialAction\":[{\"@type\":\"SearchAction\",\"target\":\"https:\/\/www.polisrecreio.com.br\/site\/?s={search_term_string}\",\"query-input\":\"required name=search_term_string\"}],\"inLanguage\":\"pt-BR\"},{\"@type\":\"ImageObject\",\"@id\":\"https:\/\/www.polisrecreio.com.br\/site\/2017\/09\/22\/presidente-da-camara-participa-da-escola-em-movimento-da-e-e-pres-carlos-luz\/#primaryimage\",\"inLanguage\":\"pt-BR\",\"url\":\"https:\/\/www.polisrecreio.com.br\/site\/wp-content\/uploads\/2017\/09\/21687655_1394715793979216_8544728661287037874_n.jpg\",\"width\":960,\"height\":720,\"caption\":\"Paulinho Pintor e os estudantes, com a tela ao fundo.\"},{\"@type\":\"WebPage\",\"@id\":\"https:\/\/www.polisrecreio.com.br\/site\/2017\/09\/22\/presidente-da-camara-participa-da-escola-em-movimento-da-e-e-pres-carlos-luz\/#webpage\",\"url\":\"https:\/\/www.polisrecreio.com.br\/site\/2017\/09\/22\/presidente-da-camara-participa-da-escola-em-movimento-da-e-e-pres-carlos-luz\/\",\"name\":\"Presidente da C\\u00e2mara participa da \\\"Escola em Movimento\\\" da E.E Pres. Carlos Luz - P\\u00f3lis Recreio\",\"isPartOf\":{\"@id\":\"https:\/\/www.polisrecreio.com.br\/site\/#website\"},\"primaryImageOfPage\":{\"@id\":\"https:\/\/www.polisrecreio.com.br\/site\/2017\/09\/22\/presidente-da-camara-participa-da-escola-em-movimento-da-e-e-pres-carlos-luz\/#primaryimage\"},\"datePublished\":\"2017-09-22T15:13:16+00:00\",\"dateModified\":\"2017-09-22T15:18:58+00:00\",\"author\":{\"@id\":\"https:\/\/www.polisrecreio.com.br\/site\/#\/schema\/person\/3363c1c78e1e28e1329d97adb387638e\"},\"inLanguage\":\"pt-BR\",\"potentialAction\":[{\"@type\":\"ReadAction\",\"target\":[\"https:\/\/www.polisrecreio.com.br\/site\/2017\/09\/22\/presidente-da-camara-participa-da-escola-em-movimento-da-e-e-pres-carlos-luz\/\"]}]},{\"@type\":\"Person\",\"@id\":\"https:\/\/www.polisrecreio.com.br\/site\/#\/schema\/person\/3363c1c78e1e28e1329d97adb387638e\",\"name\":\"Leonardo Ribeiro\",\"image\":{\"@type\":\"ImageObject\",\"@id\":\"https:\/\/www.polisrecreio.com.br\/site\/#personlogo\",\"inLanguage\":\"pt-BR\",\"url\":\"https:\/\/secure.gravatar.com\/avatar\/6ba92a37d621e1a83e23710251178a12?s=96&d=mm&r=g\",\"caption\":\"Leonardo Ribeiro\"},\"sameAs\":[\"http:\/\/www.polisrecreio.com.br\"]}]}<\/script>\n<!-- \/ Yoast SEO plugin. -->","_links":{"self":[{"href":"https:\/\/www.polisrecreio.com.br\/site\/wp-json\/wp\/v2\/posts\/7008"}],"collection":[{"href":"https:\/\/www.polisrecreio.com.br\/site\/wp-json\/wp\/v2\/posts"}],"about":[{"href":"https:\/\/www.polisrecreio.com.br\/site\/wp-json\/wp\/v2\/types\/post"}],"author":[{"embeddable":true,"href":"https:\/\/www.polisrecreio.com.br\/site\/wp-json\/wp\/v2\/users\/3"}],"replies":[{"embeddable":true,"href":"https:\/\/www.polisrecreio.com.br\/site\/wp-json\/wp\/v2\/comments?post=7008"}],"version-history":[{"count":4,"href":"https:\/\/www.polisrecreio.com.br\/site\/wp-json\/wp\/v2\/posts\/7008\/revisions"}],"predecessor-version":[{"id":7017,"href":"https:\/\/www.polisrecreio.com.br\/site\/wp-json\/wp\/v2\/posts\/7008\/revisions\/7017"}],"wp:featuredmedia":[{"embeddable":true,"href":"https:\/\/www.polisrecreio.com.br\/site\/wp-json\/wp\/v2\/media\/7010"}],"wp:attachment":[{"href":"https:\/\/www.polisrecreio.com.br\/site\/wp-json\/wp\/v2\/media?parent=7008"}],"wp:term":[{"taxonomy":"category","embeddable":true,"href":"https:\/\/www.polisrecreio.com.br\/site\/wp-json\/wp\/v2\/categories?post=7008"},{"taxonomy":"post_tag","embeddable":true,"href":"https:\/\/www.polisrecreio.com.br\/site\/wp-json\/wp\/v2\/tags?post=7008"}],"curies":[{"name":"wp","href":"https:\/\/api.w.org\/{rel}","templated":true}]}}