{"id":744,"date":"2016-02-04T08:12:24","date_gmt":"2016-02-04T11:12:24","guid":{"rendered":"http:\/\/www.polisrecreio.com.br\/site\/?p=744"},"modified":"2017-02-23T09:57:04","modified_gmt":"2017-02-23T12:57:04","slug":"definido-tres-semifinalistas-do-campeonato-da-cidade","status":"publish","type":"post","link":"https:\/\/www.polisrecreio.com.br\/site\/2016\/02\/04\/definido-tres-semifinalistas-do-campeonato-da-cidade\/","title":{"rendered":"Definido tr\u00eas semifinalistas do Campeonato da Cidade"},"content":{"rendered":"<p style=\"text-align: justify;\">Na tarde de ontem (3) o Est\u00e1dio Alcides Campos \u2013 campo do Ideal E.C recebeu a \u00faltima rodada do Campeonato da Cidade 2015\/2016 e ao final, Merengues (Leopoldina), Concei\u00e7\u00e3o e Planalto garantiram suas vagas. O \u00faltimo classificado ser\u00e1 definido em jogo-extra.<\/p>\n<p style=\"text-align: justify;\"><!--more--><\/p>\n<figure id=\"attachment_395\" aria-describedby=\"caption-attachment-395\" style=\"width: 650px\" class=\"wp-caption aligncenter\"><a href=\"http:\/\/www.polisrecreio.com.br\/site\/wp-content\/uploads\/2015\/11\/jogo.jpg\"><img loading=\"lazy\" class=\"wp-image-395 size-full\" src=\"http:\/\/www.polisrecreio.com.br\/site\/wp-content\/uploads\/2015\/11\/jogo.jpg\" alt=\"jogo\" width=\"650\" height=\"341\" srcset=\"https:\/\/www.polisrecreio.com.br\/site\/wp-content\/uploads\/2015\/11\/jogo.jpg 650w, https:\/\/www.polisrecreio.com.br\/site\/wp-content\/uploads\/2015\/11\/jogo-300x157.jpg 300w\" sizes=\"(max-width: 650px) 100vw, 650px\" \/><\/a><figcaption id=\"caption-attachment-395\" class=\"wp-caption-text\">Est\u00e1dio Alcides Campos. Foto: Arquivo.<\/figcaption><\/figure>\n<p style=\"text-align: justify;\">No primeiro confronto da rodada o empate em 2X2 entre S\u00e3o Martinho (Leopoldina) e Juvenil do Ideal eliminou a garotada do Azul\u00e3o e manteve vivo o sonho da equipe leopoldinense. Na sequ\u00eancia o Canto dos Ferreira ganhou de 2X0 do Planalto e chegou aos mesmos 5 pontos do S\u00e3o Martinho, com isso ser\u00e1 necess\u00e1rio o jogo-extra para definir o quarto colocado. No \u00faltimo embate da rodada o Merengues (Leopoldina) goleou o Concei\u00e7\u00e3o por 4X0 e terminou em primeiro lugar.<\/p>\n<p style=\"text-align: justify;\">O jogo-extra entre S\u00e3o Martinho X Canto dos Ferreira ser\u00e1 na pr\u00f3xima quarta-feira, \u00e0s 19:30h, o vencedor pegar\u00e1 o Merengues em uma semifinal, na outra, Concei\u00e7\u00e3o X Planalto decidir\u00e3o uma vaga para grande final.<\/p>\n<p style=\"text-align: justify;\">Veja como ficou a classifica\u00e7\u00e3o do Campeonato da Cidade 2015\/2016 \u201cTa\u00e7a Aramides Leandro Vieira\u201d:<\/p>\n<p>1\u00ba &#8211; Merengues: 10 pontos;<\/p>\n<p>2\u00ba &#8211; Concei\u00e7\u00e3o: 10 pontos;<\/p>\n<p>3\u00ba &#8211; Planalto: 8 pontos;<\/p>\n<p>4\u00ba &#8211; Canto dos Ferreira: 5 pontos;<\/p>\n<p>4\u00ba &#8211; S\u00e3o Martinho: 5 pontos;<\/p>\n<p>6\u00ba &#8211; Juvenil do Ideal: 2 pontos.<\/p>\n","protected":false},"excerpt":{"rendered":"<p>Na tarde de ontem (3) o Est\u00e1dio Alcides Campos \u2013 campo do Ideal E.C recebeu a \u00faltima rodada do Campeonato da Cidade 2015\/2016 e ao final, Merengues (Leopoldina), Concei\u00e7\u00e3o e Planalto garantiram suas vagas. O \u00faltimo classificado ser\u00e1 definido em jogo-extra.<\/p>\n","protected":false},"author":3,"featured_media":281,"comment_status":"closed","ping_status":"closed","sticky":false,"template":"","format":"standard","meta":[],"categories":[1],"tags":[],"yoast_head":"<!-- This site is optimized with the Yoast SEO plugin v15.6.2 - https:\/\/yoast.com\/wordpress\/plugins\/seo\/ -->\n<meta name=\"robots\" content=\"index, follow, max-snippet:-1, max-image-preview:large, max-video-preview:-1\" \/>\n<link rel=\"canonical\" href=\"https:\/\/www.polisrecreio.com.br\/site\/2016\/02\/04\/definido-tres-semifinalistas-do-campeonato-da-cidade\/\" \/>\n<meta property=\"og:locale\" content=\"pt_BR\" \/>\n<meta property=\"og:type\" content=\"article\" \/>\n<meta property=\"og:title\" content=\"Definido tr\u00eas semifinalistas do Campeonato da Cidade - P\u00f3lis Recreio\" \/>\n<meta property=\"og:description\" content=\"Na tarde de ontem (3) o Est\u00e1dio Alcides Campos \u2013 campo do Ideal E.C recebeu a \u00faltima rodada do Campeonato da Cidade 2015\/2016 e ao final, Merengues (Leopoldina), Concei\u00e7\u00e3o e Planalto garantiram suas vagas. O \u00faltimo classificado ser\u00e1 definido em jogo-extra.\" \/>\n<meta property=\"og:url\" content=\"https:\/\/www.polisrecreio.com.br\/site\/2016\/02\/04\/definido-tres-semifinalistas-do-campeonato-da-cidade\/\" \/>\n<meta property=\"og:site_name\" content=\"P\u00f3lis Recreio\" \/>\n<meta property=\"article:publisher\" content=\"https:\/\/www.facebook.com\/Site-P%c3%b3lis-Recreio-MG-181941708571019\/\" \/>\n<meta property=\"article:published_time\" content=\"2016-02-04T11:12:24+00:00\" \/>\n<meta property=\"article:modified_time\" content=\"2017-02-23T12:57:04+00:00\" \/>\n<meta property=\"og:image\" content=\"https:\/\/www.polisrecreio.com.br\/site\/wp-content\/uploads\/2015\/11\/11.jpg\" \/>\n\t<meta property=\"og:image:width\" content=\"650\" \/>\n\t<meta property=\"og:image:height\" content=\"334\" \/>\n<meta name=\"twitter:card\" content=\"summary_large_image\" \/>\n<meta name=\"twitter:creator\" content=\"@PolisRecreio\" \/>\n<meta name=\"twitter:site\" content=\"@PolisRecreio\" \/>\n<meta name=\"twitter:label1\" content=\"Est. reading time\">\n\t<meta name=\"twitter:data1\" content=\"1 minuto\">\n<script type=\"application\/ld+json\" class=\"yoast-schema-graph\">{\"@context\":\"https:\/\/schema.org\",\"@graph\":[{\"@type\":\"WebSite\",\"@id\":\"https:\/\/www.polisrecreio.com.br\/site\/#website\",\"url\":\"https:\/\/www.polisrecreio.com.br\/site\/\",\"name\":\"P\\u00f3lis Recreio\",\"description\":\"\",\"potentialAction\":[{\"@type\":\"SearchAction\",\"target\":\"https:\/\/www.polisrecreio.com.br\/site\/?s={search_term_string}\",\"query-input\":\"required name=search_term_string\"}],\"inLanguage\":\"pt-BR\"},{\"@type\":\"ImageObject\",\"@id\":\"https:\/\/www.polisrecreio.com.br\/site\/2016\/02\/04\/definido-tres-semifinalistas-do-campeonato-da-cidade\/#primaryimage\",\"inLanguage\":\"pt-BR\",\"url\":\"https:\/\/www.polisrecreio.com.br\/site\/wp-content\/uploads\/2015\/11\/11.jpg\",\"width\":650,\"height\":334},{\"@type\":\"WebPage\",\"@id\":\"https:\/\/www.polisrecreio.com.br\/site\/2016\/02\/04\/definido-tres-semifinalistas-do-campeonato-da-cidade\/#webpage\",\"url\":\"https:\/\/www.polisrecreio.com.br\/site\/2016\/02\/04\/definido-tres-semifinalistas-do-campeonato-da-cidade\/\",\"name\":\"Definido tr\\u00eas semifinalistas do Campeonato da Cidade - P\\u00f3lis Recreio\",\"isPartOf\":{\"@id\":\"https:\/\/www.polisrecreio.com.br\/site\/#website\"},\"primaryImageOfPage\":{\"@id\":\"https:\/\/www.polisrecreio.com.br\/site\/2016\/02\/04\/definido-tres-semifinalistas-do-campeonato-da-cidade\/#primaryimage\"},\"datePublished\":\"2016-02-04T11:12:24+00:00\",\"dateModified\":\"2017-02-23T12:57:04+00:00\",\"author\":{\"@id\":\"https:\/\/www.polisrecreio.com.br\/site\/#\/schema\/person\/3363c1c78e1e28e1329d97adb387638e\"},\"inLanguage\":\"pt-BR\",\"potentialAction\":[{\"@type\":\"ReadAction\",\"target\":[\"https:\/\/www.polisrecreio.com.br\/site\/2016\/02\/04\/definido-tres-semifinalistas-do-campeonato-da-cidade\/\"]}]},{\"@type\":\"Person\",\"@id\":\"https:\/\/www.polisrecreio.com.br\/site\/#\/schema\/person\/3363c1c78e1e28e1329d97adb387638e\",\"name\":\"Leonardo Ribeiro\",\"image\":{\"@type\":\"ImageObject\",\"@id\":\"https:\/\/www.polisrecreio.com.br\/site\/#personlogo\",\"inLanguage\":\"pt-BR\",\"url\":\"https:\/\/secure.gravatar.com\/avatar\/6ba92a37d621e1a83e23710251178a12?s=96&d=mm&r=g\",\"caption\":\"Leonardo Ribeiro\"},\"sameAs\":[\"http:\/\/www.polisrecreio.com.br\"]}]}<\/script>\n<!-- \/ Yoast SEO plugin. -->","_links":{"self":[{"href":"https:\/\/www.polisrecreio.com.br\/site\/wp-json\/wp\/v2\/posts\/744"}],"collection":[{"href":"https:\/\/www.polisrecreio.com.br\/site\/wp-json\/wp\/v2\/posts"}],"about":[{"href":"https:\/\/www.polisrecreio.com.br\/site\/wp-json\/wp\/v2\/types\/post"}],"author":[{"embeddable":true,"href":"https:\/\/www.polisrecreio.com.br\/site\/wp-json\/wp\/v2\/users\/3"}],"replies":[{"embeddable":true,"href":"https:\/\/www.polisrecreio.com.br\/site\/wp-json\/wp\/v2\/comments?post=744"}],"version-history":[{"count":3,"href":"https:\/\/www.polisrecreio.com.br\/site\/wp-json\/wp\/v2\/posts\/744\/revisions"}],"predecessor-version":[{"id":4569,"href":"https:\/\/www.polisrecreio.com.br\/site\/wp-json\/wp\/v2\/posts\/744\/revisions\/4569"}],"wp:featuredmedia":[{"embeddable":true,"href":"https:\/\/www.polisrecreio.com.br\/site\/wp-json\/wp\/v2\/media\/281"}],"wp:attachment":[{"href":"https:\/\/www.polisrecreio.com.br\/site\/wp-json\/wp\/v2\/media?parent=744"}],"wp:term":[{"taxonomy":"category","embeddable":true,"href":"https:\/\/www.polisrecreio.com.br\/site\/wp-json\/wp\/v2\/categories?post=744"},{"taxonomy":"post_tag","embeddable":true,"href":"https:\/\/www.polisrecreio.com.br\/site\/wp-json\/wp\/v2\/tags?post=744"}],"curies":[{"name":"wp","href":"https:\/\/api.w.org\/{rel}","templated":true}]}}