{"id":7921,"date":"2017-11-24T09:41:11","date_gmt":"2017-11-24T12:41:11","guid":{"rendered":"http:\/\/www.polisrecreio.com.br\/site\/?p=7921"},"modified":"2017-11-24T09:43:02","modified_gmt":"2017-11-24T12:43:02","slug":"futuras-funcionarias-da-usina-de-reciclagem-de-conceicao-promovem-oficina-em-escola","status":"publish","type":"post","link":"https:\/\/www.polisrecreio.com.br\/site\/2017\/11\/24\/futuras-funcionarias-da-usina-de-reciclagem-de-conceicao-promovem-oficina-em-escola\/","title":{"rendered":"Futuras funcion\u00e1rias da Usina de Reciclagem de Concei\u00e7\u00e3o promovem oficina em escola"},"content":{"rendered":"<p style=\"text-align: justify;\">As futuras funcion\u00e1rias da Usina de Reciclagem de Concei\u00e7\u00e3o da Boa Vista promoveram uma oficina de reutiliza\u00e7\u00e3o de materiais durante a \u201cSemana da Educa\u00e7\u00e3o para Vida\u201d da E.E Presidente Carlos Luz. O projeto do governo Z\u00e9 Maria Barros de reativa\u00e7\u00e3o das atividades do maior investimento realizado em Recreio nos \u00faltimos anos est\u00e1 em fase de conclus\u00e3o.<\/p>\n<p style=\"text-align: justify;\"><!--more--><\/p>\n<figure id=\"attachment_7927\" aria-describedby=\"caption-attachment-7927\" style=\"width: 960px\" class=\"wp-caption aligncenter\"><a href=\"http:\/\/www.polisrecreio.com.br\/site\/wp-content\/uploads\/2017\/11\/oficina6.jpg\"><img loading=\"lazy\" class=\"size-full wp-image-7927\" src=\"http:\/\/www.polisrecreio.com.br\/site\/wp-content\/uploads\/2017\/11\/oficina6.jpg\" alt=\"Futura equipe da Usina com as crian\u00e7as da escola.\" width=\"960\" height=\"540\" srcset=\"https:\/\/www.polisrecreio.com.br\/site\/wp-content\/uploads\/2017\/11\/oficina6.jpg 960w, https:\/\/www.polisrecreio.com.br\/site\/wp-content\/uploads\/2017\/11\/oficina6-300x169.jpg 300w\" sizes=\"(max-width: 960px) 100vw, 960px\" \/><\/a><figcaption id=\"caption-attachment-7927\" class=\"wp-caption-text\">Futura equipe da Usina com as crian\u00e7as da escola.<\/figcaption><\/figure>\n<p style=\"text-align: justify;\">A oficina teve como principal objetivo mostrar para os estudantes a import\u00e2ncia de reutilizar materiais recicl\u00e1veis, promovendo a sensibiliza\u00e7\u00e3o em rela\u00e7\u00e3o \u00e0 gera\u00e7\u00e3o de res\u00edduos e \u00e0s mudan\u00e7as de atitudes diante da realidade vivenciada. Os alunos aprenderam a montar brinquedos, enfeites dom\u00e9sticos e adere\u00e7os. As atividades foram desempenhadas com todas as turmas de 1\u00ba ao 9\u00ba ano.<\/p>\n<p style=\"text-align: justify;\">Al\u00e9m das atividades de reciclagem a \u201cSemana da Educa\u00e7\u00e3o para a Vida\u201d da Escola Presidente Carlos Luz contou com rodas de conversa sobre diversos temas sociais, inaugura\u00e7\u00e3o do projeto de capta\u00e7\u00e3o de \u00e1gua pluvial, palestra sobre alimenta\u00e7\u00e3o saud\u00e1vel e outros.<\/p>\n<figure id=\"attachment_7928\" aria-describedby=\"caption-attachment-7928\" style=\"width: 960px\" class=\"wp-caption aligncenter\"><a href=\"http:\/\/www.polisrecreio.com.br\/site\/wp-content\/uploads\/2017\/11\/oficina7.jpg\"><img loading=\"lazy\" class=\"size-full wp-image-7928\" src=\"http:\/\/www.polisrecreio.com.br\/site\/wp-content\/uploads\/2017\/11\/oficina7.jpg\" alt=\"Oficina na E.E Pres. Carlos Luz.\" width=\"960\" height=\"540\" srcset=\"https:\/\/www.polisrecreio.com.br\/site\/wp-content\/uploads\/2017\/11\/oficina7.jpg 960w, https:\/\/www.polisrecreio.com.br\/site\/wp-content\/uploads\/2017\/11\/oficina7-300x169.jpg 300w\" sizes=\"(max-width: 960px) 100vw, 960px\" \/><\/a><figcaption id=\"caption-attachment-7928\" class=\"wp-caption-text\">Oficina na E.E Pres. Carlos Luz.<\/figcaption><\/figure>\n<p style=\"text-align: justify;\">Desde julho o Instituto Federal de Ensino \u2013 Campus Juiz de Fora \u2013 capacita a equipe que ir\u00e1 atuar na Usina. As aulas acontecem aos s\u00e1bados na E.M Professora Nice Damasceno de Almeida Muniz. O curso \u00e9 uma das contrapartidas da Associa\u00e7\u00e3o de Catadores de Material Recicl\u00e1vel de Al\u00e9m Para\u00edba \u201cACRAP\u201d contratada pela Prefeitura Municipal por meio de chamamento p\u00fablico. A Associa\u00e7\u00e3o ir\u00e1 gerenciar a Reciclagem.<\/p>\n<p style=\"text-align: justify;\">A Usina foi inaugurada em fevereiro de 2012 atrav\u00e9s de investimentos da Brookfield Energia Renov\u00e1vel com recursos do Banco Nacional do Desenvolvimento Econ\u00f4mico e Social \u201cBNDES\u201d no valor de R$ 641 mil. Em junho de 2015 por neglig\u00eancia administrativa as atividades do maior empreendimento realizado em Recreio na \u00e1rea ambiental foram paralisadas e a partir dali foi abandonada, sofrendo com furtos e com a a\u00e7\u00e3o do tempo.<\/p>\n<p style=\"text-align: justify;\">O projeto do governo Z\u00e9 Maria Barros de reativa\u00e7\u00e3o est\u00e1 em andamento, por\u00e9m, ainda n\u00e3o h\u00e1 uma data certa do rein\u00edcio das atividades, devido aos investimentos que ainda restam na parte estrutural da Usina.<\/p>\n<figure id=\"attachment_7112\" aria-describedby=\"caption-attachment-7112\" style=\"width: 750px\" class=\"wp-caption aligncenter\"><a href=\"http:\/\/www.polisrecreio.com.br\/site\/wp-content\/uploads\/2017\/09\/utc1.jpg\"><img loading=\"lazy\" class=\"size-full wp-image-7112\" src=\"http:\/\/www.polisrecreio.com.br\/site\/wp-content\/uploads\/2017\/09\/utc1.jpg\" alt=\"Futura equipe em aulas pr\u00e1ticas na Usina.\" width=\"750\" height=\"422\" srcset=\"https:\/\/www.polisrecreio.com.br\/site\/wp-content\/uploads\/2017\/09\/utc1.jpg 750w, https:\/\/www.polisrecreio.com.br\/site\/wp-content\/uploads\/2017\/09\/utc1-300x169.jpg 300w\" sizes=\"(max-width: 750px) 100vw, 750px\" \/><\/a><figcaption id=\"caption-attachment-7112\" class=\"wp-caption-text\">Futura equipe em aulas pr\u00e1ticas na Usina.<\/figcaption><\/figure>\n<figure id=\"attachment_7925\" aria-describedby=\"caption-attachment-7925\" style=\"width: 960px\" class=\"wp-caption aligncenter\"><a href=\"http:\/\/www.polisrecreio.com.br\/site\/wp-content\/uploads\/2017\/11\/oficina4.jpg\"><img loading=\"lazy\" class=\"size-full wp-image-7925\" src=\"http:\/\/www.polisrecreio.com.br\/site\/wp-content\/uploads\/2017\/11\/oficina4.jpg\" alt=\"Oficina na E.E Pres. Carlos Luz.\" width=\"960\" height=\"720\" \/><\/a><figcaption id=\"caption-attachment-7925\" class=\"wp-caption-text\">Oficina na E.E Pres. Carlos Luz.<\/figcaption><\/figure>\n<figure id=\"attachment_7922\" aria-describedby=\"caption-attachment-7922\" style=\"width: 960px\" class=\"wp-caption aligncenter\"><a href=\"http:\/\/www.polisrecreio.com.br\/site\/wp-content\/uploads\/2017\/11\/oficina1.jpg\"><img loading=\"lazy\" class=\"size-full wp-image-7922\" src=\"http:\/\/www.polisrecreio.com.br\/site\/wp-content\/uploads\/2017\/11\/oficina1.jpg\" alt=\"Oficina na E.E Pres. Carlos Luz.\" width=\"960\" height=\"720\" srcset=\"https:\/\/www.polisrecreio.com.br\/site\/wp-content\/uploads\/2017\/11\/oficina1.jpg 960w, https:\/\/www.polisrecreio.com.br\/site\/wp-content\/uploads\/2017\/11\/oficina1-300x225.jpg 300w\" sizes=\"(max-width: 960px) 100vw, 960px\" \/><\/a><figcaption id=\"caption-attachment-7922\" class=\"wp-caption-text\">Oficina na E.E Pres. Carlos Luz.<\/figcaption><\/figure>\n","protected":false},"excerpt":{"rendered":"<p>As futuras funcion\u00e1rias da Usina de Reciclagem de Concei\u00e7\u00e3o da Boa Vista promoveram uma oficina de reutiliza\u00e7\u00e3o de materiais durante a \u201cSemana da Educa\u00e7\u00e3o para Vida\u201d da E.E Presidente Carlos Luz. O projeto do governo Z\u00e9 Maria Barros de reativa\u00e7\u00e3o das atividades do maior investimento realizado em Recreio nos \u00faltimos anos est\u00e1 em fase de [&hellip;]<\/p>\n","protected":false},"author":3,"featured_media":7927,"comment_status":"open","ping_status":"open","sticky":false,"template":"","format":"standard","meta":[],"categories":[9],"tags":[],"yoast_head":"<!-- This site is optimized with the Yoast SEO plugin v15.6.2 - https:\/\/yoast.com\/wordpress\/plugins\/seo\/ -->\n<meta name=\"robots\" content=\"index, follow, max-snippet:-1, max-image-preview:large, max-video-preview:-1\" \/>\n<link rel=\"canonical\" href=\"https:\/\/www.polisrecreio.com.br\/site\/2017\/11\/24\/futuras-funcionarias-da-usina-de-reciclagem-de-conceicao-promovem-oficina-em-escola\/\" \/>\n<meta property=\"og:locale\" content=\"pt_BR\" \/>\n<meta property=\"og:type\" content=\"article\" \/>\n<meta property=\"og:title\" content=\"Futuras funcion\u00e1rias da Usina de Reciclagem de Concei\u00e7\u00e3o promovem oficina em escola - P\u00f3lis Recreio\" \/>\n<meta property=\"og:description\" content=\"As futuras funcion\u00e1rias da Usina de Reciclagem de Concei\u00e7\u00e3o da Boa Vista promoveram uma oficina de reutiliza\u00e7\u00e3o de materiais durante a \u201cSemana da Educa\u00e7\u00e3o para Vida\u201d da E.E Presidente Carlos Luz. O projeto do governo Z\u00e9 Maria Barros de reativa\u00e7\u00e3o das atividades do maior investimento realizado em Recreio nos \u00faltimos anos est\u00e1 em fase de [&hellip;]\" \/>\n<meta property=\"og:url\" content=\"https:\/\/www.polisrecreio.com.br\/site\/2017\/11\/24\/futuras-funcionarias-da-usina-de-reciclagem-de-conceicao-promovem-oficina-em-escola\/\" \/>\n<meta property=\"og:site_name\" content=\"P\u00f3lis Recreio\" \/>\n<meta property=\"article:publisher\" content=\"https:\/\/www.facebook.com\/Site-P%c3%b3lis-Recreio-MG-181941708571019\/\" \/>\n<meta property=\"article:published_time\" content=\"2017-11-24T12:41:11+00:00\" \/>\n<meta property=\"article:modified_time\" content=\"2017-11-24T12:43:02+00:00\" \/>\n<meta property=\"og:image\" content=\"https:\/\/www.polisrecreio.com.br\/site\/wp-content\/uploads\/2017\/11\/oficina6.jpg\" \/>\n\t<meta property=\"og:image:width\" content=\"960\" \/>\n\t<meta property=\"og:image:height\" content=\"540\" \/>\n<meta name=\"twitter:card\" content=\"summary_large_image\" \/>\n<meta name=\"twitter:creator\" content=\"@PolisRecreio\" \/>\n<meta name=\"twitter:site\" content=\"@PolisRecreio\" \/>\n<meta name=\"twitter:label1\" content=\"Est. reading time\">\n\t<meta name=\"twitter:data1\" content=\"2 minutos\">\n<script type=\"application\/ld+json\" class=\"yoast-schema-graph\">{\"@context\":\"https:\/\/schema.org\",\"@graph\":[{\"@type\":\"WebSite\",\"@id\":\"https:\/\/www.polisrecreio.com.br\/site\/#website\",\"url\":\"https:\/\/www.polisrecreio.com.br\/site\/\",\"name\":\"P\\u00f3lis Recreio\",\"description\":\"\",\"potentialAction\":[{\"@type\":\"SearchAction\",\"target\":\"https:\/\/www.polisrecreio.com.br\/site\/?s={search_term_string}\",\"query-input\":\"required name=search_term_string\"}],\"inLanguage\":\"pt-BR\"},{\"@type\":\"ImageObject\",\"@id\":\"https:\/\/www.polisrecreio.com.br\/site\/2017\/11\/24\/futuras-funcionarias-da-usina-de-reciclagem-de-conceicao-promovem-oficina-em-escola\/#primaryimage\",\"inLanguage\":\"pt-BR\",\"url\":\"https:\/\/www.polisrecreio.com.br\/site\/wp-content\/uploads\/2017\/11\/oficina6.jpg\",\"width\":960,\"height\":540,\"caption\":\"Futura equipe da Usina com as crian\\u00e7as da escola.\"},{\"@type\":\"WebPage\",\"@id\":\"https:\/\/www.polisrecreio.com.br\/site\/2017\/11\/24\/futuras-funcionarias-da-usina-de-reciclagem-de-conceicao-promovem-oficina-em-escola\/#webpage\",\"url\":\"https:\/\/www.polisrecreio.com.br\/site\/2017\/11\/24\/futuras-funcionarias-da-usina-de-reciclagem-de-conceicao-promovem-oficina-em-escola\/\",\"name\":\"Futuras funcion\\u00e1rias da Usina de Reciclagem de Concei\\u00e7\\u00e3o promovem oficina em escola - P\\u00f3lis Recreio\",\"isPartOf\":{\"@id\":\"https:\/\/www.polisrecreio.com.br\/site\/#website\"},\"primaryImageOfPage\":{\"@id\":\"https:\/\/www.polisrecreio.com.br\/site\/2017\/11\/24\/futuras-funcionarias-da-usina-de-reciclagem-de-conceicao-promovem-oficina-em-escola\/#primaryimage\"},\"datePublished\":\"2017-11-24T12:41:11+00:00\",\"dateModified\":\"2017-11-24T12:43:02+00:00\",\"author\":{\"@id\":\"https:\/\/www.polisrecreio.com.br\/site\/#\/schema\/person\/3363c1c78e1e28e1329d97adb387638e\"},\"inLanguage\":\"pt-BR\",\"potentialAction\":[{\"@type\":\"ReadAction\",\"target\":[\"https:\/\/www.polisrecreio.com.br\/site\/2017\/11\/24\/futuras-funcionarias-da-usina-de-reciclagem-de-conceicao-promovem-oficina-em-escola\/\"]}]},{\"@type\":\"Person\",\"@id\":\"https:\/\/www.polisrecreio.com.br\/site\/#\/schema\/person\/3363c1c78e1e28e1329d97adb387638e\",\"name\":\"Leonardo Ribeiro\",\"image\":{\"@type\":\"ImageObject\",\"@id\":\"https:\/\/www.polisrecreio.com.br\/site\/#personlogo\",\"inLanguage\":\"pt-BR\",\"url\":\"https:\/\/secure.gravatar.com\/avatar\/6ba92a37d621e1a83e23710251178a12?s=96&d=mm&r=g\",\"caption\":\"Leonardo Ribeiro\"},\"sameAs\":[\"http:\/\/www.polisrecreio.com.br\"]}]}<\/script>\n<!-- \/ Yoast SEO plugin. -->","_links":{"self":[{"href":"https:\/\/www.polisrecreio.com.br\/site\/wp-json\/wp\/v2\/posts\/7921"}],"collection":[{"href":"https:\/\/www.polisrecreio.com.br\/site\/wp-json\/wp\/v2\/posts"}],"about":[{"href":"https:\/\/www.polisrecreio.com.br\/site\/wp-json\/wp\/v2\/types\/post"}],"author":[{"embeddable":true,"href":"https:\/\/www.polisrecreio.com.br\/site\/wp-json\/wp\/v2\/users\/3"}],"replies":[{"embeddable":true,"href":"https:\/\/www.polisrecreio.com.br\/site\/wp-json\/wp\/v2\/comments?post=7921"}],"version-history":[{"count":2,"href":"https:\/\/www.polisrecreio.com.br\/site\/wp-json\/wp\/v2\/posts\/7921\/revisions"}],"predecessor-version":[{"id":7930,"href":"https:\/\/www.polisrecreio.com.br\/site\/wp-json\/wp\/v2\/posts\/7921\/revisions\/7930"}],"wp:featuredmedia":[{"embeddable":true,"href":"https:\/\/www.polisrecreio.com.br\/site\/wp-json\/wp\/v2\/media\/7927"}],"wp:attachment":[{"href":"https:\/\/www.polisrecreio.com.br\/site\/wp-json\/wp\/v2\/media?parent=7921"}],"wp:term":[{"taxonomy":"category","embeddable":true,"href":"https:\/\/www.polisrecreio.com.br\/site\/wp-json\/wp\/v2\/categories?post=7921"},{"taxonomy":"post_tag","embeddable":true,"href":"https:\/\/www.polisrecreio.com.br\/site\/wp-json\/wp\/v2\/tags?post=7921"}],"curies":[{"name":"wp","href":"https:\/\/api.w.org\/{rel}","templated":true}]}}