{"id":7932,"date":"2017-11-27T18:33:09","date_gmt":"2017-11-27T21:33:09","guid":{"rendered":"http:\/\/www.polisrecreio.com.br\/site\/?p=7932"},"modified":"2017-11-27T18:46:53","modified_gmt":"2017-11-27T21:46:53","slug":"prefeito-de-recreio-analisa-sistema-de-barraginhas-em-propriedade-rural","status":"publish","type":"post","link":"https:\/\/www.polisrecreio.com.br\/site\/2017\/11\/27\/prefeito-de-recreio-analisa-sistema-de-barraginhas-em-propriedade-rural\/","title":{"rendered":"Prefeito de Recreio analisa sistema de barraginhas em propriedade rural"},"content":{"rendered":"<p style=\"text-align: justify;\">Em 2017, Recreio sofreu com um colapso h\u00eddrico acarretado pela intensa estiagem como nunca havia acontecido na hist\u00f3ria do Munic\u00edpio.\u00a0Alguns moradores da cidade chegaram a ficar dias sem abastecimento de \u00e1gua e diversos produtores rurais tiveram suas fontes drasticamente reduzidas. Na busca por iniciativas para amenizar a situa\u00e7\u00e3o nos pr\u00f3ximos anos, o prefeito de Recreio, Z\u00e9 Maria Barros analisou a constru\u00e7\u00e3o do sistema de barraginhas no S\u00edtio do Bem, de propriedade de Laureano do Bem.<\/p>\n<p style=\"text-align: justify;\"><!--more--><\/p>\n<figure id=\"attachment_7936\" aria-describedby=\"caption-attachment-7936\" style=\"width: 750px\" class=\"wp-caption aligncenter\"><a href=\"http:\/\/www.polisrecreio.com.br\/site\/wp-content\/uploads\/2017\/11\/4barraginhas.jpg\"><img loading=\"lazy\" class=\"size-full wp-image-7936\" src=\"http:\/\/www.polisrecreio.com.br\/site\/wp-content\/uploads\/2017\/11\/4barraginhas.jpg\" alt=\"Avalia\u00e7\u00e3o do terreno.\" width=\"750\" height=\"500\" srcset=\"https:\/\/www.polisrecreio.com.br\/site\/wp-content\/uploads\/2017\/11\/4barraginhas.jpg 750w, https:\/\/www.polisrecreio.com.br\/site\/wp-content\/uploads\/2017\/11\/4barraginhas-300x200.jpg 300w\" sizes=\"(max-width: 750px) 100vw, 750px\" \/><\/a><figcaption id=\"caption-attachment-7936\" class=\"wp-caption-text\">Avalia\u00e7\u00e3o do terreno.<\/figcaption><\/figure>\n<p style=\"text-align: justify;\">As barraginhas s\u00e3o pequenas bacias escavadas na terra que se enchem de \u00e1gua no per\u00edodo chuvoso. Elas t\u00eam o objetivo de reter as enxurradas e fazer a \u00e1gua das chuvas se infiltrarem no solo. A tecnologia social tem a capacidade de recarregar o len\u00e7ol fre\u00e1tico, funcionando como uma caixa d\u2019\u00e1gua natural. As barraginhas tamb\u00e9m preservam o terreno, j\u00e1 que, ao conter as enxurradas, a eros\u00e3o \u00e9 evitada.<\/p>\n<p style=\"text-align: justify;\">O projeto das bacias foi desenvolvido por iniciativa dos filhos do propriet\u00e1rio do S\u00edtio, Luciano e Vitor do Bem, que conheceram a ideia adotada em outras cidades. Na propriedade, localizada a 8 km do distrito sede, Recreio, foram constru\u00eddas duas barraginhas com a capacidade de acumular de 20 a 24 m\u00b3 de \u00e1gua. A obra foi feita nesta segunda-feira (27) com a m\u00e1quina retroescavadeira cedida pelo prefeito e com orienta\u00e7\u00f5es t\u00e9cnicas da EMATER\/MG.<\/p>\n<figure id=\"attachment_7940\" aria-describedby=\"caption-attachment-7940\" style=\"width: 750px\" class=\"wp-caption aligncenter\"><a href=\"http:\/\/www.polisrecreio.com.br\/site\/wp-content\/uploads\/2017\/11\/8barraginhas.jpg\"><img loading=\"lazy\" class=\"size-full wp-image-7940\" src=\"http:\/\/www.polisrecreio.com.br\/site\/wp-content\/uploads\/2017\/11\/8barraginhas.jpg\" alt=\"M\u00e1quina construindo a barraginha.\" width=\"750\" height=\"500\" srcset=\"https:\/\/www.polisrecreio.com.br\/site\/wp-content\/uploads\/2017\/11\/8barraginhas.jpg 750w, https:\/\/www.polisrecreio.com.br\/site\/wp-content\/uploads\/2017\/11\/8barraginhas-300x200.jpg 300w\" sizes=\"(max-width: 750px) 100vw, 750px\" \/><\/a><figcaption id=\"caption-attachment-7940\" class=\"wp-caption-text\">M\u00e1quina construindo a barraginha.<\/figcaption><\/figure>\n<p style=\"text-align: justify;\">Segundo o prefeito de Recreio, \u201cessa \u00e9 uma iniciativa importante para os pr\u00f3ximos anos. Vamos reunir com a nossa equipe administrativa e estudar uma parceria com outros propriet\u00e1rios de terras\u201d. Al\u00e9m do sistema de barraginhas, o executivo municipal, aguarda a libera\u00e7\u00e3o de um recurso estadual para a perfura\u00e7\u00e3o de po\u00e7os artesianos na \u00e1rea urbana de Recreio.<\/p>\n<p style=\"text-align: justify;\">Por meio de rede social, V\u00edtor do Bem, agradeceu o apoio da Prefeitura e da EMATER e disse que \u201cisso \u00e9 produ\u00e7\u00e3o rural com sustentabilidade. Em pouco mais de uma hora de servi\u00e7o os reservat\u00f3rios ficaram prontos\u201d. No S\u00edtio do Bem a principal atividade \u00e9 a produ\u00e7\u00e3o de leite. Este ano as fontes de \u00e1gua da\u00a0propriedade tiveram os seus n\u00edveis reduzidos devido a forte estiagem.<\/p>\n<p style=\"text-align: justify;\">Al\u00e9m dos propriet\u00e1rios do S\u00edtio, acompanharam a obra das barraginhas, Jo\u00e3o Guilherme Marchito, t\u00e9cnico extensionista de Recreio, e Ricardo Pereira, coordenador t\u00e9cnico regional de Muria\u00e9, da EMATER\/MG; prefeito Z\u00e9 Maria Barros; secret\u00e1ria de Administra\u00e7\u00e3o, Patr\u00edcia Surerus; diretor do SAAE, Jos\u00e9 Augusto de Souza; assessores, Jorge Pimenta e Igor Miranda, representantes do Conselho do Meio Ambiente; e o veterin\u00e1rio municipal, Lu\u00eds Vin\u00edcius.<\/p>\n<figure id=\"attachment_7942\" aria-describedby=\"caption-attachment-7942\" style=\"width: 750px\" class=\"wp-caption aligncenter\"><a href=\"http:\/\/www.polisrecreio.com.br\/site\/wp-content\/uploads\/2017\/11\/10barraginha.jpg\"><img loading=\"lazy\" class=\"size-full wp-image-7942\" src=\"http:\/\/www.polisrecreio.com.br\/site\/wp-content\/uploads\/2017\/11\/10barraginha.jpg\" alt=\"Prefeito conversando com os t\u00e9cnicos da EMATER.\" width=\"750\" height=\"528\" srcset=\"https:\/\/www.polisrecreio.com.br\/site\/wp-content\/uploads\/2017\/11\/10barraginha.jpg 750w, https:\/\/www.polisrecreio.com.br\/site\/wp-content\/uploads\/2017\/11\/10barraginha-300x211.jpg 300w\" sizes=\"(max-width: 750px) 100vw, 750px\" \/><\/a><figcaption id=\"caption-attachment-7942\" class=\"wp-caption-text\">Prefeito conversando com os t\u00e9cnicos da EMATER.<\/figcaption><\/figure>\n<figure id=\"attachment_7935\" aria-describedby=\"caption-attachment-7935\" style=\"width: 750px\" class=\"wp-caption aligncenter\"><a href=\"http:\/\/www.polisrecreio.com.br\/site\/wp-content\/uploads\/2017\/11\/3barraginhas.jpg\"><img loading=\"lazy\" class=\"size-full wp-image-7935\" src=\"http:\/\/www.polisrecreio.com.br\/site\/wp-content\/uploads\/2017\/11\/3barraginhas.jpg\" alt=\"Avalia\u00e7\u00e3o do terreno.\" width=\"750\" height=\"500\" srcset=\"https:\/\/www.polisrecreio.com.br\/site\/wp-content\/uploads\/2017\/11\/3barraginhas.jpg 750w, https:\/\/www.polisrecreio.com.br\/site\/wp-content\/uploads\/2017\/11\/3barraginhas-300x200.jpg 300w\" sizes=\"(max-width: 750px) 100vw, 750px\" \/><\/a><figcaption id=\"caption-attachment-7935\" class=\"wp-caption-text\">Avalia\u00e7\u00e3o do terreno.<\/figcaption><\/figure>\n<figure id=\"attachment_7937\" aria-describedby=\"caption-attachment-7937\" style=\"width: 750px\" class=\"wp-caption aligncenter\"><a href=\"http:\/\/www.polisrecreio.com.br\/site\/wp-content\/uploads\/2017\/11\/5barraginhas.jpg\"><img loading=\"lazy\" class=\"size-full wp-image-7937\" src=\"http:\/\/www.polisrecreio.com.br\/site\/wp-content\/uploads\/2017\/11\/5barraginhas.jpg\" alt=\"Terreno sendo medido.\" width=\"750\" height=\"500\" srcset=\"https:\/\/www.polisrecreio.com.br\/site\/wp-content\/uploads\/2017\/11\/5barraginhas.jpg 750w, https:\/\/www.polisrecreio.com.br\/site\/wp-content\/uploads\/2017\/11\/5barraginhas-300x200.jpg 300w\" sizes=\"(max-width: 750px) 100vw, 750px\" \/><\/a><figcaption id=\"caption-attachment-7937\" class=\"wp-caption-text\">Terreno sendo medido.<\/figcaption><\/figure>\n<figure id=\"attachment_7934\" aria-describedby=\"caption-attachment-7934\" style=\"width: 750px\" class=\"wp-caption aligncenter\"><a href=\"http:\/\/www.polisrecreio.com.br\/site\/wp-content\/uploads\/2017\/11\/2barraginhas.jpg\"><img loading=\"lazy\" class=\"size-full wp-image-7934\" src=\"http:\/\/www.polisrecreio.com.br\/site\/wp-content\/uploads\/2017\/11\/2barraginhas.jpg\" alt=\"C\u00e1lculos dos t\u00e9cnicos da EMATER.\" width=\"750\" height=\"500\" srcset=\"https:\/\/www.polisrecreio.com.br\/site\/wp-content\/uploads\/2017\/11\/2barraginhas.jpg 750w, https:\/\/www.polisrecreio.com.br\/site\/wp-content\/uploads\/2017\/11\/2barraginhas-300x200.jpg 300w\" sizes=\"(max-width: 750px) 100vw, 750px\" \/><\/a><figcaption id=\"caption-attachment-7934\" class=\"wp-caption-text\">C\u00e1lculos dos t\u00e9cnicos da EMATER.<\/figcaption><\/figure>\n<figure id=\"attachment_7938\" aria-describedby=\"caption-attachment-7938\" style=\"width: 750px\" class=\"wp-caption aligncenter\"><a href=\"http:\/\/www.polisrecreio.com.br\/site\/wp-content\/uploads\/2017\/11\/6barraginhas.jpg\"><img loading=\"lazy\" class=\"size-full wp-image-7938\" src=\"http:\/\/www.polisrecreio.com.br\/site\/wp-content\/uploads\/2017\/11\/6barraginhas.jpg\" alt=\"\u00c1rea sendo medida.\" width=\"750\" height=\"500\" srcset=\"https:\/\/www.polisrecreio.com.br\/site\/wp-content\/uploads\/2017\/11\/6barraginhas.jpg 750w, https:\/\/www.polisrecreio.com.br\/site\/wp-content\/uploads\/2017\/11\/6barraginhas-300x200.jpg 300w\" sizes=\"(max-width: 750px) 100vw, 750px\" \/><\/a><figcaption id=\"caption-attachment-7938\" class=\"wp-caption-text\">\u00c1rea sendo medida.<\/figcaption><\/figure>\n<figure id=\"attachment_7939\" aria-describedby=\"caption-attachment-7939\" style=\"width: 750px\" class=\"wp-caption aligncenter\"><a href=\"http:\/\/www.polisrecreio.com.br\/site\/wp-content\/uploads\/2017\/11\/7barraginhas.jpg\"><img loading=\"lazy\" class=\"size-full wp-image-7939\" src=\"http:\/\/www.polisrecreio.com.br\/site\/wp-content\/uploads\/2017\/11\/7barraginhas.jpg\" alt=\"M\u00e1quina iniciando a obra.\" width=\"750\" height=\"500\" srcset=\"https:\/\/www.polisrecreio.com.br\/site\/wp-content\/uploads\/2017\/11\/7barraginhas.jpg 750w, https:\/\/www.polisrecreio.com.br\/site\/wp-content\/uploads\/2017\/11\/7barraginhas-300x200.jpg 300w\" sizes=\"(max-width: 750px) 100vw, 750px\" \/><\/a><figcaption id=\"caption-attachment-7939\" class=\"wp-caption-text\">M\u00e1quina iniciando a obra.<\/figcaption><\/figure>\n<figure id=\"attachment_7941\" aria-describedby=\"caption-attachment-7941\" style=\"width: 750px\" class=\"wp-caption aligncenter\"><a href=\"http:\/\/www.polisrecreio.com.br\/site\/wp-content\/uploads\/2017\/11\/9barraginhas.jpg\"><img loading=\"lazy\" class=\"size-full wp-image-7941\" src=\"http:\/\/www.polisrecreio.com.br\/site\/wp-content\/uploads\/2017\/11\/9barraginhas.jpg\" alt=\"Barraginha em constru\u00e7\u00e3o.\" width=\"750\" height=\"500\" srcset=\"https:\/\/www.polisrecreio.com.br\/site\/wp-content\/uploads\/2017\/11\/9barraginhas.jpg 750w, https:\/\/www.polisrecreio.com.br\/site\/wp-content\/uploads\/2017\/11\/9barraginhas-300x200.jpg 300w\" sizes=\"(max-width: 750px) 100vw, 750px\" \/><\/a><figcaption id=\"caption-attachment-7941\" class=\"wp-caption-text\">Barraginha em constru\u00e7\u00e3o.<\/figcaption><\/figure>\n","protected":false},"excerpt":{"rendered":"<p>Em 2017, Recreio sofreu com um colapso h\u00eddrico acarretado pela intensa estiagem como nunca havia acontecido na hist\u00f3ria do Munic\u00edpio.\u00a0Alguns moradores da cidade chegaram a ficar dias sem abastecimento de \u00e1gua e diversos produtores rurais tiveram suas fontes drasticamente reduzidas. Na busca por iniciativas para amenizar a situa\u00e7\u00e3o nos pr\u00f3ximos anos, o prefeito de Recreio, [&hellip;]<\/p>\n","protected":false},"author":3,"featured_media":7936,"comment_status":"open","ping_status":"open","sticky":false,"template":"","format":"standard","meta":[],"categories":[14],"tags":[],"yoast_head":"<!-- This site is optimized with the Yoast SEO plugin v15.6.2 - https:\/\/yoast.com\/wordpress\/plugins\/seo\/ -->\n<meta name=\"robots\" content=\"index, follow, max-snippet:-1, max-image-preview:large, max-video-preview:-1\" \/>\n<link rel=\"canonical\" href=\"http:\/\/www.polisrecreio.com.br\/site\/2017\/11\/27\/prefeito-de-recreio-analisa-sistema-de-barraginhas-em-propriedade-rural\/\" \/>\n<meta property=\"og:locale\" content=\"pt_BR\" \/>\n<meta property=\"og:type\" content=\"article\" \/>\n<meta property=\"og:title\" content=\"Prefeito de Recreio analisa sistema de barraginhas em propriedade rural - P\u00f3lis Recreio\" \/>\n<meta property=\"og:description\" content=\"Em 2017, Recreio sofreu com um colapso h\u00eddrico acarretado pela intensa estiagem como nunca havia acontecido na hist\u00f3ria do Munic\u00edpio.\u00a0Alguns moradores da cidade chegaram a ficar dias sem abastecimento de \u00e1gua e diversos produtores rurais tiveram suas fontes drasticamente reduzidas. Na busca por iniciativas para amenizar a situa\u00e7\u00e3o nos pr\u00f3ximos anos, o prefeito de Recreio, [&hellip;]\" \/>\n<meta property=\"og:url\" content=\"http:\/\/www.polisrecreio.com.br\/site\/2017\/11\/27\/prefeito-de-recreio-analisa-sistema-de-barraginhas-em-propriedade-rural\/\" \/>\n<meta property=\"og:site_name\" content=\"P\u00f3lis Recreio\" \/>\n<meta property=\"article:publisher\" content=\"https:\/\/www.facebook.com\/Site-P%c3%b3lis-Recreio-MG-181941708571019\/\" \/>\n<meta property=\"article:published_time\" content=\"2017-11-27T21:33:09+00:00\" \/>\n<meta property=\"article:modified_time\" content=\"2017-11-27T21:46:53+00:00\" \/>\n<meta property=\"og:image\" content=\"https:\/\/www.polisrecreio.com.br\/site\/wp-content\/uploads\/2017\/11\/4barraginhas.jpg\" \/>\n\t<meta property=\"og:image:width\" content=\"750\" \/>\n\t<meta property=\"og:image:height\" content=\"500\" \/>\n<meta name=\"twitter:card\" content=\"summary_large_image\" \/>\n<meta name=\"twitter:creator\" content=\"@PolisRecreio\" \/>\n<meta name=\"twitter:site\" content=\"@PolisRecreio\" \/>\n<meta name=\"twitter:label1\" content=\"Est. reading time\">\n\t<meta name=\"twitter:data1\" content=\"3 minutos\">\n<script type=\"application\/ld+json\" class=\"yoast-schema-graph\">{\"@context\":\"https:\/\/schema.org\",\"@graph\":[{\"@type\":\"WebSite\",\"@id\":\"https:\/\/www.polisrecreio.com.br\/site\/#website\",\"url\":\"https:\/\/www.polisrecreio.com.br\/site\/\",\"name\":\"P\\u00f3lis Recreio\",\"description\":\"\",\"potentialAction\":[{\"@type\":\"SearchAction\",\"target\":\"https:\/\/www.polisrecreio.com.br\/site\/?s={search_term_string}\",\"query-input\":\"required name=search_term_string\"}],\"inLanguage\":\"pt-BR\"},{\"@type\":\"ImageObject\",\"@id\":\"http:\/\/www.polisrecreio.com.br\/site\/2017\/11\/27\/prefeito-de-recreio-analisa-sistema-de-barraginhas-em-propriedade-rural\/#primaryimage\",\"inLanguage\":\"pt-BR\",\"url\":\"https:\/\/www.polisrecreio.com.br\/site\/wp-content\/uploads\/2017\/11\/4barraginhas.jpg\",\"width\":750,\"height\":500,\"caption\":\"Avalia\\u00e7\\u00e3o do terreno.\"},{\"@type\":\"WebPage\",\"@id\":\"http:\/\/www.polisrecreio.com.br\/site\/2017\/11\/27\/prefeito-de-recreio-analisa-sistema-de-barraginhas-em-propriedade-rural\/#webpage\",\"url\":\"http:\/\/www.polisrecreio.com.br\/site\/2017\/11\/27\/prefeito-de-recreio-analisa-sistema-de-barraginhas-em-propriedade-rural\/\",\"name\":\"Prefeito de Recreio analisa sistema de barraginhas em propriedade rural - P\\u00f3lis Recreio\",\"isPartOf\":{\"@id\":\"https:\/\/www.polisrecreio.com.br\/site\/#website\"},\"primaryImageOfPage\":{\"@id\":\"http:\/\/www.polisrecreio.com.br\/site\/2017\/11\/27\/prefeito-de-recreio-analisa-sistema-de-barraginhas-em-propriedade-rural\/#primaryimage\"},\"datePublished\":\"2017-11-27T21:33:09+00:00\",\"dateModified\":\"2017-11-27T21:46:53+00:00\",\"author\":{\"@id\":\"https:\/\/www.polisrecreio.com.br\/site\/#\/schema\/person\/3363c1c78e1e28e1329d97adb387638e\"},\"inLanguage\":\"pt-BR\",\"potentialAction\":[{\"@type\":\"ReadAction\",\"target\":[\"http:\/\/www.polisrecreio.com.br\/site\/2017\/11\/27\/prefeito-de-recreio-analisa-sistema-de-barraginhas-em-propriedade-rural\/\"]}]},{\"@type\":\"Person\",\"@id\":\"https:\/\/www.polisrecreio.com.br\/site\/#\/schema\/person\/3363c1c78e1e28e1329d97adb387638e\",\"name\":\"Leonardo Ribeiro\",\"image\":{\"@type\":\"ImageObject\",\"@id\":\"https:\/\/www.polisrecreio.com.br\/site\/#personlogo\",\"inLanguage\":\"pt-BR\",\"url\":\"https:\/\/secure.gravatar.com\/avatar\/6ba92a37d621e1a83e23710251178a12?s=96&d=mm&r=g\",\"caption\":\"Leonardo Ribeiro\"},\"sameAs\":[\"http:\/\/www.polisrecreio.com.br\"]}]}<\/script>\n<!-- \/ Yoast SEO plugin. -->","_links":{"self":[{"href":"https:\/\/www.polisrecreio.com.br\/site\/wp-json\/wp\/v2\/posts\/7932"}],"collection":[{"href":"https:\/\/www.polisrecreio.com.br\/site\/wp-json\/wp\/v2\/posts"}],"about":[{"href":"https:\/\/www.polisrecreio.com.br\/site\/wp-json\/wp\/v2\/types\/post"}],"author":[{"embeddable":true,"href":"https:\/\/www.polisrecreio.com.br\/site\/wp-json\/wp\/v2\/users\/3"}],"replies":[{"embeddable":true,"href":"https:\/\/www.polisrecreio.com.br\/site\/wp-json\/wp\/v2\/comments?post=7932"}],"version-history":[{"count":9,"href":"https:\/\/www.polisrecreio.com.br\/site\/wp-json\/wp\/v2\/posts\/7932\/revisions"}],"predecessor-version":[{"id":7951,"href":"https:\/\/www.polisrecreio.com.br\/site\/wp-json\/wp\/v2\/posts\/7932\/revisions\/7951"}],"wp:featuredmedia":[{"embeddable":true,"href":"https:\/\/www.polisrecreio.com.br\/site\/wp-json\/wp\/v2\/media\/7936"}],"wp:attachment":[{"href":"https:\/\/www.polisrecreio.com.br\/site\/wp-json\/wp\/v2\/media?parent=7932"}],"wp:term":[{"taxonomy":"category","embeddable":true,"href":"https:\/\/www.polisrecreio.com.br\/site\/wp-json\/wp\/v2\/categories?post=7932"},{"taxonomy":"post_tag","embeddable":true,"href":"https:\/\/www.polisrecreio.com.br\/site\/wp-json\/wp\/v2\/tags?post=7932"}],"curies":[{"name":"wp","href":"https:\/\/api.w.org\/{rel}","templated":true}]}}