{"id":7952,"date":"2017-11-27T20:19:48","date_gmt":"2017-11-27T23:19:48","guid":{"rendered":"http:\/\/www.polisrecreio.com.br\/site\/?p=7952"},"modified":"2017-11-27T20:19:48","modified_gmt":"2017-11-27T23:19:48","slug":"recreio-vai-participar-da-conferencia-estadual-de-educacao-em-2018","status":"publish","type":"post","link":"https:\/\/www.polisrecreio.com.br\/site\/2017\/11\/27\/recreio-vai-participar-da-conferencia-estadual-de-educacao-em-2018\/","title":{"rendered":"Recreio vai participar da Confer\u00eancia Estadual de Educa\u00e7\u00e3o em 2018"},"content":{"rendered":"<p style=\"text-align: justify;\">No \u00faltimo s\u00e1bado (25), na cidade de Santos Dumont, a 180 km de Recreio, aconteceu a etapa territorial da Confer\u00eancia de Educa\u00e7\u00e3o de Minas Gerais. Em mar\u00e7o de 2018 ser\u00e1 a vez da etapa estadual, em Belo Horizonte, e Recreio vai participar.<\/p>\n<p style=\"text-align: justify;\"><!--more--><\/p>\n<figure id=\"attachment_7953\" aria-describedby=\"caption-attachment-7953\" style=\"width: 960px\" class=\"wp-caption aligncenter\"><a href=\"http:\/\/www.polisrecreio.com.br\/site\/wp-content\/uploads\/2017\/11\/23795597_1450352475082214_4425451401261165678_n.jpg\"><img loading=\"lazy\" class=\"size-full wp-image-7953\" src=\"http:\/\/www.polisrecreio.com.br\/site\/wp-content\/uploads\/2017\/11\/23795597_1450352475082214_4425451401261165678_n.jpg\" alt=\"Marcilene, Cl\u00e1udia, Adriana, Ruan, M\u00e1rnio e Sidil\u00facio Senra (SRE\/Leopoldina).\" width=\"960\" height=\"778\" srcset=\"https:\/\/www.polisrecreio.com.br\/site\/wp-content\/uploads\/2017\/11\/23795597_1450352475082214_4425451401261165678_n.jpg 960w, https:\/\/www.polisrecreio.com.br\/site\/wp-content\/uploads\/2017\/11\/23795597_1450352475082214_4425451401261165678_n-300x243.jpg 300w\" sizes=\"(max-width: 960px) 100vw, 960px\" \/><\/a><figcaption id=\"caption-attachment-7953\" class=\"wp-caption-text\">Marcilene, Cl\u00e1udia, Adriana, Ruan, M\u00e1rnio e Sidil\u00facio Senra (SRE\/Leopoldina).<\/figcaption><\/figure>\n<p style=\"text-align: justify;\">Segundo informa\u00e7\u00f5es do site da Secretaria de Estado de Educa\u00e7\u00e3o um dos principais temas debatidos na fase territorial, que aconteceu simultaneamente em 12 munic\u00edpios mineiros, foi a cria\u00e7\u00e3o de um sistema que articule as a\u00e7\u00f5es em todo o Estado e avance nos mecanismos de financiamento e redistribui\u00e7\u00e3o de recursos para promover a redu\u00e7\u00e3o das desigualdades educacionais. Al\u00e9m de discuss\u00e3o sobre outros 8 eixos.<\/p>\n<p style=\"text-align: justify;\">A comitiva de Recreio em Santos Dumont foi composta por: Adriana Amorim, professores de educa\u00e7\u00e3o b\u00e1sica no Munic\u00edpio e supervisora na E.E Presidente Carlos Luz; Cl\u00e1udia Buzzinari, supervisora no Munic\u00edpio; Marcilene Costa, vice-diretora das escolas rurais do Munic\u00edpio; M\u00e1rnio Jatob\u00e1, assessor pedag\u00f3gico no Munic\u00edpio e professor de apoio a biblioteca no Estado; Ruan Ferreira, diretor da E.E Olavo Bilac. Todos foram escolhidos para representar a regi\u00e3o na pr\u00f3xima etapa, em Belo Horizonte, entre os dias 22 e 23 de mar\u00e7o.<\/p>\n","protected":false},"excerpt":{"rendered":"<p>No \u00faltimo s\u00e1bado (25), na cidade de Santos Dumont, a 180 km de Recreio, aconteceu a etapa territorial da Confer\u00eancia de Educa\u00e7\u00e3o de Minas Gerais. Em mar\u00e7o de 2018 ser\u00e1 a vez da etapa estadual, em Belo Horizonte, e Recreio vai participar.<\/p>\n","protected":false},"author":3,"featured_media":7953,"comment_status":"open","ping_status":"open","sticky":false,"template":"","format":"standard","meta":[],"categories":[9],"tags":[],"yoast_head":"<!-- This site is optimized with the Yoast SEO plugin v15.6.2 - https:\/\/yoast.com\/wordpress\/plugins\/seo\/ -->\n<meta name=\"robots\" content=\"index, follow, max-snippet:-1, max-image-preview:large, max-video-preview:-1\" \/>\n<link rel=\"canonical\" href=\"https:\/\/www.polisrecreio.com.br\/site\/2017\/11\/27\/recreio-vai-participar-da-conferencia-estadual-de-educacao-em-2018\/\" \/>\n<meta property=\"og:locale\" content=\"pt_BR\" \/>\n<meta property=\"og:type\" content=\"article\" \/>\n<meta property=\"og:title\" content=\"Recreio vai participar da Confer\u00eancia Estadual de Educa\u00e7\u00e3o em 2018 - P\u00f3lis Recreio\" \/>\n<meta property=\"og:description\" content=\"No \u00faltimo s\u00e1bado (25), na cidade de Santos Dumont, a 180 km de Recreio, aconteceu a etapa territorial da Confer\u00eancia de Educa\u00e7\u00e3o de Minas Gerais. Em mar\u00e7o de 2018 ser\u00e1 a vez da etapa estadual, em Belo Horizonte, e Recreio vai participar.\" \/>\n<meta property=\"og:url\" content=\"https:\/\/www.polisrecreio.com.br\/site\/2017\/11\/27\/recreio-vai-participar-da-conferencia-estadual-de-educacao-em-2018\/\" \/>\n<meta property=\"og:site_name\" content=\"P\u00f3lis Recreio\" \/>\n<meta property=\"article:publisher\" content=\"https:\/\/www.facebook.com\/Site-P%c3%b3lis-Recreio-MG-181941708571019\/\" \/>\n<meta property=\"article:published_time\" content=\"2017-11-27T23:19:48+00:00\" \/>\n<meta property=\"og:image\" content=\"https:\/\/www.polisrecreio.com.br\/site\/wp-content\/uploads\/2017\/11\/23795597_1450352475082214_4425451401261165678_n.jpg\" \/>\n\t<meta property=\"og:image:width\" content=\"960\" \/>\n\t<meta property=\"og:image:height\" content=\"778\" \/>\n<meta name=\"twitter:card\" content=\"summary_large_image\" \/>\n<meta name=\"twitter:creator\" content=\"@PolisRecreio\" \/>\n<meta name=\"twitter:site\" content=\"@PolisRecreio\" \/>\n<meta name=\"twitter:label1\" content=\"Est. reading time\">\n\t<meta name=\"twitter:data1\" content=\"1 minuto\">\n<script type=\"application\/ld+json\" class=\"yoast-schema-graph\">{\"@context\":\"https:\/\/schema.org\",\"@graph\":[{\"@type\":\"WebSite\",\"@id\":\"https:\/\/www.polisrecreio.com.br\/site\/#website\",\"url\":\"https:\/\/www.polisrecreio.com.br\/site\/\",\"name\":\"P\\u00f3lis Recreio\",\"description\":\"\",\"potentialAction\":[{\"@type\":\"SearchAction\",\"target\":\"https:\/\/www.polisrecreio.com.br\/site\/?s={search_term_string}\",\"query-input\":\"required name=search_term_string\"}],\"inLanguage\":\"pt-BR\"},{\"@type\":\"ImageObject\",\"@id\":\"https:\/\/www.polisrecreio.com.br\/site\/2017\/11\/27\/recreio-vai-participar-da-conferencia-estadual-de-educacao-em-2018\/#primaryimage\",\"inLanguage\":\"pt-BR\",\"url\":\"https:\/\/www.polisrecreio.com.br\/site\/wp-content\/uploads\/2017\/11\/23795597_1450352475082214_4425451401261165678_n.jpg\",\"width\":960,\"height\":778,\"caption\":\"Marcilene, Cl\\u00e1udia, Adriana, Ruan, M\\u00e1rnio e Sidil\\u00facio Senra (SRE\/Leopoldina).\"},{\"@type\":\"WebPage\",\"@id\":\"https:\/\/www.polisrecreio.com.br\/site\/2017\/11\/27\/recreio-vai-participar-da-conferencia-estadual-de-educacao-em-2018\/#webpage\",\"url\":\"https:\/\/www.polisrecreio.com.br\/site\/2017\/11\/27\/recreio-vai-participar-da-conferencia-estadual-de-educacao-em-2018\/\",\"name\":\"Recreio vai participar da Confer\\u00eancia Estadual de Educa\\u00e7\\u00e3o em 2018 - P\\u00f3lis Recreio\",\"isPartOf\":{\"@id\":\"https:\/\/www.polisrecreio.com.br\/site\/#website\"},\"primaryImageOfPage\":{\"@id\":\"https:\/\/www.polisrecreio.com.br\/site\/2017\/11\/27\/recreio-vai-participar-da-conferencia-estadual-de-educacao-em-2018\/#primaryimage\"},\"datePublished\":\"2017-11-27T23:19:48+00:00\",\"dateModified\":\"2017-11-27T23:19:48+00:00\",\"author\":{\"@id\":\"https:\/\/www.polisrecreio.com.br\/site\/#\/schema\/person\/3363c1c78e1e28e1329d97adb387638e\"},\"inLanguage\":\"pt-BR\",\"potentialAction\":[{\"@type\":\"ReadAction\",\"target\":[\"https:\/\/www.polisrecreio.com.br\/site\/2017\/11\/27\/recreio-vai-participar-da-conferencia-estadual-de-educacao-em-2018\/\"]}]},{\"@type\":\"Person\",\"@id\":\"https:\/\/www.polisrecreio.com.br\/site\/#\/schema\/person\/3363c1c78e1e28e1329d97adb387638e\",\"name\":\"Leonardo Ribeiro\",\"image\":{\"@type\":\"ImageObject\",\"@id\":\"https:\/\/www.polisrecreio.com.br\/site\/#personlogo\",\"inLanguage\":\"pt-BR\",\"url\":\"https:\/\/secure.gravatar.com\/avatar\/6ba92a37d621e1a83e23710251178a12?s=96&d=mm&r=g\",\"caption\":\"Leonardo Ribeiro\"},\"sameAs\":[\"http:\/\/www.polisrecreio.com.br\"]}]}<\/script>\n<!-- \/ Yoast SEO plugin. -->","_links":{"self":[{"href":"https:\/\/www.polisrecreio.com.br\/site\/wp-json\/wp\/v2\/posts\/7952"}],"collection":[{"href":"https:\/\/www.polisrecreio.com.br\/site\/wp-json\/wp\/v2\/posts"}],"about":[{"href":"https:\/\/www.polisrecreio.com.br\/site\/wp-json\/wp\/v2\/types\/post"}],"author":[{"embeddable":true,"href":"https:\/\/www.polisrecreio.com.br\/site\/wp-json\/wp\/v2\/users\/3"}],"replies":[{"embeddable":true,"href":"https:\/\/www.polisrecreio.com.br\/site\/wp-json\/wp\/v2\/comments?post=7952"}],"version-history":[{"count":1,"href":"https:\/\/www.polisrecreio.com.br\/site\/wp-json\/wp\/v2\/posts\/7952\/revisions"}],"predecessor-version":[{"id":7954,"href":"https:\/\/www.polisrecreio.com.br\/site\/wp-json\/wp\/v2\/posts\/7952\/revisions\/7954"}],"wp:featuredmedia":[{"embeddable":true,"href":"https:\/\/www.polisrecreio.com.br\/site\/wp-json\/wp\/v2\/media\/7953"}],"wp:attachment":[{"href":"https:\/\/www.polisrecreio.com.br\/site\/wp-json\/wp\/v2\/media?parent=7952"}],"wp:term":[{"taxonomy":"category","embeddable":true,"href":"https:\/\/www.polisrecreio.com.br\/site\/wp-json\/wp\/v2\/categories?post=7952"},{"taxonomy":"post_tag","embeddable":true,"href":"https:\/\/www.polisrecreio.com.br\/site\/wp-json\/wp\/v2\/tags?post=7952"}],"curies":[{"name":"wp","href":"https:\/\/api.w.org\/{rel}","templated":true}]}}