{"id":7955,"date":"2017-11-28T08:30:30","date_gmt":"2017-11-28T11:30:30","guid":{"rendered":"http:\/\/www.polisrecreio.com.br\/site\/?p=7955"},"modified":"2017-11-28T08:36:53","modified_gmt":"2017-11-28T11:36:53","slug":"lixeiras-sao-instaladas-ao-lado-da-e-e-olavo-bilac","status":"publish","type":"post","link":"https:\/\/www.polisrecreio.com.br\/site\/2017\/11\/28\/lixeiras-sao-instaladas-ao-lado-da-e-e-olavo-bilac\/","title":{"rendered":"Lixeiras s\u00e3o instaladas ao lado da E.E Olavo Bilac"},"content":{"rendered":"<p style=\"text-align: justify;\">H\u00e1 aproximadamente 30 dias uma reuni\u00e3o de iniciativa popular aconteceu no Centro Cultural Aristides Dorigo com objetivo de discutir a situa\u00e7\u00e3o h\u00eddrica de Recreio e alguns problemas ambientais, como o descarte de lixo domiciliar em via p\u00fablica. Nesta ter\u00e7a-feira (28), uma das propostas apresentadas no encontro come\u00e7ou a virar realidade, a instala\u00e7\u00e3o de lixeiras ao lado da E.E Olavo Bilac.<\/p>\n<p style=\"text-align: justify;\"><!--more--><\/p>\n<figure id=\"attachment_7959\" aria-describedby=\"caption-attachment-7959\" style=\"width: 750px\" class=\"wp-caption aligncenter\"><a href=\"http:\/\/www.polisrecreio.com.br\/site\/wp-content\/uploads\/2017\/11\/lixeira4.jpg\"><img loading=\"lazy\" class=\"size-full wp-image-7959\" src=\"http:\/\/www.polisrecreio.com.br\/site\/wp-content\/uploads\/2017\/11\/lixeira4.jpg\" alt=\"Estudantes e diretora da APAE, Maristela Guimar\u00e3es, e o diretor da E.E Olavo Bilac.\" width=\"750\" height=\"500\" srcset=\"https:\/\/www.polisrecreio.com.br\/site\/wp-content\/uploads\/2017\/11\/lixeira4.jpg 750w, https:\/\/www.polisrecreio.com.br\/site\/wp-content\/uploads\/2017\/11\/lixeira4-300x200.jpg 300w\" sizes=\"(max-width: 750px) 100vw, 750px\" \/><\/a><figcaption id=\"caption-attachment-7959\" class=\"wp-caption-text\">Estudantes e diretora da APAE, Maristela Guimar\u00e3es, e o diretor da E.E Olavo Bilac.<\/figcaption><\/figure>\n<p style=\"text-align: justify;\">Dois tambores come\u00e7aram a ser colocados no Cal\u00e7ad\u00e3o Ant\u00f4nio Meireles Ferreira, ao lado do col\u00e9gio. Ali diversas sacolas de lixo s\u00e3o colocadas na \u00e1rvore e na grade da escola, e, outras espalhadas pelo ch\u00e3o, dando um aspecto nada agrad\u00e1vel para a \u00e1rea.<\/p>\n<p style=\"text-align: justify;\">As lixeiras foram doadas espontaneamente pelo vereador Pororoca e a estrutura foi adquirida por meio de contribui\u00e7\u00f5es financeiras da sociedade em geral. Para executar os servi\u00e7os o prefeito Z\u00e9 Maria Barros cedeu dois servidores.<\/p>\n<p style=\"text-align: justify;\">De acordo com o diretor da E.E Olavo Bilac, Ruan Ferreira, \u201ca pr\u00f3xima etapa ser\u00e1 conscientizar os moradores do entorno com orienta\u00e7\u00f5es sobre o descarte correto das sacolas de lixo nos tambores. Esta campanha ser\u00e1 realizada com alunos do Olavo e da APAE de Recreio, que aderiu a ideia de mudar o visual da \u00e1rea\u201d.<\/p>\n<figure id=\"attachment_7957\" aria-describedby=\"caption-attachment-7957\" style=\"width: 750px\" class=\"wp-caption aligncenter\"><a href=\"http:\/\/www.polisrecreio.com.br\/site\/wp-content\/uploads\/2017\/11\/lixeira2.jpg\"><img loading=\"lazy\" class=\"size-full wp-image-7957\" src=\"http:\/\/www.polisrecreio.com.br\/site\/wp-content\/uploads\/2017\/11\/lixeira2.jpg\" alt=\"Servidores da Prefeitura instalando as lixeiras.\" width=\"750\" height=\"500\" srcset=\"https:\/\/www.polisrecreio.com.br\/site\/wp-content\/uploads\/2017\/11\/lixeira2.jpg 750w, https:\/\/www.polisrecreio.com.br\/site\/wp-content\/uploads\/2017\/11\/lixeira2-300x200.jpg 300w\" sizes=\"(max-width: 750px) 100vw, 750px\" \/><\/a><figcaption id=\"caption-attachment-7957\" class=\"wp-caption-text\">Servidores da Prefeitura instalando as lixeiras.<\/figcaption><\/figure>\n<figure id=\"attachment_7956\" aria-describedby=\"caption-attachment-7956\" style=\"width: 750px\" class=\"wp-caption aligncenter\"><a href=\"http:\/\/www.polisrecreio.com.br\/site\/wp-content\/uploads\/2017\/11\/lixeira1.jpg\"><img loading=\"lazy\" class=\"size-full wp-image-7956\" src=\"http:\/\/www.polisrecreio.com.br\/site\/wp-content\/uploads\/2017\/11\/lixeira1.jpg\" alt=\"Instala\u00e7\u00e3o dos tambores.\" width=\"750\" height=\"500\" srcset=\"https:\/\/www.polisrecreio.com.br\/site\/wp-content\/uploads\/2017\/11\/lixeira1.jpg 750w, https:\/\/www.polisrecreio.com.br\/site\/wp-content\/uploads\/2017\/11\/lixeira1-300x200.jpg 300w\" sizes=\"(max-width: 750px) 100vw, 750px\" \/><\/a><figcaption id=\"caption-attachment-7956\" class=\"wp-caption-text\">Instala\u00e7\u00e3o dos tambores.<\/dd>\n<dd class=\"wp-caption-dd\"><\/figcaption><\/figure>\n<figure id=\"attachment_7958\" aria-describedby=\"caption-attachment-7958\" style=\"width: 750px\" class=\"wp-caption aligncenter\"><a href=\"http:\/\/www.polisrecreio.com.br\/site\/wp-content\/uploads\/2017\/11\/lixeira3.jpg\"><img loading=\"lazy\" class=\"size-full wp-image-7958\" src=\"http:\/\/www.polisrecreio.com.br\/site\/wp-content\/uploads\/2017\/11\/lixeira3.jpg\" alt=\"Lixo jogado ao ch\u00e3o.\" width=\"750\" height=\"500\" srcset=\"https:\/\/www.polisrecreio.com.br\/site\/wp-content\/uploads\/2017\/11\/lixeira3.jpg 750w, https:\/\/www.polisrecreio.com.br\/site\/wp-content\/uploads\/2017\/11\/lixeira3-300x200.jpg 300w\" sizes=\"(max-width: 750px) 100vw, 750px\" \/><\/a><figcaption id=\"caption-attachment-7958\" class=\"wp-caption-text\">Lixo jogado ao ch\u00e3o.<\/figcaption><\/figure>\n","protected":false},"excerpt":{"rendered":"<p>H\u00e1 aproximadamente 30 dias uma reuni\u00e3o de iniciativa popular aconteceu no Centro Cultural Aristides Dorigo com objetivo de discutir a situa\u00e7\u00e3o h\u00eddrica de Recreio e alguns problemas ambientais, como o descarte de lixo domiciliar em via p\u00fablica. Nesta ter\u00e7a-feira (28), uma das propostas apresentadas no encontro come\u00e7ou a virar realidade, a instala\u00e7\u00e3o de lixeiras ao [&hellip;]<\/p>\n","protected":false},"author":3,"featured_media":7959,"comment_status":"open","ping_status":"open","sticky":false,"template":"","format":"standard","meta":[],"categories":[6],"tags":[],"yoast_head":"<!-- This site is optimized with the Yoast SEO plugin v15.6.2 - https:\/\/yoast.com\/wordpress\/plugins\/seo\/ -->\n<meta name=\"robots\" content=\"index, follow, max-snippet:-1, max-image-preview:large, max-video-preview:-1\" \/>\n<link rel=\"canonical\" href=\"http:\/\/www.polisrecreio.com.br\/site\/2017\/11\/28\/lixeiras-sao-instaladas-ao-lado-da-e-e-olavo-bilac\/\" \/>\n<meta property=\"og:locale\" content=\"pt_BR\" \/>\n<meta property=\"og:type\" content=\"article\" \/>\n<meta property=\"og:title\" content=\"Lixeiras s\u00e3o instaladas ao lado da E.E Olavo Bilac - P\u00f3lis Recreio\" \/>\n<meta property=\"og:description\" content=\"H\u00e1 aproximadamente 30 dias uma reuni\u00e3o de iniciativa popular aconteceu no Centro Cultural Aristides Dorigo com objetivo de discutir a situa\u00e7\u00e3o h\u00eddrica de Recreio e alguns problemas ambientais, como o descarte de lixo domiciliar em via p\u00fablica. Nesta ter\u00e7a-feira (28), uma das propostas apresentadas no encontro come\u00e7ou a virar realidade, a instala\u00e7\u00e3o de lixeiras ao [&hellip;]\" \/>\n<meta property=\"og:url\" content=\"http:\/\/www.polisrecreio.com.br\/site\/2017\/11\/28\/lixeiras-sao-instaladas-ao-lado-da-e-e-olavo-bilac\/\" \/>\n<meta property=\"og:site_name\" content=\"P\u00f3lis Recreio\" \/>\n<meta property=\"article:publisher\" content=\"https:\/\/www.facebook.com\/Site-P%c3%b3lis-Recreio-MG-181941708571019\/\" \/>\n<meta property=\"article:published_time\" content=\"2017-11-28T11:30:30+00:00\" \/>\n<meta property=\"article:modified_time\" content=\"2017-11-28T11:36:53+00:00\" \/>\n<meta property=\"og:image\" content=\"https:\/\/www.polisrecreio.com.br\/site\/wp-content\/uploads\/2017\/11\/lixeira4.jpg\" \/>\n\t<meta property=\"og:image:width\" content=\"750\" \/>\n\t<meta property=\"og:image:height\" content=\"500\" \/>\n<meta name=\"twitter:card\" content=\"summary_large_image\" \/>\n<meta name=\"twitter:creator\" content=\"@PolisRecreio\" \/>\n<meta name=\"twitter:site\" content=\"@PolisRecreio\" \/>\n<meta name=\"twitter:label1\" content=\"Est. reading time\">\n\t<meta name=\"twitter:data1\" content=\"1 minuto\">\n<script type=\"application\/ld+json\" class=\"yoast-schema-graph\">{\"@context\":\"https:\/\/schema.org\",\"@graph\":[{\"@type\":\"WebSite\",\"@id\":\"https:\/\/www.polisrecreio.com.br\/site\/#website\",\"url\":\"https:\/\/www.polisrecreio.com.br\/site\/\",\"name\":\"P\\u00f3lis Recreio\",\"description\":\"\",\"potentialAction\":[{\"@type\":\"SearchAction\",\"target\":\"https:\/\/www.polisrecreio.com.br\/site\/?s={search_term_string}\",\"query-input\":\"required name=search_term_string\"}],\"inLanguage\":\"pt-BR\"},{\"@type\":\"ImageObject\",\"@id\":\"http:\/\/www.polisrecreio.com.br\/site\/2017\/11\/28\/lixeiras-sao-instaladas-ao-lado-da-e-e-olavo-bilac\/#primaryimage\",\"inLanguage\":\"pt-BR\",\"url\":\"https:\/\/www.polisrecreio.com.br\/site\/wp-content\/uploads\/2017\/11\/lixeira4.jpg\",\"width\":750,\"height\":500,\"caption\":\"Estudantes e diretora da APAE, Maristela Guimar\\u00e3es, e o diretor da E.E Olavo Bilac.\"},{\"@type\":\"WebPage\",\"@id\":\"http:\/\/www.polisrecreio.com.br\/site\/2017\/11\/28\/lixeiras-sao-instaladas-ao-lado-da-e-e-olavo-bilac\/#webpage\",\"url\":\"http:\/\/www.polisrecreio.com.br\/site\/2017\/11\/28\/lixeiras-sao-instaladas-ao-lado-da-e-e-olavo-bilac\/\",\"name\":\"Lixeiras s\\u00e3o instaladas ao lado da E.E Olavo Bilac - P\\u00f3lis Recreio\",\"isPartOf\":{\"@id\":\"https:\/\/www.polisrecreio.com.br\/site\/#website\"},\"primaryImageOfPage\":{\"@id\":\"http:\/\/www.polisrecreio.com.br\/site\/2017\/11\/28\/lixeiras-sao-instaladas-ao-lado-da-e-e-olavo-bilac\/#primaryimage\"},\"datePublished\":\"2017-11-28T11:30:30+00:00\",\"dateModified\":\"2017-11-28T11:36:53+00:00\",\"author\":{\"@id\":\"https:\/\/www.polisrecreio.com.br\/site\/#\/schema\/person\/3363c1c78e1e28e1329d97adb387638e\"},\"inLanguage\":\"pt-BR\",\"potentialAction\":[{\"@type\":\"ReadAction\",\"target\":[\"http:\/\/www.polisrecreio.com.br\/site\/2017\/11\/28\/lixeiras-sao-instaladas-ao-lado-da-e-e-olavo-bilac\/\"]}]},{\"@type\":\"Person\",\"@id\":\"https:\/\/www.polisrecreio.com.br\/site\/#\/schema\/person\/3363c1c78e1e28e1329d97adb387638e\",\"name\":\"Leonardo Ribeiro\",\"image\":{\"@type\":\"ImageObject\",\"@id\":\"https:\/\/www.polisrecreio.com.br\/site\/#personlogo\",\"inLanguage\":\"pt-BR\",\"url\":\"https:\/\/secure.gravatar.com\/avatar\/6ba92a37d621e1a83e23710251178a12?s=96&d=mm&r=g\",\"caption\":\"Leonardo Ribeiro\"},\"sameAs\":[\"http:\/\/www.polisrecreio.com.br\"]}]}<\/script>\n<!-- \/ Yoast SEO plugin. -->","_links":{"self":[{"href":"https:\/\/www.polisrecreio.com.br\/site\/wp-json\/wp\/v2\/posts\/7955"}],"collection":[{"href":"https:\/\/www.polisrecreio.com.br\/site\/wp-json\/wp\/v2\/posts"}],"about":[{"href":"https:\/\/www.polisrecreio.com.br\/site\/wp-json\/wp\/v2\/types\/post"}],"author":[{"embeddable":true,"href":"https:\/\/www.polisrecreio.com.br\/site\/wp-json\/wp\/v2\/users\/3"}],"replies":[{"embeddable":true,"href":"https:\/\/www.polisrecreio.com.br\/site\/wp-json\/wp\/v2\/comments?post=7955"}],"version-history":[{"count":4,"href":"https:\/\/www.polisrecreio.com.br\/site\/wp-json\/wp\/v2\/posts\/7955\/revisions"}],"predecessor-version":[{"id":7963,"href":"https:\/\/www.polisrecreio.com.br\/site\/wp-json\/wp\/v2\/posts\/7955\/revisions\/7963"}],"wp:featuredmedia":[{"embeddable":true,"href":"https:\/\/www.polisrecreio.com.br\/site\/wp-json\/wp\/v2\/media\/7959"}],"wp:attachment":[{"href":"https:\/\/www.polisrecreio.com.br\/site\/wp-json\/wp\/v2\/media?parent=7955"}],"wp:term":[{"taxonomy":"category","embeddable":true,"href":"https:\/\/www.polisrecreio.com.br\/site\/wp-json\/wp\/v2\/categories?post=7955"},{"taxonomy":"post_tag","embeddable":true,"href":"https:\/\/www.polisrecreio.com.br\/site\/wp-json\/wp\/v2\/tags?post=7955"}],"curies":[{"name":"wp","href":"https:\/\/api.w.org\/{rel}","templated":true}]}}