{"id":7964,"date":"2017-11-28T13:23:26","date_gmt":"2017-11-28T16:23:26","guid":{"rendered":"http:\/\/www.polisrecreio.com.br\/site\/?p=7964"},"modified":"2017-11-28T13:23:26","modified_gmt":"2017-11-28T16:23:26","slug":"pagamento-de-novembro-dos-servidores-sera-dias-29-30-e-1o-anuncia-prefeito-de-recreio","status":"publish","type":"post","link":"https:\/\/www.polisrecreio.com.br\/site\/2017\/11\/28\/pagamento-de-novembro-dos-servidores-sera-dias-29-30-e-1o-anuncia-prefeito-de-recreio\/","title":{"rendered":"\u201cPagamento de novembro dos servidores ser\u00e1 dias 29, 30 e 1\u00ba\u201d, anuncia prefeito de Recreio"},"content":{"rendered":"<p style=\"text-align: justify;\">O prefeito de Recreio, Z\u00e9 Maria Barros, anunciou a escala de pagamento dos servidores municipais referente ao m\u00eas de novembro para os dias 29 e 30, e, 1\u00ba de dezembro.<\/p>\n<p style=\"text-align: justify;\"><!--more--><\/p>\n<figure id=\"attachment_7966\" aria-describedby=\"caption-attachment-7966\" style=\"width: 750px\" class=\"wp-caption aligncenter\"><a href=\"http:\/\/www.polisrecreio.com.br\/site\/wp-content\/uploads\/2017\/11\/z\u00e9-maria.jpg\"><img loading=\"lazy\" class=\"size-full wp-image-7966\" src=\"http:\/\/www.polisrecreio.com.br\/site\/wp-content\/uploads\/2017\/11\/z\u00e9-maria.jpg\" alt=\"Prefeito de Recreio, Z\u00e9 Maria Barros.\" width=\"750\" height=\"473\" srcset=\"https:\/\/www.polisrecreio.com.br\/site\/wp-content\/uploads\/2017\/11\/z\u00e9-maria.jpg 750w, https:\/\/www.polisrecreio.com.br\/site\/wp-content\/uploads\/2017\/11\/z\u00e9-maria-300x189.jpg 300w\" sizes=\"(max-width: 750px) 100vw, 750px\" \/><\/a><figcaption id=\"caption-attachment-7966\" class=\"wp-caption-text\">Prefeito de Recreio, Z\u00e9 Maria Barros.<\/figcaption><\/figure>\n<p style=\"text-align: justify;\">Confira a cronograma:<\/p>\n<ul>\n<li style=\"text-align: justify;\">29\/11<em> \u2013<\/em> quarta-feira:<\/li>\n<\/ul>\n<p>Obras, Aposentados, Desenvolvimento Social e Administra\u00e7\u00e3o;<\/p>\n<ul>\n<li style=\"text-align: justify;\">30\/11 \u2013 quinta-feira:<\/li>\n<\/ul>\n<p>Sa\u00fade;<\/p>\n<ul>\n<li style=\"text-align: justify;\">01\/12 \u2013 sexta-feira:<\/li>\n<\/ul>\n<p>Educa\u00e7\u00e3o.<\/p>\n<p style=\"text-align: justify;\">O escalonamento segue as diretrizes de governo adotadas pelo prefeito Z\u00e9 Maria Barros em seu primeiro ano \u00e0 frente da Prefeitura de Recreio. A divis\u00e3o do pagamento do funcionalismo p\u00fablico conforme a estrutura administrativa tem o objetivo de dar mais agilidade, comodidade e seguran\u00e7a, na hora dos recebimentos.<\/p>\n","protected":false},"excerpt":{"rendered":"<p>O prefeito de Recreio, Z\u00e9 Maria Barros, anunciou a escala de pagamento dos servidores municipais referente ao m\u00eas de novembro para os dias 29 e 30, e, 1\u00ba de dezembro.<\/p>\n","protected":false},"author":3,"featured_media":7966,"comment_status":"open","ping_status":"open","sticky":false,"template":"","format":"standard","meta":[],"categories":[6],"tags":[],"yoast_head":"<!-- This site is optimized with the Yoast SEO plugin v15.6.2 - https:\/\/yoast.com\/wordpress\/plugins\/seo\/ -->\n<meta name=\"robots\" content=\"index, follow, max-snippet:-1, max-image-preview:large, max-video-preview:-1\" \/>\n<link rel=\"canonical\" href=\"https:\/\/www.polisrecreio.com.br\/site\/2017\/11\/28\/pagamento-de-novembro-dos-servidores-sera-dias-29-30-e-1o-anuncia-prefeito-de-recreio\/\" \/>\n<meta property=\"og:locale\" content=\"pt_BR\" \/>\n<meta property=\"og:type\" content=\"article\" \/>\n<meta property=\"og:title\" content=\"\u201cPagamento de novembro dos servidores ser\u00e1 dias 29, 30 e 1\u00ba\u201d, anuncia prefeito de Recreio - P\u00f3lis Recreio\" \/>\n<meta property=\"og:description\" content=\"O prefeito de Recreio, Z\u00e9 Maria Barros, anunciou a escala de pagamento dos servidores municipais referente ao m\u00eas de novembro para os dias 29 e 30, e, 1\u00ba de dezembro.\" \/>\n<meta property=\"og:url\" content=\"https:\/\/www.polisrecreio.com.br\/site\/2017\/11\/28\/pagamento-de-novembro-dos-servidores-sera-dias-29-30-e-1o-anuncia-prefeito-de-recreio\/\" \/>\n<meta property=\"og:site_name\" content=\"P\u00f3lis Recreio\" \/>\n<meta property=\"article:publisher\" content=\"https:\/\/www.facebook.com\/Site-P%c3%b3lis-Recreio-MG-181941708571019\/\" \/>\n<meta property=\"article:published_time\" content=\"2017-11-28T16:23:26+00:00\" \/>\n<meta property=\"og:image\" content=\"https:\/\/www.polisrecreio.com.br\/site\/wp-content\/uploads\/2017\/11\/z\u00e9-maria.jpg\" \/>\n\t<meta property=\"og:image:width\" content=\"750\" \/>\n\t<meta property=\"og:image:height\" content=\"473\" \/>\n<meta name=\"twitter:card\" content=\"summary_large_image\" \/>\n<meta name=\"twitter:creator\" content=\"@PolisRecreio\" \/>\n<meta name=\"twitter:site\" content=\"@PolisRecreio\" \/>\n<meta name=\"twitter:label1\" content=\"Est. reading time\">\n\t<meta name=\"twitter:data1\" content=\"1 minuto\">\n<script type=\"application\/ld+json\" class=\"yoast-schema-graph\">{\"@context\":\"https:\/\/schema.org\",\"@graph\":[{\"@type\":\"WebSite\",\"@id\":\"https:\/\/www.polisrecreio.com.br\/site\/#website\",\"url\":\"https:\/\/www.polisrecreio.com.br\/site\/\",\"name\":\"P\\u00f3lis Recreio\",\"description\":\"\",\"potentialAction\":[{\"@type\":\"SearchAction\",\"target\":\"https:\/\/www.polisrecreio.com.br\/site\/?s={search_term_string}\",\"query-input\":\"required name=search_term_string\"}],\"inLanguage\":\"pt-BR\"},{\"@type\":\"ImageObject\",\"@id\":\"https:\/\/www.polisrecreio.com.br\/site\/2017\/11\/28\/pagamento-de-novembro-dos-servidores-sera-dias-29-30-e-1o-anuncia-prefeito-de-recreio\/#primaryimage\",\"inLanguage\":\"pt-BR\",\"url\":\"https:\/\/www.polisrecreio.com.br\/site\/wp-content\/uploads\/2017\/11\/z\\u00e9-maria.jpg\",\"width\":750,\"height\":473,\"caption\":\"Prefeito de Recreio, Z\\u00e9 Maria Barros.\"},{\"@type\":\"WebPage\",\"@id\":\"https:\/\/www.polisrecreio.com.br\/site\/2017\/11\/28\/pagamento-de-novembro-dos-servidores-sera-dias-29-30-e-1o-anuncia-prefeito-de-recreio\/#webpage\",\"url\":\"https:\/\/www.polisrecreio.com.br\/site\/2017\/11\/28\/pagamento-de-novembro-dos-servidores-sera-dias-29-30-e-1o-anuncia-prefeito-de-recreio\/\",\"name\":\"\\u201cPagamento de novembro dos servidores ser\\u00e1 dias 29, 30 e 1\\u00ba\\u201d, anuncia prefeito de Recreio - P\\u00f3lis Recreio\",\"isPartOf\":{\"@id\":\"https:\/\/www.polisrecreio.com.br\/site\/#website\"},\"primaryImageOfPage\":{\"@id\":\"https:\/\/www.polisrecreio.com.br\/site\/2017\/11\/28\/pagamento-de-novembro-dos-servidores-sera-dias-29-30-e-1o-anuncia-prefeito-de-recreio\/#primaryimage\"},\"datePublished\":\"2017-11-28T16:23:26+00:00\",\"dateModified\":\"2017-11-28T16:23:26+00:00\",\"author\":{\"@id\":\"https:\/\/www.polisrecreio.com.br\/site\/#\/schema\/person\/3363c1c78e1e28e1329d97adb387638e\"},\"inLanguage\":\"pt-BR\",\"potentialAction\":[{\"@type\":\"ReadAction\",\"target\":[\"https:\/\/www.polisrecreio.com.br\/site\/2017\/11\/28\/pagamento-de-novembro-dos-servidores-sera-dias-29-30-e-1o-anuncia-prefeito-de-recreio\/\"]}]},{\"@type\":\"Person\",\"@id\":\"https:\/\/www.polisrecreio.com.br\/site\/#\/schema\/person\/3363c1c78e1e28e1329d97adb387638e\",\"name\":\"Leonardo Ribeiro\",\"image\":{\"@type\":\"ImageObject\",\"@id\":\"https:\/\/www.polisrecreio.com.br\/site\/#personlogo\",\"inLanguage\":\"pt-BR\",\"url\":\"https:\/\/secure.gravatar.com\/avatar\/6ba92a37d621e1a83e23710251178a12?s=96&d=mm&r=g\",\"caption\":\"Leonardo Ribeiro\"},\"sameAs\":[\"http:\/\/www.polisrecreio.com.br\"]}]}<\/script>\n<!-- \/ Yoast SEO plugin. -->","_links":{"self":[{"href":"https:\/\/www.polisrecreio.com.br\/site\/wp-json\/wp\/v2\/posts\/7964"}],"collection":[{"href":"https:\/\/www.polisrecreio.com.br\/site\/wp-json\/wp\/v2\/posts"}],"about":[{"href":"https:\/\/www.polisrecreio.com.br\/site\/wp-json\/wp\/v2\/types\/post"}],"author":[{"embeddable":true,"href":"https:\/\/www.polisrecreio.com.br\/site\/wp-json\/wp\/v2\/users\/3"}],"replies":[{"embeddable":true,"href":"https:\/\/www.polisrecreio.com.br\/site\/wp-json\/wp\/v2\/comments?post=7964"}],"version-history":[{"count":1,"href":"https:\/\/www.polisrecreio.com.br\/site\/wp-json\/wp\/v2\/posts\/7964\/revisions"}],"predecessor-version":[{"id":7967,"href":"https:\/\/www.polisrecreio.com.br\/site\/wp-json\/wp\/v2\/posts\/7964\/revisions\/7967"}],"wp:featuredmedia":[{"embeddable":true,"href":"https:\/\/www.polisrecreio.com.br\/site\/wp-json\/wp\/v2\/media\/7966"}],"wp:attachment":[{"href":"https:\/\/www.polisrecreio.com.br\/site\/wp-json\/wp\/v2\/media?parent=7964"}],"wp:term":[{"taxonomy":"category","embeddable":true,"href":"https:\/\/www.polisrecreio.com.br\/site\/wp-json\/wp\/v2\/categories?post=7964"},{"taxonomy":"post_tag","embeddable":true,"href":"https:\/\/www.polisrecreio.com.br\/site\/wp-json\/wp\/v2\/tags?post=7964"}],"curies":[{"name":"wp","href":"https:\/\/api.w.org\/{rel}","templated":true}]}}