{"id":7968,"date":"2017-11-28T19:58:45","date_gmt":"2017-11-28T22:58:45","guid":{"rendered":"http:\/\/www.polisrecreio.com.br\/site\/?p=7968"},"modified":"2017-11-28T19:58:45","modified_gmt":"2017-11-28T22:58:45","slug":"recreio-participa-de-capacitacao-na-area-de-defesa-civil-e-mudancas-climaticas","status":"publish","type":"post","link":"https:\/\/www.polisrecreio.com.br\/site\/2017\/11\/28\/recreio-participa-de-capacitacao-na-area-de-defesa-civil-e-mudancas-climaticas\/","title":{"rendered":"Recreio participa de capacita\u00e7\u00e3o na \u00e1rea de defesa civil e mudan\u00e7as clim\u00e1ticas"},"content":{"rendered":"<p style=\"text-align: justify;\">O munic\u00edpio de Recreio participou nesta ter\u00e7a-feira (28) do primeiro dia da 11\u00aa Capacita\u00e7\u00e3o Regional de Gest\u00e3o em Prote\u00e7\u00e3o e Defesa Civil e Mudan\u00e7as Clim\u00e1ticas, promovida em Leopoldina, pelo Gabinete Militar do Governador do Estado de Minas Gerais por meio da Coordenadoria Estadual de Defesa Civil em parceria com a Funda\u00e7\u00e3o Estadual de Meio Ambiente.<\/p>\n<p style=\"text-align: justify;\"><!--more--><\/p>\n<figure id=\"attachment_7969\" aria-describedby=\"caption-attachment-7969\" style=\"width: 900px\" class=\"wp-caption aligncenter\"><a href=\"http:\/\/www.polisrecreio.com.br\/site\/wp-content\/uploads\/2017\/11\/EVENTO-POLICIA-MILITAR-DEFESA-CIVIL-FOTO-O-VIGILANTE-ONLINE-10.jpg\"><img loading=\"lazy\" class=\"size-full wp-image-7969\" src=\"http:\/\/www.polisrecreio.com.br\/site\/wp-content\/uploads\/2017\/11\/EVENTO-POLICIA-MILITAR-DEFESA-CIVIL-FOTO-O-VIGILANTE-ONLINE-10.jpg\" alt=\"Presidente do Conselho de Defesa Civil e representante da \u00e1rea t\u00e9cnica, nas duas primeiras fileiras.\" width=\"900\" height=\"517\" srcset=\"https:\/\/www.polisrecreio.com.br\/site\/wp-content\/uploads\/2017\/11\/EVENTO-POLICIA-MILITAR-DEFESA-CIVIL-FOTO-O-VIGILANTE-ONLINE-10.jpg 900w, https:\/\/www.polisrecreio.com.br\/site\/wp-content\/uploads\/2017\/11\/EVENTO-POLICIA-MILITAR-DEFESA-CIVIL-FOTO-O-VIGILANTE-ONLINE-10-300x172.jpg 300w\" sizes=\"(max-width: 900px) 100vw, 900px\" \/><\/a><figcaption id=\"caption-attachment-7969\" class=\"wp-caption-text\">Presidente do Conselho de Defesa Civil de Recreio e representante da \u00e1rea t\u00e9cnica, nas duas primeiras fileiras.<\/figcaption><\/figure>\n<p style=\"text-align: justify;\">O curso tem objetivo de habilitar agentes do sistema de prote\u00e7\u00e3o e defesa civil vinculados ao poder p\u00fablico ou representantes de entidades privadas, para que possam atuar de forma eficiente nas atividades preventivas, preparat\u00f3rias e migrat\u00f3rias, at\u00e9 aquelas necess\u00e1rias para respostas de desastres ocorridos e a recupera\u00e7\u00e3o de \u00e1reas afetadas. Recreio participa com o presidente do Conselho Municipal de Prote\u00e7\u00e3o e Defesa Civil, Igor Miranda, e o representante da \u00e1rea t\u00e9cnica, engenheiro civil do Munic\u00edpio, Luiz Tadeu Rezende.<\/p>\n<p style=\"text-align: justify;\">Ao todo 75 agentes de 23 munic\u00edpios (Leopoldina, Cataguases, Al\u00e9m Para\u00edba, Pirapetinga, Astolfo Dutra, Dona Eus\u00e9bia, Recreio, Argirita, Itamarati de Minas, Santana de Cataguases, S\u00e3o Sebasti\u00e3o da Vargem Alegre, Estrela D\u201dalva, Santo Ant\u00f4nio do Aventureiro, Volta Grande, Mira\u00ed, Juiz de Fora, Ros\u00e1rio da Limeira, Aimor\u00e9s, Abre Campo, Conselheiro Pena, Muria\u00e9, Soledade de Minas e S\u00e3o Francisco do Gl\u00f3ria) ser\u00e3o capacitados.<\/p>\n<p style=\"text-align: justify;\">Confira os temas abordados no primeiro dia: Conceitua\u00e7\u00e3o B\u00e1sica em Prote\u00e7\u00e3o e Defesa Civil; Sistema Nacional de Prote\u00e7\u00e3o e Defesa Civil, Instala\u00e7\u00e3o e Operacionaliza\u00e7\u00e3o da COMPDEC; Mapeamento da \u00c1rea de Risco; e Fundamentos de Meteorologia e Mudan\u00e7as Clim\u00e1ticas.<\/p>\n<p style=\"text-align: justify;\">No cronograma da quarta-feira (29) est\u00e1 previsto os seguintes assuntos: Impactos, Vulnerabilidade e Adapta\u00e7\u00e3o \u00e0s Mudan\u00e7as Clim\u00e1ticas; Plano Estadual de Combate \u00e0 Dengue; Inc\u00eandios Florestais no Contexto de Mudan\u00e7as Clim\u00e1ticas; Plano de Contig\u00eancia; e Gest\u00e3o de Recursos Naturais para Redu\u00e7\u00e3o do Risco de Desastres. No \u00faltimo dia, quinta-feira (30), ser\u00e3o discutidos: Abrigo Tempor\u00e1rio \u2013 Gest\u00e3o e Operacionaliza\u00e7\u00e3o; Sistemas de Monitoramento, Alerta e Alarme; Instru\u00e7\u00e3o Normativa n\u00ba 02\/2016; Sistema Integrado de Informa\u00e7\u00e3o de Desastres; e por \u00faltimo, Transfer\u00eancias de Recursos do Governo Federal &#8211;\u00a0 Gest\u00e3o e Utiliza\u00e7\u00e3o do Cart\u00e3o de Defesa Civil.<\/p>\n<figure id=\"attachment_7970\" aria-describedby=\"caption-attachment-7970\" style=\"width: 900px\" class=\"wp-caption aligncenter\"><a href=\"http:\/\/www.polisrecreio.com.br\/site\/wp-content\/uploads\/2017\/11\/EVENTO-POLICIA-MILITAR-DEFESA-CIVIL-FOTO-O-VIGILANTE-ONLINE-8.jpg\"><img loading=\"lazy\" class=\"size-full wp-image-7970\" src=\"http:\/\/www.polisrecreio.com.br\/site\/wp-content\/uploads\/2017\/11\/EVENTO-POLICIA-MILITAR-DEFESA-CIVIL-FOTO-O-VIGILANTE-ONLINE-8.jpg\" alt=\"Representantes da PMMG, Defesa Civil do Estado e do Corpo de Bombeiros.\" width=\"900\" height=\"492\" srcset=\"https:\/\/www.polisrecreio.com.br\/site\/wp-content\/uploads\/2017\/11\/EVENTO-POLICIA-MILITAR-DEFESA-CIVIL-FOTO-O-VIGILANTE-ONLINE-8.jpg 900w, https:\/\/www.polisrecreio.com.br\/site\/wp-content\/uploads\/2017\/11\/EVENTO-POLICIA-MILITAR-DEFESA-CIVIL-FOTO-O-VIGILANTE-ONLINE-8-300x164.jpg 300w\" sizes=\"(max-width: 900px) 100vw, 900px\" \/><\/a><figcaption id=\"caption-attachment-7970\" class=\"wp-caption-text\">Representantes da PMMG, Defesa Civil do Estado e do Corpo de Bombeiros, no primeiro dia da capacita\u00e7\u00e3o.<\/figcaption><\/figure>\n<p>&nbsp;<\/p>\n<p><em>Com informa\u00e7\u00f5es e fotos: Jornal O Vigilante Online.<\/em><\/p>\n","protected":false},"excerpt":{"rendered":"<p>O munic\u00edpio de Recreio participou nesta ter\u00e7a-feira (28) do primeiro dia da 11\u00aa Capacita\u00e7\u00e3o Regional de Gest\u00e3o em Prote\u00e7\u00e3o e Defesa Civil e Mudan\u00e7as Clim\u00e1ticas, promovida em Leopoldina, pelo Gabinete Militar do Governador do Estado de Minas Gerais por meio da Coordenadoria Estadual de Defesa Civil em parceria com a Funda\u00e7\u00e3o Estadual de Meio Ambiente.<\/p>\n","protected":false},"author":3,"featured_media":7969,"comment_status":"open","ping_status":"open","sticky":false,"template":"","format":"standard","meta":[],"categories":[6],"tags":[],"yoast_head":"<!-- This site is optimized with the Yoast SEO plugin v15.6.2 - https:\/\/yoast.com\/wordpress\/plugins\/seo\/ -->\n<meta name=\"robots\" content=\"index, follow, max-snippet:-1, max-image-preview:large, max-video-preview:-1\" \/>\n<link rel=\"canonical\" href=\"https:\/\/www.polisrecreio.com.br\/site\/2017\/11\/28\/recreio-participa-de-capacitacao-na-area-de-defesa-civil-e-mudancas-climaticas\/\" \/>\n<meta property=\"og:locale\" content=\"pt_BR\" \/>\n<meta property=\"og:type\" content=\"article\" \/>\n<meta property=\"og:title\" content=\"Recreio participa de capacita\u00e7\u00e3o na \u00e1rea de defesa civil e mudan\u00e7as clim\u00e1ticas - P\u00f3lis Recreio\" \/>\n<meta property=\"og:description\" content=\"O munic\u00edpio de Recreio participou nesta ter\u00e7a-feira (28) do primeiro dia da 11\u00aa Capacita\u00e7\u00e3o Regional de Gest\u00e3o em Prote\u00e7\u00e3o e Defesa Civil e Mudan\u00e7as Clim\u00e1ticas, promovida em Leopoldina, pelo Gabinete Militar do Governador do Estado de Minas Gerais por meio da Coordenadoria Estadual de Defesa Civil em parceria com a Funda\u00e7\u00e3o Estadual de Meio Ambiente.\" \/>\n<meta property=\"og:url\" content=\"https:\/\/www.polisrecreio.com.br\/site\/2017\/11\/28\/recreio-participa-de-capacitacao-na-area-de-defesa-civil-e-mudancas-climaticas\/\" \/>\n<meta property=\"og:site_name\" content=\"P\u00f3lis Recreio\" \/>\n<meta property=\"article:publisher\" content=\"https:\/\/www.facebook.com\/Site-P%c3%b3lis-Recreio-MG-181941708571019\/\" \/>\n<meta property=\"article:published_time\" content=\"2017-11-28T22:58:45+00:00\" \/>\n<meta property=\"og:image\" content=\"https:\/\/www.polisrecreio.com.br\/site\/wp-content\/uploads\/2017\/11\/EVENTO-POLICIA-MILITAR-DEFESA-CIVIL-FOTO-O-VIGILANTE-ONLINE-10.jpg\" \/>\n\t<meta property=\"og:image:width\" content=\"900\" \/>\n\t<meta property=\"og:image:height\" content=\"517\" \/>\n<meta name=\"twitter:card\" content=\"summary_large_image\" \/>\n<meta name=\"twitter:creator\" content=\"@PolisRecreio\" \/>\n<meta name=\"twitter:site\" content=\"@PolisRecreio\" \/>\n<meta name=\"twitter:label1\" content=\"Est. reading time\">\n\t<meta name=\"twitter:data1\" content=\"2 minutos\">\n<script type=\"application\/ld+json\" class=\"yoast-schema-graph\">{\"@context\":\"https:\/\/schema.org\",\"@graph\":[{\"@type\":\"WebSite\",\"@id\":\"https:\/\/www.polisrecreio.com.br\/site\/#website\",\"url\":\"https:\/\/www.polisrecreio.com.br\/site\/\",\"name\":\"P\\u00f3lis Recreio\",\"description\":\"\",\"potentialAction\":[{\"@type\":\"SearchAction\",\"target\":\"https:\/\/www.polisrecreio.com.br\/site\/?s={search_term_string}\",\"query-input\":\"required name=search_term_string\"}],\"inLanguage\":\"pt-BR\"},{\"@type\":\"ImageObject\",\"@id\":\"https:\/\/www.polisrecreio.com.br\/site\/2017\/11\/28\/recreio-participa-de-capacitacao-na-area-de-defesa-civil-e-mudancas-climaticas\/#primaryimage\",\"inLanguage\":\"pt-BR\",\"url\":\"https:\/\/www.polisrecreio.com.br\/site\/wp-content\/uploads\/2017\/11\/EVENTO-POLICIA-MILITAR-DEFESA-CIVIL-FOTO-O-VIGILANTE-ONLINE-10.jpg\",\"width\":900,\"height\":517,\"caption\":\"Presidente do Conselho de Defesa Civil e representante da \\u00e1rea t\\u00e9cnica, nas duas primeiras fileiras.\"},{\"@type\":\"WebPage\",\"@id\":\"https:\/\/www.polisrecreio.com.br\/site\/2017\/11\/28\/recreio-participa-de-capacitacao-na-area-de-defesa-civil-e-mudancas-climaticas\/#webpage\",\"url\":\"https:\/\/www.polisrecreio.com.br\/site\/2017\/11\/28\/recreio-participa-de-capacitacao-na-area-de-defesa-civil-e-mudancas-climaticas\/\",\"name\":\"Recreio participa de capacita\\u00e7\\u00e3o na \\u00e1rea de defesa civil e mudan\\u00e7as clim\\u00e1ticas - P\\u00f3lis Recreio\",\"isPartOf\":{\"@id\":\"https:\/\/www.polisrecreio.com.br\/site\/#website\"},\"primaryImageOfPage\":{\"@id\":\"https:\/\/www.polisrecreio.com.br\/site\/2017\/11\/28\/recreio-participa-de-capacitacao-na-area-de-defesa-civil-e-mudancas-climaticas\/#primaryimage\"},\"datePublished\":\"2017-11-28T22:58:45+00:00\",\"dateModified\":\"2017-11-28T22:58:45+00:00\",\"author\":{\"@id\":\"https:\/\/www.polisrecreio.com.br\/site\/#\/schema\/person\/3363c1c78e1e28e1329d97adb387638e\"},\"inLanguage\":\"pt-BR\",\"potentialAction\":[{\"@type\":\"ReadAction\",\"target\":[\"https:\/\/www.polisrecreio.com.br\/site\/2017\/11\/28\/recreio-participa-de-capacitacao-na-area-de-defesa-civil-e-mudancas-climaticas\/\"]}]},{\"@type\":\"Person\",\"@id\":\"https:\/\/www.polisrecreio.com.br\/site\/#\/schema\/person\/3363c1c78e1e28e1329d97adb387638e\",\"name\":\"Leonardo Ribeiro\",\"image\":{\"@type\":\"ImageObject\",\"@id\":\"https:\/\/www.polisrecreio.com.br\/site\/#personlogo\",\"inLanguage\":\"pt-BR\",\"url\":\"https:\/\/secure.gravatar.com\/avatar\/6ba92a37d621e1a83e23710251178a12?s=96&d=mm&r=g\",\"caption\":\"Leonardo Ribeiro\"},\"sameAs\":[\"http:\/\/www.polisrecreio.com.br\"]}]}<\/script>\n<!-- \/ Yoast SEO plugin. -->","_links":{"self":[{"href":"https:\/\/www.polisrecreio.com.br\/site\/wp-json\/wp\/v2\/posts\/7968"}],"collection":[{"href":"https:\/\/www.polisrecreio.com.br\/site\/wp-json\/wp\/v2\/posts"}],"about":[{"href":"https:\/\/www.polisrecreio.com.br\/site\/wp-json\/wp\/v2\/types\/post"}],"author":[{"embeddable":true,"href":"https:\/\/www.polisrecreio.com.br\/site\/wp-json\/wp\/v2\/users\/3"}],"replies":[{"embeddable":true,"href":"https:\/\/www.polisrecreio.com.br\/site\/wp-json\/wp\/v2\/comments?post=7968"}],"version-history":[{"count":1,"href":"https:\/\/www.polisrecreio.com.br\/site\/wp-json\/wp\/v2\/posts\/7968\/revisions"}],"predecessor-version":[{"id":7971,"href":"https:\/\/www.polisrecreio.com.br\/site\/wp-json\/wp\/v2\/posts\/7968\/revisions\/7971"}],"wp:featuredmedia":[{"embeddable":true,"href":"https:\/\/www.polisrecreio.com.br\/site\/wp-json\/wp\/v2\/media\/7969"}],"wp:attachment":[{"href":"https:\/\/www.polisrecreio.com.br\/site\/wp-json\/wp\/v2\/media?parent=7968"}],"wp:term":[{"taxonomy":"category","embeddable":true,"href":"https:\/\/www.polisrecreio.com.br\/site\/wp-json\/wp\/v2\/categories?post=7968"},{"taxonomy":"post_tag","embeddable":true,"href":"https:\/\/www.polisrecreio.com.br\/site\/wp-json\/wp\/v2\/tags?post=7968"}],"curies":[{"name":"wp","href":"https:\/\/api.w.org\/{rel}","templated":true}]}}