{"id":7972,"date":"2017-11-29T09:35:33","date_gmt":"2017-11-29T12:35:33","guid":{"rendered":"http:\/\/www.polisrecreio.com.br\/site\/?p=7972"},"modified":"2017-11-29T09:39:32","modified_gmt":"2017-11-29T12:39:32","slug":"prefeito-de-recreio-recebe-chefe-administrativo-da-funasa","status":"publish","type":"post","link":"https:\/\/www.polisrecreio.com.br\/site\/2017\/11\/29\/prefeito-de-recreio-recebe-chefe-administrativo-da-funasa\/","title":{"rendered":"Prefeito de Recreio recebe chefe administrativo da FUNASA"},"content":{"rendered":"<p style=\"text-align: justify;\">Na \u00faltima ter\u00e7a-feira (28), o prefeito de Recreio, Z\u00e9 Maria Barros, acompanhado de sua equipe administrativa, recebeu o\u00a0chefe administrativo da Funda\u00e7\u00e3o Nacional de Sa\u00fade \u201cFUNASA\u201d de Belo Horizonte, S\u00e9rgio Abucater.\u00a0Os principais assuntos abordados foram as adequa\u00e7\u00f5es no Plano Municipal de Saneamento B\u00e1sico e a perfura\u00e7\u00e3o de po\u00e7os artesianos para melhoria do sistema de abastecimento de \u00e1gua na cidade.<\/p>\n<p style=\"text-align: justify;\"><!--more--><\/p>\n<figure id=\"attachment_7974\" aria-describedby=\"caption-attachment-7974\" style=\"width: 720px\" class=\"wp-caption aligncenter\"><a href=\"http:\/\/www.polisrecreio.com.br\/site\/wp-content\/uploads\/2017\/11\/24172445_907074642790313_1925065663_n.jpg\"><img loading=\"lazy\" class=\"size-full wp-image-7974\" src=\"http:\/\/www.polisrecreio.com.br\/site\/wp-content\/uploads\/2017\/11\/24172445_907074642790313_1925065663_n.jpg\" alt=\"Reuni\u00e3o com analista da FUNASA.\" width=\"720\" height=\"540\" srcset=\"https:\/\/www.polisrecreio.com.br\/site\/wp-content\/uploads\/2017\/11\/24172445_907074642790313_1925065663_n.jpg 720w, https:\/\/www.polisrecreio.com.br\/site\/wp-content\/uploads\/2017\/11\/24172445_907074642790313_1925065663_n-300x225.jpg 300w\" sizes=\"(max-width: 720px) 100vw, 720px\" \/><\/a><figcaption id=\"caption-attachment-7974\" class=\"wp-caption-text\">Reuni\u00e3o com analista da FUNASA.<\/figcaption><\/figure>\n<p style=\"text-align: justify;\">Durante o encontro o analista da FUNASA orientou o secret\u00e1rio de Desenvolvimento Econ\u00f4mico e Sustent\u00e1vel, Diego Pena, sobre as adapta\u00e7\u00f5es necess\u00e1rias para a cria\u00e7\u00e3o do Plano de Saneamento B\u00e1sico. Sem este documento as administra\u00e7\u00f5es municipais n\u00e3o\u00a0conseguem pleitear recursos para projetos de saneamento b\u00e1sico como o conjunto de servi\u00e7os, infraestruturas e instala\u00e7\u00f5es operacionais relativo aos processos de: abastecimento de \u00e1gua pot\u00e1vel, esgotamento sanit\u00e1rio, manejo de res\u00edduos s\u00f3lidos, drenagem e manejo das \u00e1guas pluviais em \u00e1reas urbanas.<\/p>\n<p style=\"text-align: justify;\">Aproveitando a oportunidade o prefeito Z\u00e9 Maria Barros mostrou ao analista o projeto de perfura\u00e7\u00e3o de po\u00e7os artesianos, apresentado a Funda\u00e7\u00e3o em agosto deste ano, com objetivo de melhorar o sistema de abastecimento de \u00e1gua na cidade. S\u00e9rgio Abucater reconheceu a qualidade do projeto e ficou de verificar junto \u00e0s outras \u00e1reas da FUNASA o andamento da proposta.<\/p>\n<p style=\"text-align: justify;\">Participaram tamb\u00e9m da reuni\u00e3o, a secret\u00e1ria de Administra\u00e7\u00e3o, Patr\u00edcia Surerus; o secret\u00e1rio de Agricultura, Lu\u00eds Ot\u00e1vio Guilherme; coordenador do SAAE, Vin\u00edcius Gouv\u00eaa; e o gestor de Conv\u00eanios, Fabr\u00edsio Vieira.<\/p>\n<figure id=\"attachment_7973\" aria-describedby=\"caption-attachment-7973\" style=\"width: 640px\" class=\"wp-caption aligncenter\"><a href=\"http:\/\/www.polisrecreio.com.br\/site\/wp-content\/uploads\/2017\/11\/24171994_907074706123640_1204587867_n.jpg\"><img loading=\"lazy\" class=\"size-full wp-image-7973\" src=\"http:\/\/www.polisrecreio.com.br\/site\/wp-content\/uploads\/2017\/11\/24171994_907074706123640_1204587867_n.jpg\" alt=\"Reuni\u00e3o com chefe da FUNASA.\" width=\"640\" height=\"480\" srcset=\"https:\/\/www.polisrecreio.com.br\/site\/wp-content\/uploads\/2017\/11\/24171994_907074706123640_1204587867_n.jpg 640w, https:\/\/www.polisrecreio.com.br\/site\/wp-content\/uploads\/2017\/11\/24171994_907074706123640_1204587867_n-300x225.jpg 300w\" sizes=\"(max-width: 640px) 100vw, 640px\" \/><\/a><figcaption id=\"caption-attachment-7973\" class=\"wp-caption-text\">Reuni\u00e3o com chefe da FUNASA.<\/figcaption><\/figure>\n","protected":false},"excerpt":{"rendered":"<p>Na \u00faltima ter\u00e7a-feira (28), o prefeito de Recreio, Z\u00e9 Maria Barros, acompanhado de sua equipe administrativa, recebeu o\u00a0chefe administrativo da Funda\u00e7\u00e3o Nacional de Sa\u00fade \u201cFUNASA\u201d de Belo Horizonte, S\u00e9rgio Abucater.\u00a0Os principais assuntos abordados foram as adequa\u00e7\u00f5es no Plano Municipal de Saneamento B\u00e1sico e a perfura\u00e7\u00e3o de po\u00e7os artesianos para melhoria do sistema de abastecimento de [&hellip;]<\/p>\n","protected":false},"author":3,"featured_media":7974,"comment_status":"open","ping_status":"open","sticky":false,"template":"","format":"standard","meta":[],"categories":[6],"tags":[],"yoast_head":"<!-- This site is optimized with the Yoast SEO plugin v15.6.2 - https:\/\/yoast.com\/wordpress\/plugins\/seo\/ -->\n<meta name=\"robots\" content=\"index, follow, max-snippet:-1, max-image-preview:large, max-video-preview:-1\" \/>\n<link rel=\"canonical\" href=\"https:\/\/www.polisrecreio.com.br\/site\/2017\/11\/29\/prefeito-de-recreio-recebe-chefe-administrativo-da-funasa\/\" \/>\n<meta property=\"og:locale\" content=\"pt_BR\" \/>\n<meta property=\"og:type\" content=\"article\" \/>\n<meta property=\"og:title\" content=\"Prefeito de Recreio recebe chefe administrativo da FUNASA - P\u00f3lis Recreio\" \/>\n<meta property=\"og:description\" content=\"Na \u00faltima ter\u00e7a-feira (28), o prefeito de Recreio, Z\u00e9 Maria Barros, acompanhado de sua equipe administrativa, recebeu o\u00a0chefe administrativo da Funda\u00e7\u00e3o Nacional de Sa\u00fade \u201cFUNASA\u201d de Belo Horizonte, S\u00e9rgio Abucater.\u00a0Os principais assuntos abordados foram as adequa\u00e7\u00f5es no Plano Municipal de Saneamento B\u00e1sico e a perfura\u00e7\u00e3o de po\u00e7os artesianos para melhoria do sistema de abastecimento de [&hellip;]\" \/>\n<meta property=\"og:url\" content=\"https:\/\/www.polisrecreio.com.br\/site\/2017\/11\/29\/prefeito-de-recreio-recebe-chefe-administrativo-da-funasa\/\" \/>\n<meta property=\"og:site_name\" content=\"P\u00f3lis Recreio\" \/>\n<meta property=\"article:publisher\" content=\"https:\/\/www.facebook.com\/Site-P%c3%b3lis-Recreio-MG-181941708571019\/\" \/>\n<meta property=\"article:published_time\" content=\"2017-11-29T12:35:33+00:00\" \/>\n<meta property=\"article:modified_time\" content=\"2017-11-29T12:39:32+00:00\" \/>\n<meta property=\"og:image\" content=\"https:\/\/www.polisrecreio.com.br\/site\/wp-content\/uploads\/2017\/11\/24172445_907074642790313_1925065663_n.jpg\" \/>\n\t<meta property=\"og:image:width\" content=\"720\" \/>\n\t<meta property=\"og:image:height\" content=\"540\" \/>\n<meta name=\"twitter:card\" content=\"summary_large_image\" \/>\n<meta name=\"twitter:creator\" content=\"@PolisRecreio\" \/>\n<meta name=\"twitter:site\" content=\"@PolisRecreio\" \/>\n<meta name=\"twitter:label1\" content=\"Est. reading time\">\n\t<meta name=\"twitter:data1\" content=\"1 minuto\">\n<script type=\"application\/ld+json\" class=\"yoast-schema-graph\">{\"@context\":\"https:\/\/schema.org\",\"@graph\":[{\"@type\":\"WebSite\",\"@id\":\"https:\/\/www.polisrecreio.com.br\/site\/#website\",\"url\":\"https:\/\/www.polisrecreio.com.br\/site\/\",\"name\":\"P\\u00f3lis Recreio\",\"description\":\"\",\"potentialAction\":[{\"@type\":\"SearchAction\",\"target\":\"https:\/\/www.polisrecreio.com.br\/site\/?s={search_term_string}\",\"query-input\":\"required name=search_term_string\"}],\"inLanguage\":\"pt-BR\"},{\"@type\":\"ImageObject\",\"@id\":\"https:\/\/www.polisrecreio.com.br\/site\/2017\/11\/29\/prefeito-de-recreio-recebe-chefe-administrativo-da-funasa\/#primaryimage\",\"inLanguage\":\"pt-BR\",\"url\":\"https:\/\/www.polisrecreio.com.br\/site\/wp-content\/uploads\/2017\/11\/24172445_907074642790313_1925065663_n.jpg\",\"width\":720,\"height\":540,\"caption\":\"Reuni\\u00e3o com analista da FUNASA.\"},{\"@type\":\"WebPage\",\"@id\":\"https:\/\/www.polisrecreio.com.br\/site\/2017\/11\/29\/prefeito-de-recreio-recebe-chefe-administrativo-da-funasa\/#webpage\",\"url\":\"https:\/\/www.polisrecreio.com.br\/site\/2017\/11\/29\/prefeito-de-recreio-recebe-chefe-administrativo-da-funasa\/\",\"name\":\"Prefeito de Recreio recebe chefe administrativo da FUNASA - P\\u00f3lis Recreio\",\"isPartOf\":{\"@id\":\"https:\/\/www.polisrecreio.com.br\/site\/#website\"},\"primaryImageOfPage\":{\"@id\":\"https:\/\/www.polisrecreio.com.br\/site\/2017\/11\/29\/prefeito-de-recreio-recebe-chefe-administrativo-da-funasa\/#primaryimage\"},\"datePublished\":\"2017-11-29T12:35:33+00:00\",\"dateModified\":\"2017-11-29T12:39:32+00:00\",\"author\":{\"@id\":\"https:\/\/www.polisrecreio.com.br\/site\/#\/schema\/person\/3363c1c78e1e28e1329d97adb387638e\"},\"inLanguage\":\"pt-BR\",\"potentialAction\":[{\"@type\":\"ReadAction\",\"target\":[\"https:\/\/www.polisrecreio.com.br\/site\/2017\/11\/29\/prefeito-de-recreio-recebe-chefe-administrativo-da-funasa\/\"]}]},{\"@type\":\"Person\",\"@id\":\"https:\/\/www.polisrecreio.com.br\/site\/#\/schema\/person\/3363c1c78e1e28e1329d97adb387638e\",\"name\":\"Leonardo Ribeiro\",\"image\":{\"@type\":\"ImageObject\",\"@id\":\"https:\/\/www.polisrecreio.com.br\/site\/#personlogo\",\"inLanguage\":\"pt-BR\",\"url\":\"https:\/\/secure.gravatar.com\/avatar\/6ba92a37d621e1a83e23710251178a12?s=96&d=mm&r=g\",\"caption\":\"Leonardo Ribeiro\"},\"sameAs\":[\"http:\/\/www.polisrecreio.com.br\"]}]}<\/script>\n<!-- \/ Yoast SEO plugin. -->","_links":{"self":[{"href":"https:\/\/www.polisrecreio.com.br\/site\/wp-json\/wp\/v2\/posts\/7972"}],"collection":[{"href":"https:\/\/www.polisrecreio.com.br\/site\/wp-json\/wp\/v2\/posts"}],"about":[{"href":"https:\/\/www.polisrecreio.com.br\/site\/wp-json\/wp\/v2\/types\/post"}],"author":[{"embeddable":true,"href":"https:\/\/www.polisrecreio.com.br\/site\/wp-json\/wp\/v2\/users\/3"}],"replies":[{"embeddable":true,"href":"https:\/\/www.polisrecreio.com.br\/site\/wp-json\/wp\/v2\/comments?post=7972"}],"version-history":[{"count":5,"href":"https:\/\/www.polisrecreio.com.br\/site\/wp-json\/wp\/v2\/posts\/7972\/revisions"}],"predecessor-version":[{"id":7979,"href":"https:\/\/www.polisrecreio.com.br\/site\/wp-json\/wp\/v2\/posts\/7972\/revisions\/7979"}],"wp:featuredmedia":[{"embeddable":true,"href":"https:\/\/www.polisrecreio.com.br\/site\/wp-json\/wp\/v2\/media\/7974"}],"wp:attachment":[{"href":"https:\/\/www.polisrecreio.com.br\/site\/wp-json\/wp\/v2\/media?parent=7972"}],"wp:term":[{"taxonomy":"category","embeddable":true,"href":"https:\/\/www.polisrecreio.com.br\/site\/wp-json\/wp\/v2\/categories?post=7972"},{"taxonomy":"post_tag","embeddable":true,"href":"https:\/\/www.polisrecreio.com.br\/site\/wp-json\/wp\/v2\/tags?post=7972"}],"curies":[{"name":"wp","href":"https:\/\/api.w.org\/{rel}","templated":true}]}}