{"id":7980,"date":"2017-11-29T20:13:39","date_gmt":"2017-11-29T23:13:39","guid":{"rendered":"http:\/\/www.polisrecreio.com.br\/site\/?p=7980"},"modified":"2017-11-29T20:16:55","modified_gmt":"2017-11-29T23:16:55","slug":"parceria-entre-e-e-presidente-carlos-luz-e-prefeitura-de-recreio-continua-firme","status":"publish","type":"post","link":"https:\/\/www.polisrecreio.com.br\/site\/2017\/11\/29\/parceria-entre-e-e-presidente-carlos-luz-e-prefeitura-de-recreio-continua-firme\/","title":{"rendered":"Parceria entre E.E Presidente Carlos Luz e Prefeitura de Recreio continua firme"},"content":{"rendered":"<p style=\"text-align: justify;\">A parceria entre a E.E Presidente Carlos Luz, do distrito de Concei\u00e7\u00e3o da Boa Vista, e a Prefeitura de Recreio continua firme. Desta vez a administra\u00e7\u00e3o do prefeito Z\u00e9 Maria Barros cedeu servidores para recuperar as salas de aula da unidade de ensino que h\u00e1 anos carecia de melhorias.<\/p>\n<p style=\"text-align: justify;\"><!--more--><\/p>\n<figure id=\"attachment_7982\" aria-describedby=\"caption-attachment-7982\" style=\"width: 750px\" class=\"wp-caption aligncenter\"><a href=\"http:\/\/www.polisrecreio.com.br\/site\/wp-content\/uploads\/2017\/11\/2carlosluz.jpg\"><img loading=\"lazy\" class=\"size-full wp-image-7982\" src=\"http:\/\/www.polisrecreio.com.br\/site\/wp-content\/uploads\/2017\/11\/2carlosluz.jpg\" alt=\"Sala de aula sendo recuperada.\" width=\"750\" height=\"500\" srcset=\"https:\/\/www.polisrecreio.com.br\/site\/wp-content\/uploads\/2017\/11\/2carlosluz.jpg 750w, https:\/\/www.polisrecreio.com.br\/site\/wp-content\/uploads\/2017\/11\/2carlosluz-300x200.jpg 300w\" sizes=\"(max-width: 750px) 100vw, 750px\" \/><\/a><figcaption id=\"caption-attachment-7982\" class=\"wp-caption-text\">Sala de aula sendo recuperada.<\/figcaption><\/figure>\n<p style=\"text-align: justify;\">H\u00e1 duas semanas, pedreiros e serventes, est\u00e3o limpando, reestruturando paredes e pintando as salas do col\u00e9gio. Segundo alguns professores da Escola, a situa\u00e7\u00e3o dos espa\u00e7os acaba desmotivando os alunos, at\u00e9 eles mesmos reclamavam do ambiente. A previs\u00e3o \u00e9 que os reparos sejam conclu\u00eddos antes do encerramento do ano escolar, em 22 de dezembro. Os materiais est\u00e3o sendo adquiridos atrav\u00e9s de doa\u00e7\u00f5es.<\/p>\n<p style=\"text-align: justify;\">Por meio de rede social o diretor V\u00edtor do Bem disse que: \u201cest\u00e1 ficando lindo! Pe\u00e7o ajuda dos alunos e dos servidores para conservar. Gostaria de agradecer o prefeito Z\u00e9 Maria Barros; a secret\u00e1ria de Administra\u00e7\u00e3o, Patr\u00edcia Surerus; o secret\u00e1rio Rural, Juarez Paiva; e os amigos da escola, vereadores Marcel e Pororoca; Diego da Serraria; e a Joana D\u2019arc. Quem quiser ajudar estamos aceitando doa\u00e7\u00f5es (tintas, portas de madeira e outros materiais). Infelizmente, por quest\u00f5es burocr\u00e1ticas o recurso de manuten\u00e7\u00e3o e custeio da Escola n\u00e3o pode ser utilizado para compra de todo material. Em tempos de dificuldades, precisamos usar da criatividade e uni\u00e3o para driblar os desafios\u201d, concluiu.<\/p>\n<figure id=\"attachment_7985\" aria-describedby=\"caption-attachment-7985\" style=\"width: 750px\" class=\"wp-caption aligncenter\"><a href=\"http:\/\/www.polisrecreio.com.br\/site\/wp-content\/uploads\/2017\/11\/5carlosluz.jpg\"><img loading=\"lazy\" class=\"size-full wp-image-7985\" src=\"http:\/\/www.polisrecreio.com.br\/site\/wp-content\/uploads\/2017\/11\/5carlosluz.jpg\" alt=\"Sala de aula recuperada.\" width=\"750\" height=\"422\" srcset=\"https:\/\/www.polisrecreio.com.br\/site\/wp-content\/uploads\/2017\/11\/5carlosluz.jpg 750w, https:\/\/www.polisrecreio.com.br\/site\/wp-content\/uploads\/2017\/11\/5carlosluz-300x169.jpg 300w\" sizes=\"(max-width: 750px) 100vw, 750px\" \/><\/a><figcaption id=\"caption-attachment-7985\" class=\"wp-caption-text\">Sala de aula recuperada.<\/figcaption><\/figure>\n<p style=\"text-align: justify;\">Em 2017, a coopera\u00e7\u00e3o do governo Z\u00e9 Maria Barros com a Escola Estadual do distrito tem sido relevante. Confira alguns apoios concedidos: incentivo a participa\u00e7\u00e3o na fase municipal dos Jogos Escolares de Minas Gerais e as comemora\u00e7\u00f5es do 27 de junho e 7 de setembro, transporte para visita\u00e7\u00e3o a Casa de Leitura de Leopoldina e a eventos da SRE\/Leopoldina, cess\u00e3o de funcion\u00e1rios para limpeza e instala\u00e7\u00e3o dos reservat\u00f3rios de capta\u00e7\u00e3o de \u00e1gua pluvial, dentre outros.<\/p>\n<figure id=\"attachment_7984\" aria-describedby=\"caption-attachment-7984\" style=\"width: 750px\" class=\"wp-caption aligncenter\"><a href=\"http:\/\/www.polisrecreio.com.br\/site\/wp-content\/uploads\/2017\/11\/4carlosluz.jpg\"><img loading=\"lazy\" class=\"size-full wp-image-7984\" src=\"http:\/\/www.polisrecreio.com.br\/site\/wp-content\/uploads\/2017\/11\/4carlosluz.jpg\" alt=\"Servidores municipais trabalhando na Escola.\" width=\"750\" height=\"500\" srcset=\"https:\/\/www.polisrecreio.com.br\/site\/wp-content\/uploads\/2017\/11\/4carlosluz.jpg 750w, https:\/\/www.polisrecreio.com.br\/site\/wp-content\/uploads\/2017\/11\/4carlosluz-300x200.jpg 300w\" sizes=\"(max-width: 750px) 100vw, 750px\" \/><\/a><figcaption id=\"caption-attachment-7984\" class=\"wp-caption-text\">Servidores municipais trabalhando na Escola.<\/figcaption><\/figure>\n<figure id=\"attachment_7981\" aria-describedby=\"caption-attachment-7981\" style=\"width: 750px\" class=\"wp-caption aligncenter\"><a href=\"http:\/\/www.polisrecreio.com.br\/site\/wp-content\/uploads\/2017\/11\/1carlosluz.jpg\"><img loading=\"lazy\" class=\"size-full wp-image-7981\" src=\"http:\/\/www.polisrecreio.com.br\/site\/wp-content\/uploads\/2017\/11\/1carlosluz.jpg\" alt=\"Equipe da Prefeitura na Escola.\" width=\"750\" height=\"500\" srcset=\"https:\/\/www.polisrecreio.com.br\/site\/wp-content\/uploads\/2017\/11\/1carlosluz.jpg 750w, https:\/\/www.polisrecreio.com.br\/site\/wp-content\/uploads\/2017\/11\/1carlosluz-300x200.jpg 300w\" sizes=\"(max-width: 750px) 100vw, 750px\" \/><\/a><figcaption id=\"caption-attachment-7981\" class=\"wp-caption-text\">Equipe da Prefeitura na Escola.<\/figcaption><\/figure>\n<figure id=\"attachment_7983\" aria-describedby=\"caption-attachment-7983\" style=\"width: 750px\" class=\"wp-caption aligncenter\"><a href=\"http:\/\/www.polisrecreio.com.br\/site\/wp-content\/uploads\/2017\/11\/3carlosluz.jpg\"><img loading=\"lazy\" class=\"wp-image-7983 size-full\" src=\"http:\/\/www.polisrecreio.com.br\/site\/wp-content\/uploads\/2017\/11\/3carlosluz.jpg\" alt=\"3carlosluz\" width=\"750\" height=\"500\" srcset=\"https:\/\/www.polisrecreio.com.br\/site\/wp-content\/uploads\/2017\/11\/3carlosluz.jpg 750w, https:\/\/www.polisrecreio.com.br\/site\/wp-content\/uploads\/2017\/11\/3carlosluz-300x200.jpg 300w\" sizes=\"(max-width: 750px) 100vw, 750px\" \/><\/a><figcaption id=\"caption-attachment-7983\" class=\"wp-caption-text\">Sala sendo recuperada.<\/figcaption><\/figure>\n","protected":false},"excerpt":{"rendered":"<p>A parceria entre a E.E Presidente Carlos Luz, do distrito de Concei\u00e7\u00e3o da Boa Vista, e a Prefeitura de Recreio continua firme. Desta vez a administra\u00e7\u00e3o do prefeito Z\u00e9 Maria Barros cedeu servidores para recuperar as salas de aula da unidade de ensino que h\u00e1 anos carecia de melhorias.<\/p>\n","protected":false},"author":3,"featured_media":7982,"comment_status":"open","ping_status":"open","sticky":false,"template":"","format":"standard","meta":[],"categories":[9],"tags":[],"yoast_head":"<!-- This site is optimized with the Yoast SEO plugin v15.6.2 - https:\/\/yoast.com\/wordpress\/plugins\/seo\/ -->\n<meta name=\"robots\" content=\"index, follow, max-snippet:-1, max-image-preview:large, max-video-preview:-1\" \/>\n<link rel=\"canonical\" href=\"https:\/\/www.polisrecreio.com.br\/site\/2017\/11\/29\/parceria-entre-e-e-presidente-carlos-luz-e-prefeitura-de-recreio-continua-firme\/\" \/>\n<meta property=\"og:locale\" content=\"pt_BR\" \/>\n<meta property=\"og:type\" content=\"article\" \/>\n<meta property=\"og:title\" content=\"Parceria entre E.E Presidente Carlos Luz e Prefeitura de Recreio continua firme - P\u00f3lis Recreio\" \/>\n<meta property=\"og:description\" content=\"A parceria entre a E.E Presidente Carlos Luz, do distrito de Concei\u00e7\u00e3o da Boa Vista, e a Prefeitura de Recreio continua firme. Desta vez a administra\u00e7\u00e3o do prefeito Z\u00e9 Maria Barros cedeu servidores para recuperar as salas de aula da unidade de ensino que h\u00e1 anos carecia de melhorias.\" \/>\n<meta property=\"og:url\" content=\"https:\/\/www.polisrecreio.com.br\/site\/2017\/11\/29\/parceria-entre-e-e-presidente-carlos-luz-e-prefeitura-de-recreio-continua-firme\/\" \/>\n<meta property=\"og:site_name\" content=\"P\u00f3lis Recreio\" \/>\n<meta property=\"article:publisher\" content=\"https:\/\/www.facebook.com\/Site-P%c3%b3lis-Recreio-MG-181941708571019\/\" \/>\n<meta property=\"article:published_time\" content=\"2017-11-29T23:13:39+00:00\" \/>\n<meta property=\"article:modified_time\" content=\"2017-11-29T23:16:55+00:00\" \/>\n<meta property=\"og:image\" content=\"https:\/\/www.polisrecreio.com.br\/site\/wp-content\/uploads\/2017\/11\/2carlosluz.jpg\" \/>\n\t<meta property=\"og:image:width\" content=\"750\" \/>\n\t<meta property=\"og:image:height\" content=\"500\" \/>\n<meta name=\"twitter:card\" content=\"summary_large_image\" \/>\n<meta name=\"twitter:creator\" content=\"@PolisRecreio\" \/>\n<meta name=\"twitter:site\" content=\"@PolisRecreio\" \/>\n<meta name=\"twitter:label1\" content=\"Est. reading time\">\n\t<meta name=\"twitter:data1\" content=\"2 minutos\">\n<script type=\"application\/ld+json\" class=\"yoast-schema-graph\">{\"@context\":\"https:\/\/schema.org\",\"@graph\":[{\"@type\":\"WebSite\",\"@id\":\"https:\/\/www.polisrecreio.com.br\/site\/#website\",\"url\":\"https:\/\/www.polisrecreio.com.br\/site\/\",\"name\":\"P\\u00f3lis Recreio\",\"description\":\"\",\"potentialAction\":[{\"@type\":\"SearchAction\",\"target\":\"https:\/\/www.polisrecreio.com.br\/site\/?s={search_term_string}\",\"query-input\":\"required name=search_term_string\"}],\"inLanguage\":\"pt-BR\"},{\"@type\":\"ImageObject\",\"@id\":\"https:\/\/www.polisrecreio.com.br\/site\/2017\/11\/29\/parceria-entre-e-e-presidente-carlos-luz-e-prefeitura-de-recreio-continua-firme\/#primaryimage\",\"inLanguage\":\"pt-BR\",\"url\":\"https:\/\/www.polisrecreio.com.br\/site\/wp-content\/uploads\/2017\/11\/2carlosluz.jpg\",\"width\":750,\"height\":500,\"caption\":\"Sala de aula sendo recuperada.\"},{\"@type\":\"WebPage\",\"@id\":\"https:\/\/www.polisrecreio.com.br\/site\/2017\/11\/29\/parceria-entre-e-e-presidente-carlos-luz-e-prefeitura-de-recreio-continua-firme\/#webpage\",\"url\":\"https:\/\/www.polisrecreio.com.br\/site\/2017\/11\/29\/parceria-entre-e-e-presidente-carlos-luz-e-prefeitura-de-recreio-continua-firme\/\",\"name\":\"Parceria entre E.E Presidente Carlos Luz e Prefeitura de Recreio continua firme - P\\u00f3lis Recreio\",\"isPartOf\":{\"@id\":\"https:\/\/www.polisrecreio.com.br\/site\/#website\"},\"primaryImageOfPage\":{\"@id\":\"https:\/\/www.polisrecreio.com.br\/site\/2017\/11\/29\/parceria-entre-e-e-presidente-carlos-luz-e-prefeitura-de-recreio-continua-firme\/#primaryimage\"},\"datePublished\":\"2017-11-29T23:13:39+00:00\",\"dateModified\":\"2017-11-29T23:16:55+00:00\",\"author\":{\"@id\":\"https:\/\/www.polisrecreio.com.br\/site\/#\/schema\/person\/3363c1c78e1e28e1329d97adb387638e\"},\"inLanguage\":\"pt-BR\",\"potentialAction\":[{\"@type\":\"ReadAction\",\"target\":[\"https:\/\/www.polisrecreio.com.br\/site\/2017\/11\/29\/parceria-entre-e-e-presidente-carlos-luz-e-prefeitura-de-recreio-continua-firme\/\"]}]},{\"@type\":\"Person\",\"@id\":\"https:\/\/www.polisrecreio.com.br\/site\/#\/schema\/person\/3363c1c78e1e28e1329d97adb387638e\",\"name\":\"Leonardo Ribeiro\",\"image\":{\"@type\":\"ImageObject\",\"@id\":\"https:\/\/www.polisrecreio.com.br\/site\/#personlogo\",\"inLanguage\":\"pt-BR\",\"url\":\"https:\/\/secure.gravatar.com\/avatar\/6ba92a37d621e1a83e23710251178a12?s=96&d=mm&r=g\",\"caption\":\"Leonardo Ribeiro\"},\"sameAs\":[\"http:\/\/www.polisrecreio.com.br\"]}]}<\/script>\n<!-- \/ Yoast SEO plugin. -->","_links":{"self":[{"href":"https:\/\/www.polisrecreio.com.br\/site\/wp-json\/wp\/v2\/posts\/7980"}],"collection":[{"href":"https:\/\/www.polisrecreio.com.br\/site\/wp-json\/wp\/v2\/posts"}],"about":[{"href":"https:\/\/www.polisrecreio.com.br\/site\/wp-json\/wp\/v2\/types\/post"}],"author":[{"embeddable":true,"href":"https:\/\/www.polisrecreio.com.br\/site\/wp-json\/wp\/v2\/users\/3"}],"replies":[{"embeddable":true,"href":"https:\/\/www.polisrecreio.com.br\/site\/wp-json\/wp\/v2\/comments?post=7980"}],"version-history":[{"count":3,"href":"https:\/\/www.polisrecreio.com.br\/site\/wp-json\/wp\/v2\/posts\/7980\/revisions"}],"predecessor-version":[{"id":7988,"href":"https:\/\/www.polisrecreio.com.br\/site\/wp-json\/wp\/v2\/posts\/7980\/revisions\/7988"}],"wp:featuredmedia":[{"embeddable":true,"href":"https:\/\/www.polisrecreio.com.br\/site\/wp-json\/wp\/v2\/media\/7982"}],"wp:attachment":[{"href":"https:\/\/www.polisrecreio.com.br\/site\/wp-json\/wp\/v2\/media?parent=7980"}],"wp:term":[{"taxonomy":"category","embeddable":true,"href":"https:\/\/www.polisrecreio.com.br\/site\/wp-json\/wp\/v2\/categories?post=7980"},{"taxonomy":"post_tag","embeddable":true,"href":"https:\/\/www.polisrecreio.com.br\/site\/wp-json\/wp\/v2\/tags?post=7980"}],"curies":[{"name":"wp","href":"https:\/\/api.w.org\/{rel}","templated":true}]}}