{"id":7997,"date":"2017-11-30T20:33:52","date_gmt":"2017-11-30T23:33:52","guid":{"rendered":"http:\/\/www.polisrecreio.com.br\/site\/?p=7997"},"modified":"2017-11-30T20:33:52","modified_gmt":"2017-11-30T23:33:52","slug":"focos-positivos-do-aedes-sao-encontrados-na-area-central-de-recreio","status":"publish","type":"post","link":"https:\/\/www.polisrecreio.com.br\/site\/2017\/11\/30\/focos-positivos-do-aedes-sao-encontrados-na-area-central-de-recreio\/","title":{"rendered":"Focos positivos do Aedes s\u00e3o encontrados na \u00e1rea central de Recreio"},"content":{"rendered":"<p style=\"text-align: justify;\">A Secretaria Municipal de Sa\u00fade atrav\u00e9s da Vigil\u00e2ncia Epidemiol\u00f3gica emitiu um comunicado de alerta \u00e0 popula\u00e7\u00e3o recreiense: 3 focos positivos do Aedes aegypti foram encontrados na \u00e1rea central de Recreio. Os casos foram registrados na Rua Prefeito Jos\u00e9 Ant\u00f4nio.<\/p>\n<p style=\"text-align: justify;\"><!--more--><\/p>\n<p style=\"text-align: justify;\"><a href=\"http:\/\/www.polisrecreio.com.br\/site\/wp-content\/uploads\/2017\/11\/20160117115138_690.jpg\"><img loading=\"lazy\" class=\"aligncenter wp-image-7998\" src=\"http:\/\/www.polisrecreio.com.br\/site\/wp-content\/uploads\/2017\/11\/20160117115138_690.jpg\" alt=\"20160117115138_690\" width=\"750\" height=\"519\" srcset=\"https:\/\/www.polisrecreio.com.br\/site\/wp-content\/uploads\/2017\/11\/20160117115138_690.jpg 614w, https:\/\/www.polisrecreio.com.br\/site\/wp-content\/uploads\/2017\/11\/20160117115138_690-300x208.jpg 300w\" sizes=\"(max-width: 750px) 100vw, 750px\" \/><\/a><\/p>\n<p style=\"text-align: justify;\">Segundo a nota h\u00e1 suspeitas de focos nas Ruas, da Concei\u00e7\u00e3o, Paulino Ferreira Neto, Manoel Leite Pinho, Higino C. Ferreira, Geraldo Damasceno Ferreira, Maria M. Melido, Sargento Euber de Queiroz e Ferreira Neto.<\/p>\n<p style=\"text-align: justify;\">Al\u00e9m de transmitir a dengue, o Aedes aegypti \u00e9 o vetor da febre chikungunya e do zika v\u00edrus, al\u00e9m da febre amarela em \u00e1rea urbana.<\/p>\n<p style=\"text-align: justify;\">\u201cOs agentes de endemias t\u00eam desempenhado os servi\u00e7os constantemente, mas, precisamos do apoio da popula\u00e7\u00e3o, pois a luta contra o mosquito \u00e9 de todos\u201d, informou a secret\u00e1ria de Sa\u00fade, Gabriela Helena de Paula.<\/p>\n","protected":false},"excerpt":{"rendered":"<p>A Secretaria Municipal de Sa\u00fade atrav\u00e9s da Vigil\u00e2ncia Epidemiol\u00f3gica emitiu um comunicado de alerta \u00e0 popula\u00e7\u00e3o recreiense: 3 focos positivos do Aedes aegypti foram encontrados na \u00e1rea central de Recreio. Os casos foram registrados na Rua Prefeito Jos\u00e9 Ant\u00f4nio.<\/p>\n","protected":false},"author":3,"featured_media":7998,"comment_status":"open","ping_status":"open","sticky":false,"template":"","format":"standard","meta":[],"categories":[7],"tags":[],"yoast_head":"<!-- This site is optimized with the Yoast SEO plugin v15.6.2 - https:\/\/yoast.com\/wordpress\/plugins\/seo\/ -->\n<meta name=\"robots\" content=\"index, follow, max-snippet:-1, max-image-preview:large, max-video-preview:-1\" \/>\n<link rel=\"canonical\" href=\"https:\/\/www.polisrecreio.com.br\/site\/2017\/11\/30\/focos-positivos-do-aedes-sao-encontrados-na-area-central-de-recreio\/\" \/>\n<meta property=\"og:locale\" content=\"pt_BR\" \/>\n<meta property=\"og:type\" content=\"article\" \/>\n<meta property=\"og:title\" content=\"Focos positivos do Aedes s\u00e3o encontrados na \u00e1rea central de Recreio - P\u00f3lis Recreio\" \/>\n<meta property=\"og:description\" content=\"A Secretaria Municipal de Sa\u00fade atrav\u00e9s da Vigil\u00e2ncia Epidemiol\u00f3gica emitiu um comunicado de alerta \u00e0 popula\u00e7\u00e3o recreiense: 3 focos positivos do Aedes aegypti foram encontrados na \u00e1rea central de Recreio. Os casos foram registrados na Rua Prefeito Jos\u00e9 Ant\u00f4nio.\" \/>\n<meta property=\"og:url\" content=\"https:\/\/www.polisrecreio.com.br\/site\/2017\/11\/30\/focos-positivos-do-aedes-sao-encontrados-na-area-central-de-recreio\/\" \/>\n<meta property=\"og:site_name\" content=\"P\u00f3lis Recreio\" \/>\n<meta property=\"article:publisher\" content=\"https:\/\/www.facebook.com\/Site-P%c3%b3lis-Recreio-MG-181941708571019\/\" \/>\n<meta property=\"article:published_time\" content=\"2017-11-30T23:33:52+00:00\" \/>\n<meta property=\"og:image\" content=\"https:\/\/www.polisrecreio.com.br\/site\/wp-content\/uploads\/2017\/11\/20160117115138_690.jpg\" \/>\n\t<meta property=\"og:image:width\" content=\"614\" \/>\n\t<meta property=\"og:image:height\" content=\"425\" \/>\n<meta name=\"twitter:card\" content=\"summary_large_image\" \/>\n<meta name=\"twitter:creator\" content=\"@PolisRecreio\" \/>\n<meta name=\"twitter:site\" content=\"@PolisRecreio\" \/>\n<meta name=\"twitter:label1\" content=\"Est. reading time\">\n\t<meta name=\"twitter:data1\" content=\"1 minuto\">\n<script type=\"application\/ld+json\" class=\"yoast-schema-graph\">{\"@context\":\"https:\/\/schema.org\",\"@graph\":[{\"@type\":\"WebSite\",\"@id\":\"https:\/\/www.polisrecreio.com.br\/site\/#website\",\"url\":\"https:\/\/www.polisrecreio.com.br\/site\/\",\"name\":\"P\\u00f3lis Recreio\",\"description\":\"\",\"potentialAction\":[{\"@type\":\"SearchAction\",\"target\":\"https:\/\/www.polisrecreio.com.br\/site\/?s={search_term_string}\",\"query-input\":\"required name=search_term_string\"}],\"inLanguage\":\"pt-BR\"},{\"@type\":\"ImageObject\",\"@id\":\"https:\/\/www.polisrecreio.com.br\/site\/2017\/11\/30\/focos-positivos-do-aedes-sao-encontrados-na-area-central-de-recreio\/#primaryimage\",\"inLanguage\":\"pt-BR\",\"url\":\"https:\/\/www.polisrecreio.com.br\/site\/wp-content\/uploads\/2017\/11\/20160117115138_690.jpg\",\"width\":614,\"height\":425},{\"@type\":\"WebPage\",\"@id\":\"https:\/\/www.polisrecreio.com.br\/site\/2017\/11\/30\/focos-positivos-do-aedes-sao-encontrados-na-area-central-de-recreio\/#webpage\",\"url\":\"https:\/\/www.polisrecreio.com.br\/site\/2017\/11\/30\/focos-positivos-do-aedes-sao-encontrados-na-area-central-de-recreio\/\",\"name\":\"Focos positivos do Aedes s\\u00e3o encontrados na \\u00e1rea central de Recreio - P\\u00f3lis Recreio\",\"isPartOf\":{\"@id\":\"https:\/\/www.polisrecreio.com.br\/site\/#website\"},\"primaryImageOfPage\":{\"@id\":\"https:\/\/www.polisrecreio.com.br\/site\/2017\/11\/30\/focos-positivos-do-aedes-sao-encontrados-na-area-central-de-recreio\/#primaryimage\"},\"datePublished\":\"2017-11-30T23:33:52+00:00\",\"dateModified\":\"2017-11-30T23:33:52+00:00\",\"author\":{\"@id\":\"https:\/\/www.polisrecreio.com.br\/site\/#\/schema\/person\/3363c1c78e1e28e1329d97adb387638e\"},\"inLanguage\":\"pt-BR\",\"potentialAction\":[{\"@type\":\"ReadAction\",\"target\":[\"https:\/\/www.polisrecreio.com.br\/site\/2017\/11\/30\/focos-positivos-do-aedes-sao-encontrados-na-area-central-de-recreio\/\"]}]},{\"@type\":\"Person\",\"@id\":\"https:\/\/www.polisrecreio.com.br\/site\/#\/schema\/person\/3363c1c78e1e28e1329d97adb387638e\",\"name\":\"Leonardo Ribeiro\",\"image\":{\"@type\":\"ImageObject\",\"@id\":\"https:\/\/www.polisrecreio.com.br\/site\/#personlogo\",\"inLanguage\":\"pt-BR\",\"url\":\"https:\/\/secure.gravatar.com\/avatar\/6ba92a37d621e1a83e23710251178a12?s=96&d=mm&r=g\",\"caption\":\"Leonardo Ribeiro\"},\"sameAs\":[\"http:\/\/www.polisrecreio.com.br\"]}]}<\/script>\n<!-- \/ Yoast SEO plugin. -->","_links":{"self":[{"href":"https:\/\/www.polisrecreio.com.br\/site\/wp-json\/wp\/v2\/posts\/7997"}],"collection":[{"href":"https:\/\/www.polisrecreio.com.br\/site\/wp-json\/wp\/v2\/posts"}],"about":[{"href":"https:\/\/www.polisrecreio.com.br\/site\/wp-json\/wp\/v2\/types\/post"}],"author":[{"embeddable":true,"href":"https:\/\/www.polisrecreio.com.br\/site\/wp-json\/wp\/v2\/users\/3"}],"replies":[{"embeddable":true,"href":"https:\/\/www.polisrecreio.com.br\/site\/wp-json\/wp\/v2\/comments?post=7997"}],"version-history":[{"count":1,"href":"https:\/\/www.polisrecreio.com.br\/site\/wp-json\/wp\/v2\/posts\/7997\/revisions"}],"predecessor-version":[{"id":7999,"href":"https:\/\/www.polisrecreio.com.br\/site\/wp-json\/wp\/v2\/posts\/7997\/revisions\/7999"}],"wp:featuredmedia":[{"embeddable":true,"href":"https:\/\/www.polisrecreio.com.br\/site\/wp-json\/wp\/v2\/media\/7998"}],"wp:attachment":[{"href":"https:\/\/www.polisrecreio.com.br\/site\/wp-json\/wp\/v2\/media?parent=7997"}],"wp:term":[{"taxonomy":"category","embeddable":true,"href":"https:\/\/www.polisrecreio.com.br\/site\/wp-json\/wp\/v2\/categories?post=7997"},{"taxonomy":"post_tag","embeddable":true,"href":"https:\/\/www.polisrecreio.com.br\/site\/wp-json\/wp\/v2\/tags?post=7997"}],"curies":[{"name":"wp","href":"https:\/\/api.w.org\/{rel}","templated":true}]}}